{"id":13973,"date":"2025-10-06T11:20:08","date_gmt":"2025-10-06T11:20:08","guid":{"rendered":"https:\/\/www.europesays.com\/lv\/13973\/"},"modified":"2025-10-06T11:20:08","modified_gmt":"2025-10-06T11:20:08","slug":"arsada-nadima-treneris-pakistana-spiests-sniegt-paskaidrojumus-par-audzekna-neveiksmi-pasaules-cempionata-lente-lv","status":"publish","type":"post","link":"https:\/\/www.europesays.com\/lv\/13973\/","title":{"rendered":"Ar\u0161ada Nad\u012bma treneris Pakist\u0101n\u0101 spiests sniegt paskaidrojumus par audz\u0113k\u0146a neveiksmi Pasaules \u010dempion\u0101t\u0101\u00a0\u2014\u00a0Lente.lv"},"content":{"rendered":"<p>Treneris izsauc uz dopingu, lai attaisnotu Ar\u0161ada Nad\u012bma neveiksmi Pasaules \u010dempion\u0101t\u0101<\/p>\n<p>Pakist\u0101nas slaven\u0101 \u0161\u0137\u0113pmet\u0113ja Ar\u0161ada Nad\u012bma treneris ir non\u0101cis uzman\u012bbas centr\u0101, jo vi\u0146am n\u0101cies sniegt paskaidrojumus Pakist\u0101nas Vieglatl\u0113tikas feder\u0101cijai par audz\u0113k\u0146a negaid\u012bto izg\u0101\u0161anos nesenaj\u0101 Pasaules \u010dempion\u0101t\u0101 vieglatl\u0113tik\u0101. Lai gan Nad\u012bms ir Olimpisko sp\u0113\u013cu zelta meda\u013cas ieguv\u0113js un tiek uzskat\u012bts par vienu no pasaules lab\u0101kajiem \u0161\u0137\u0113pmet\u0113jiem, vi\u0146a sniegums \u010dempion\u0101t\u0101 neattaisnoja cer\u012bbas, radot jaut\u0101jumus par sagatavo\u0161an\u0101s procesu un sportista fizisko st\u0101vokli.<\/p>\n<p>Neveiksmes c\u0113lo\u0146i: Traumas un gatavo\u0161an\u0101s<\/p>\n<p>Pats Ar\u0161ads Nad\u012bms p\u0113c sacens\u012bb\u0101m soci\u0101laj\u0101 t\u012bkl\u0101 X (iepriek\u0161 Twitter) public\u0113ja emocion\u0101lu atvaino\u0161anos faniem, atkl\u0101jot, ka vi\u0146a sniegumu negat\u012bvi ietekm\u0113jusi jau kop\u0161 4. j\u016blija d\u012bksto\u0161\u0101 trauma. Vi\u0146\u0161 atzina, ka \u0161\u012b vesel\u012bbas probl\u0113ma b\u016btiski trauc\u0113jusi sagatavo\u0161anos un saglab\u0101jusi fizisko formu. Neskatoties uz \u0161iem sare\u017e\u0123\u012bjumiem, Nad\u012bms uzsv\u0113ra, ka devis visu iesp\u0113jamo un ir lepns, ka p\u0101rst\u0101v\u0113jis savu valsti pasaules m\u0113rog\u0101. Vi\u0146\u0161 sol\u012bja atgriezties v\u0113l sp\u0113c\u012bg\u0101ks un v\u0113l cent\u012bg\u0101k str\u0101d\u0101t, lai iepriecin\u0101tu l\u012bdzjut\u0113jus. Nad\u012bms nesen izg\u0101jis ar\u012b ce\u013cgala oper\u0101ciju, kas veikta Lielbrit\u0101nij\u0101, lai risin\u0101tu atk\u0101rtotas traumas. Sacens\u012bb\u0101s vi\u0146a lab\u0101kais metiens bija 82,75 metri, kas nebija pietiekami, lai kvalific\u0113tos fin\u0101la turpm\u0101kaj\u0101m k\u0101rt\u0101m, t\u0101d\u0113j\u0101di izbeidzot Pakist\u0101nas cer\u012bbas uz meda\u013cu.<\/p>\n<p>Savuk\u0101rt Pakist\u0101nas Vieglatl\u0113tikas feder\u0101cijas prezidents Akrams Sahi iepriek\u0161 ir paudis, ka vainojama WAPDA (Pakistan Water and Power Development Authority), kas piespiedusi Nad\u012bmu piedal\u012bties Pakist\u0101nas Nacion\u0101laj\u0101s sp\u0113l\u0113s, neskatoties uz vi\u0146a traumu. Tas rad\u012bjis papildu spriedzi un diskusijas par atbild\u012bbu sportista neveiksm\u0113.<\/p>\n<p>Feder\u0101cijas piepras\u012bt\u0101 inform\u0101cija un izmekl\u0113\u0161ana<\/p>\n<p>Pasaules \u010dempion\u0101t\u0101 Nad\u012bms ie\u0146\u0113ma 10. vietu, un p\u0113c \u0161\u012b rezult\u0101ta Vieglatl\u0113tikas feder\u0101cija piepras\u012bja paskaidrojumus no vi\u0146a trenera, k\u0101 ar\u012b no WAPDA. Zi\u0146ots, ka feder\u0101cija piepras\u012bjusi detaliz\u0113tu inform\u0101ciju par Nad\u012bma treni\u0146u procesu visa gada garum\u0101, vi\u0146a fizisko sagatavot\u012bbu un \u0101rst\u0113\u0161anu. Trenerim Salmanam Ikbalam Buttam un citiem speci\u0101listiem ir uzdots sniegt detaliz\u0113tus p\u0101rskatus par pag\u0101ju\u0161\u0101 gada notikumiem, tostarp par sportista traum\u0101m un to \u0101rst\u0113\u0161anu. Feder\u0101cija ir \u0161ok\u0113ta par Nad\u012bma neveiksmi, \u0146emot v\u0113r\u0101 vi\u0146a iepriek\u0161\u0113jos pan\u0101kumus, tostarp uzvaru Par\u012bzes Olimpiskaj\u0101s sp\u0113l\u0113s ar jaunu olimpisko rekordu (92,97 m) un Pasaules \u010dempion\u0101ta sudraba meda\u013cu 2023. gad\u0101. Ir skaidrs, ka feder\u0101cija v\u0113las noskaidrot visus apst\u0101k\u013cus, lai nov\u0113rstu l\u012bdz\u012bgas situ\u0101cijas n\u0101kotn\u0113 un nodro\u0161in\u0101tu sportistam optim\u0101lus apst\u0101k\u013cus.<\/p>\n<p>Ar\u0161ads Nad\u012bms: no Olimpisk\u0101 varo\u0146a l\u012bdz zaud\u0113t\u0101jam<\/p>\n<p>Ar\u0161ads Nad\u012bms ir iekarojis sirdis daudziem, k\u013c\u016bstot par pirmo Pakist\u0101nas vieglatl\u0113tu, kas izc\u012bn\u012bjis zelta meda\u013cu individu\u0101raj\u0101 sporta veid\u0101 Olimpiskaj\u0101s sp\u0113l\u0113s. Vi\u0146a pan\u0101kums Par\u012bz\u0113, kur vi\u0146\u0161 uzst\u0101d\u012bja jaunu olimpisko rekordu ar 92,97 metru t\u0101lu metienu, apliecin\u0101ja vi\u0146a dominanci pasaules \u0161\u0137\u0113pme\u0161an\u0101. Pirms tam vi\u0146\u0161 guvis ar\u012b sudraba meda\u013cu 2023. gada Pasaules \u010dempion\u0101t\u0101 un zelta meda\u013cu 2022. gada Sadraudz\u012bbas sp\u0113l\u0113s. \u0160\u012b p\u0113d\u0113j\u0101 neveiksme Pasaules \u010dempion\u0101t\u0101 ir rad\u012bjusi vil\u0161anos gan sportistam, gan vi\u0146a atbalst\u012bt\u0101jiem, ta\u010du vi\u0146a god\u012bg\u0101 atz\u012b\u0161an\u0101s par traum\u0101m un sol\u012bjums atgriezties stipr\u0101kam dod cer\u012bbu uz spo\u017eu n\u0101kotni. \u0160\u012b situacija uzsver gan augst\u0101k\u0101 l\u012bme\u0146a sporta fizisko un ment\u0101lo spriedzi, gan milz\u012bg\u0101s cer\u012bbas, kas tiek liktas uz izcilajiem sportistiem.<\/p>\n<p>N\u0101kotnes perspekt\u012bvas un Feder\u0101cijas r\u012bc\u012bba<\/p>\n<p>Vieglatl\u0113tikas feder\u0101cija ir ap\u0146\u0113musies r\u016bp\u012bgi izmekl\u0113t \u0161o gad\u012bjumu, lai saprastu visus faktorus, kas novedu\u0161i pie Nad\u012bma neveiksmes. Ir piepras\u012btas atskaites par vi\u0146a treni\u0146iem, rehabilit\u0101ciju un medic\u012bnisko apr\u016bpi. \u0160\u012b pieeja liecina par feder\u0101cijas v\u0113lmi nodro\u0161in\u0101t sportistiem lab\u0101kos iesp\u0113jamos apst\u0101k\u013cus un nov\u0113rst turpm\u0101kus p\u0101rk\u0101pumus vai k\u013c\u016bdas sagatavo\u0161an\u0101s proces\u0101. Lai gan Ar\u0161ads Nad\u012bms pagaid\u0101m ir spiests izskaidroties par savu sniegumu, vi\u0146a ap\u0146\u0113m\u012bba un talants liecina, ka vi\u0146\u0161 sp\u0113s p\u0101rvar\u0113t \u0161o gr\u016bto posmu un atgriezties ar jaunu sparu.<\/p>\n","protected":false},"excerpt":{"rendered":"Treneris izsauc uz dopingu, lai attaisnotu Ar\u0161ada Nad\u012bma neveiksmi Pasaules \u010dempion\u0101t\u0101 Pakist\u0101nas slaven\u0101 \u0161\u0137\u0113pmet\u0113ja Ar\u0161ada Nad\u012bma treneris ir&hellip;\n","protected":false},"author":2,"featured_media":13974,"comment_status":"","ping_status":"","sticky":false,"template":"","format":"standard","meta":{"footnotes":""},"categories":[17],"tags":[5002,35,39,38,36,37,34,40,5003,388,2396,67,1673],"class_list":{"0":"post-13973","1":"post","2":"type-post","3":"status-publish","4":"format-standard","5":"has-post-thumbnail","7":"category-sports","8":"tag-arsads-nadims","9":"tag-latvia","10":"tag-latvian","11":"tag-latviesu","12":"tag-latviesu-valoda","13":"tag-latviesuvaloda","14":"tag-latvija","15":"tag-lv","16":"tag-pakistanas-vieglatletikas-federacija","17":"tag-pasaules-cempionats-vieglatletika","18":"tag-skepmesana","19":"tag-sports","20":"tag-traumas"},"share_on_mastodon":{"url":"","error":""},"_links":{"self":[{"href":"https:\/\/www.europesays.com\/lv\/wp-json\/wp\/v2\/posts\/13973","targetHints":{"allow":["GET"]}}],"collection":[{"href":"https:\/\/www.europesays.com\/lv\/wp-json\/wp\/v2\/posts"}],"about":[{"href":"https:\/\/www.europesays.com\/lv\/wp-json\/wp\/v2\/types\/post"}],"author":[{"embeddable":true,"href":"https:\/\/www.europesays.com\/lv\/wp-json\/wp\/v2\/users\/2"}],"replies":[{"embeddable":true,"href":"https:\/\/www.europesays.com\/lv\/wp-json\/wp\/v2\/comments?post=13973"}],"version-history":[{"count":0,"href":"https:\/\/www.europesays.com\/lv\/wp-json\/wp\/v2\/posts\/13973\/revisions"}],"wp:featuredmedia":[{"embeddable":true,"href":"https:\/\/www.europesays.com\/lv\/wp-json\/wp\/v2\/media\/13974"}],"wp:attachment":[{"href":"https:\/\/www.europesays.com\/lv\/wp-json\/wp\/v2\/media?parent=13973"}],"wp:term":[{"taxonomy":"category","embeddable":true,"href":"https:\/\/www.europesays.com\/lv\/wp-json\/wp\/v2\/categories?post=13973"},{"taxonomy":"post_tag","embeddable":true,"href":"https:\/\/www.europesays.com\/lv\/wp-json\/wp\/v2\/tags?post=13973"}],"curies":[{"name":"wp","href":"https:\/\/api.w.org\/{rel}","templated":true}]}}