{"id":13977,"date":"2025-10-06T11:24:09","date_gmt":"2025-10-06T11:24:09","guid":{"rendered":"https:\/\/www.europesays.com\/lv\/13977\/"},"modified":"2025-10-06T11:24:09","modified_gmt":"2025-10-06T11:24:09","slug":"jaunas-skolas-ekas-buvnieciba-adazos-iegulda-vairakus-miljonus-eiro","status":"publish","type":"post","link":"https:\/\/www.europesays.com\/lv\/13977\/","title":{"rendered":"Jaunas skolas \u0113kas b\u016bvniec\u012bb\u0101 \u0100da\u017eos iegulda vair\u0101kus miljonus eiro"},"content":{"rendered":"<p>Tostarp 3,5 miljonus nodro\u0161ina &#8220;BluOr Bank&#8221; aizdevums ar &#8220;Att\u012bst\u012bbas finan\u0161u instit\u016bcijas &#8220;Altum&#8221;&#8221; garantiju, bet p\u0101r\u0113jo summu skola sedz no saviem l\u012bdzek\u013ciem, ziedojumiem un d\u0101vin\u0101jumiem.<\/p>\n<p>Jaun\u0101 <a href=\"https:\/\/www.tvnet.lv\/term\/575239\/skolas\" class=\"topicLink\" target=\"_blank\" rel=\"nofollow noopener\">skolas<\/a> \u0113ka tiek b\u016bv\u0113ta Skolas iel\u0101 21, turpat, kur skola atrodas jau \u0161obr\u012bd. Patlaban m\u0101c\u012bbu process tiek organiz\u0113ts vair\u0101k\u0101s \u0113k\u0101s &#8211; tr\u012bs m\u0101c\u012bbu korpusos, nesen uzceltaj\u0101 sporta z\u0101l\u0113 un nom\u0101tajos p\u0101rvietojamajos modu\u013cos, kas jau s\u0101kotn\u0113ji bija iecer\u0113ti k\u0101 pagaidu risin\u0101jums.<\/p>\n<p>D\u0101vidsone nor\u0101da, ka modu\u013ci ir gan energoneefekt\u012bvi, gan nepraktiski, t\u0101p\u0113c jaun\u0101 divst\u0101vu A klases energoefekt\u012bv\u0101 \u0113ka 2000 kvadr\u0101tmetru plat\u012bb\u0101 \u013caus skolai samazin\u0101t uztur\u0113\u0161anas izmaksas un rad\u012bt dro\u0161u, m\u016bsdien\u012bgu un rado\u0161u vidi skol\u0113niem un pedagogiem.<\/p>\n<p>Jaunuzcelt\u0101s skolas telp\u0101s atrad\u012bsies ar\u012b vair\u0101kas modernas \u0137\u012bmijas un fizikas laboratorijas, kas \u013caus skolai v\u0113l vair\u0101k att\u012bst\u012bt STEM un STEAM izgl\u012bt\u012bbas virzienus.<\/p>\n<p>Projekta b\u016bvniec\u012bbu \u012bsteno SIA &#8220;Ar\u010ders&#8221;, projektu izstr\u0101d\u0101ja arhitektu birojs &#8220;Made&#8221; Mi\u0137e\u013ca Putr\u0101ma vad\u012bb\u0101, savuk\u0101rt b\u016bvuzraudz\u012bbu nodro\u0161ina SIA &#8220;Samners&#8221;. B\u016bvdarbi jau ir s\u0101ku\u0161ies, un jauno skolas \u0113ku pl\u0101nots pabeigt l\u012bdz 2026.gada beig\u0101m. 2026.\/2027.m\u0101c\u012bbu gada laik\u0101 skol\u0113ni var\u0113s p\u0101rcelties, lai m\u0101c\u012bbu process norit\u0113tu modern\u0101 un ilgtsp\u0113j\u012bg\u0101 vid\u0113.<\/p>\n","protected":false},"excerpt":{"rendered":"Tostarp 3,5 miljonus nodro\u0161ina &#8220;BluOr Bank&#8221; aizdevums ar &#8220;Att\u012bst\u012bbas finan\u0161u instit\u016bcijas &#8220;Altum&#8221;&#8221; garantiju, bet p\u0101r\u0113jo summu skola sedz&hellip;\n","protected":false},"author":2,"featured_media":13978,"comment_status":"","ping_status":"","sticky":false,"template":"","format":"standard","meta":{"footnotes":""},"categories":[5],"tags":[639,23,28,29,634,32,33,22,30,31,35,39,38,36,37,34,40,20,26,27,5004,1913,24,25,21],"class_list":{"0":"post-13977","1":"post","2":"type-post","3":"status-publish","4":"format-standard","5":"has-post-thumbnail","7":"category-aktualitates","8":"tag-adazi","9":"tag-aktualitates","10":"tag-breaking-news","11":"tag-breakingnews","12":"tag-buvnieciba","13":"tag-featured-news","14":"tag-featurednews","15":"tag-headlines","16":"tag-latest-news","17":"tag-latestnews","18":"tag-latvia","19":"tag-latvian","20":"tag-latviesu","21":"tag-latviesu-valoda","22":"tag-latviesuvaloda","23":"tag-latvija","24":"tag-lv","25":"tag-news","26":"tag-popularakas-zinas","27":"tag-popularakaszinas","28":"tag-skolas","29":"tag-skolas-un-izglitiba","30":"tag-top-stories","31":"tag-topstories","32":"tag-zinas"},"share_on_mastodon":{"url":"","error":""},"_links":{"self":[{"href":"https:\/\/www.europesays.com\/lv\/wp-json\/wp\/v2\/posts\/13977","targetHints":{"allow":["GET"]}}],"collection":[{"href":"https:\/\/www.europesays.com\/lv\/wp-json\/wp\/v2\/posts"}],"about":[{"href":"https:\/\/www.europesays.com\/lv\/wp-json\/wp\/v2\/types\/post"}],"author":[{"embeddable":true,"href":"https:\/\/www.europesays.com\/lv\/wp-json\/wp\/v2\/users\/2"}],"replies":[{"embeddable":true,"href":"https:\/\/www.europesays.com\/lv\/wp-json\/wp\/v2\/comments?post=13977"}],"version-history":[{"count":0,"href":"https:\/\/www.europesays.com\/lv\/wp-json\/wp\/v2\/posts\/13977\/revisions"}],"wp:featuredmedia":[{"embeddable":true,"href":"https:\/\/www.europesays.com\/lv\/wp-json\/wp\/v2\/media\/13978"}],"wp:attachment":[{"href":"https:\/\/www.europesays.com\/lv\/wp-json\/wp\/v2\/media?parent=13977"}],"wp:term":[{"taxonomy":"category","embeddable":true,"href":"https:\/\/www.europesays.com\/lv\/wp-json\/wp\/v2\/categories?post=13977"},{"taxonomy":"post_tag","embeddable":true,"href":"https:\/\/www.europesays.com\/lv\/wp-json\/wp\/v2\/tags?post=13977"}],"curies":[{"name":"wp","href":"https:\/\/api.w.org\/{rel}","templated":true}]}}