{"id":13998,"date":"2025-10-06T11:37:07","date_gmt":"2025-10-06T11:37:07","guid":{"rendered":"https:\/\/www.europesays.com\/lv\/13998\/"},"modified":"2025-10-06T11:37:07","modified_gmt":"2025-10-06T11:37:07","slug":"nairas-kosjanas-personiska-izstade-par-skaistuma-standartiem-un-sevis-pienemsanu","status":"publish","type":"post","link":"https:\/\/www.europesays.com\/lv\/13998\/","title":{"rendered":"Nairas Kosjanas personisk\u0101 izst\u0101de par skaistuma standartiem un sevis pie\u0146em\u0161anu"},"content":{"rendered":"<p><a href=\"https:\/\/www.tvnet.lv\/term\/555922\/izstades\" class=\"topicLink\" target=\"_blank\" rel=\"nofollow noopener\">Izst\u0101des<\/a> m\u0113r\u0137is ir iedro\u0161in\u0101t sabiedr\u012bbu p\u0101rdom\u0101t skaistuma standartus un redz\u0113t v\u0113rt\u012bbu katr\u0101 cilv\u0113k\u0101, neatkar\u012bgi no vi\u0146a \u0137erme\u0146a form\u0101m, r\u0113t\u0101m vai cit\u0101m \u012bpa\u0161\u012bb\u0101m, ko sabiedr\u012bba nereti uzskata par ide\u0101liem neatbilsto\u0161u. Izst\u0101de ir pieejama bez maksas l\u012bdz 2025. gada 18. oktobrim, un fotogr\u0101fij\u0101s redzamie st\u0101sti jau piesaist\u012bju\u0161i pla\u0161u sabiedr\u012bbas interesi soci\u0101lajos t\u012bklos un medijos, radot diskusiju par \u0137erme\u0146a pie\u0146em\u0161anu, daudzveid\u012bbu un est\u0113tikas standartiem m\u016bsdienu sabiedr\u012bb\u0101.<\/p>\n<p>\u201c\u0160is projekts ir \u013coti personisks. K\u0101 arm\u0113niete, kas augusi Latvij\u0101, es saskaros ar pieder\u012bbas un identit\u0101tes izaicin\u0101jumiem. Tas man iem\u0101c\u012bja redz\u0113t skaistumu tur, kur sabiedr\u012bba to bie\u017ei nepamana. Izst\u0101d\u0113 es par\u0101du, ka m\u016bsu \u012bpatn\u012bbas un tr\u016bkumi \u2014 tie\u0161i tie padara m\u016bs unik\u0101lus,\u201d st\u0101sta Naira Kosjana. Izst\u0101dei fotogr\u0101fe str\u0101d\u0101ja ar 26 dal\u012bbniekiem, katrs no tiem atkl\u0101ja savu personisko pieredzi un to \u0137erme\u0146a da\u013cu vai \u012bpa\u0161\u012bbu, ko ilgsto\u0161i uzskat\u012bjis par nepiln\u012bbu, \u2014 no r\u0113t\u0101m un \u0137erme\u0146a form\u0101m l\u012bdz matu strukt\u016brai un citiem individu\u0101liem aspektiem. Katrs portrets veidots minim\u0101listisk\u0101 vid\u0113, lai skat\u012bt\u0101js var\u0113tu piln\u012bb\u0101 koncentr\u0113ties uz cilv\u0113ka st\u0101stu un emocion\u0101lo dzi\u013cumu, un projekta dal\u012bbnieki caur fotogr\u0101fiju dal\u012bju\u0161ies pieredz\u0113, kas bie\u017ei saist\u012bta ar soci\u0101lo spiedienu un nev\u0113lam\u0101m piez\u012bm\u0113m no apk\u0101rt\u0113jiem, k\u0101 ar\u012b ar ilgsto\u0161u c\u012b\u0146u par sevis pie\u0146em\u0161anu. Fotogr\u0101fijas dokument\u0113ju\u0161as ne tikai \u0137erme\u0146a vizu\u0101l\u0101s \u012bpatn\u012bbas, bet ar\u012b drosmi b\u016bt redzamam, b\u016bt autentiskam un uzdro\u0161in\u0101ties dal\u012bties ar sav\u0101m ievainojam\u012bb\u0101m.<\/p>\n","protected":false},"excerpt":{"rendered":"Izst\u0101des m\u0113r\u0137is ir iedro\u0161in\u0101t sabiedr\u012bbu p\u0101rdom\u0101t skaistuma standartus un redz\u0113t v\u0113rt\u012bbu katr\u0101 cilv\u0113k\u0101, neatkar\u012bgi no vi\u0146a \u0137erme\u0146a form\u0101m,&hellip;\n","protected":false},"author":2,"featured_media":13999,"comment_status":"","ping_status":"","sticky":false,"template":"","format":"standard","meta":{"footnotes":""},"categories":[19],"tags":[2435,89,90,2429,35,39,38,36,37,34,40,2436,2434],"class_list":{"0":"post-13998","1":"post","2":"type-post","3":"status-publish","4":"format-standard","5":"has-post-thumbnail","7":"category-izklaide","8":"tag-dabas-skaistums","9":"tag-entertainment","10":"tag-izklaide","11":"tag-izstades","12":"tag-latvia","13":"tag-latvian","14":"tag-latviesu","15":"tag-latviesu-valoda","16":"tag-latviesuvaloda","17":"tag-latvija","18":"tag-lv","19":"tag-maksligais-skaistums","20":"tag-skaistums"},"share_on_mastodon":{"url":"","error":""},"_links":{"self":[{"href":"https:\/\/www.europesays.com\/lv\/wp-json\/wp\/v2\/posts\/13998","targetHints":{"allow":["GET"]}}],"collection":[{"href":"https:\/\/www.europesays.com\/lv\/wp-json\/wp\/v2\/posts"}],"about":[{"href":"https:\/\/www.europesays.com\/lv\/wp-json\/wp\/v2\/types\/post"}],"author":[{"embeddable":true,"href":"https:\/\/www.europesays.com\/lv\/wp-json\/wp\/v2\/users\/2"}],"replies":[{"embeddable":true,"href":"https:\/\/www.europesays.com\/lv\/wp-json\/wp\/v2\/comments?post=13998"}],"version-history":[{"count":0,"href":"https:\/\/www.europesays.com\/lv\/wp-json\/wp\/v2\/posts\/13998\/revisions"}],"wp:featuredmedia":[{"embeddable":true,"href":"https:\/\/www.europesays.com\/lv\/wp-json\/wp\/v2\/media\/13999"}],"wp:attachment":[{"href":"https:\/\/www.europesays.com\/lv\/wp-json\/wp\/v2\/media?parent=13998"}],"wp:term":[{"taxonomy":"category","embeddable":true,"href":"https:\/\/www.europesays.com\/lv\/wp-json\/wp\/v2\/categories?post=13998"},{"taxonomy":"post_tag","embeddable":true,"href":"https:\/\/www.europesays.com\/lv\/wp-json\/wp\/v2\/tags?post=13998"}],"curies":[{"name":"wp","href":"https:\/\/api.w.org\/{rel}","templated":true}]}}