{"id":14056,"date":"2025-10-06T12:42:09","date_gmt":"2025-10-06T12:42:09","guid":{"rendered":"https:\/\/www.europesays.com\/lv\/14056\/"},"modified":"2025-10-06T12:42:09","modified_gmt":"2025-10-06T12:42:09","slug":"krievija-apdraud-civilas-aviacijas-drosibu-atzinusi-icao-asambleja","status":"publish","type":"post","link":"https:\/\/www.europesays.com\/lv\/14056\/","title":{"rendered":"Krievija apdraud civil\u0101s avi\u0101cijas dro\u0161\u012bbu, atzinusi ICAO Asambleja"},"content":{"rendered":"<p>Lai saglab\u0101tu augstu civil\u0101s avi\u0101cijas dro\u0161umu attiec\u012bb\u0101 uz GNSS trauc\u0113jumiem, ICAO Asambleja atzina, ka ir svar\u012bgi veicin\u0101t \u0161o tehnisko sist\u0113mu notur\u012bbu radiofrekven\u010du vid\u0113, aicinot aeronavig\u0101cijas apr\u012bkojuma ra\u017eot\u0101jus pa\u0101trin\u0101t atbilsto\u0161i notur\u012bga apr\u012bkojuma ra\u017eo\u0161anu, standartiz\u0113tas radio frazeolo\u0123ijas izstr\u0101di sazi\u0146ai radiosakaros par GNSS trauc\u0113jumiem, k\u0101 ar\u012b veicin\u0101t ICAO dal\u012bbvalstis izv\u0113rt\u0113t un izveidot minim\u0101lo operacion\u0101lo aeronavig\u0101cijas t\u012bklu, kas neb\u016btu atkar\u012bgs no satel\u012btnavig\u0101cijas.<\/p>\n<p>Savuk\u0101rt Satiksmes ministrijas (SM) p\u0101rst\u0101vji a\u0123ent\u016bru LETA inform\u0113, ka ICAO Asamblejas 42.sesij\u0101 Latvija atbalst\u012bja glob\u0101l\u0101s avi\u0101cijas nozares att\u012bst\u012bbas priorit\u0101tes un iest\u0101j\u0101s par to, lai starptautiskie l\u0113mumi stiprin\u0101tu savienojam\u012bbu, tiktu \u012bstenoti iepriek\u0161 pan\u0101ktie vides m\u0113r\u0137i un visas ICAO dal\u012bbvalstis garant\u0113tu civil\u0101s avi\u0101cijas dro\u0161\u012bbu.<\/p>\n<p>Latvijas deleg\u0101cijas vad\u012bt\u0101ja, SM valsts sekret\u0101ra vietniece El\u012bna \u0160imi\u0146a-Neverovska nor\u0101da, ka ICAO Asambleja ir b\u016btisks starptautisk\u0101s avi\u0101cijas sadarb\u012bbas \u012bsteno\u0161anas form\u0101ts, kur tiek pie\u0146emti l\u0113mumi, kas ietekm\u0113 glob\u0101l\u0101s avi\u0101cijas att\u012bst\u012bbu n\u0101kamajiem gadiem.<\/p>\n<p>&#8220;Mums svar\u012bgo jaut\u0101jumu koordin\u0101cija ar Eiropas valst\u012bm stiprina kop\u012bgu redz\u0113jumu par avi\u0101cijas priorit\u0101t\u0113m, k\u0101 ar\u012b \u013cauj uzsv\u0113rt nacion\u0101l\u0101s intereses, \u012bpa\u0161i saist\u012bb\u0101 ar Eiropas re\u0123ionu avi\u0101cijas savienojam\u012bbas un gaisa telpas dro\u0161\u012bbas aspektiem,&#8221; pau\u017e \u0160imi\u0146a-Neverovska.<\/p>\n<p>Izskatot vair\u0101kus citus ES valstu iesniegtos darba dokumentus, ICAO Asamblej\u0101 tika uzsv\u0113rts, ka ir svar\u012bgi veicin\u0101t satel\u012btnavig\u0101cijas tehnisko notur\u012bbu, aicinot aeronavig\u0101cijas apr\u012bkojuma ra\u017eot\u0101jus pa\u0101trin\u0101t notur\u012bga apr\u012bkojuma ra\u017eo\u0161anu, nodro\u0161in\u0101t standartiz\u0113tas radio frazeolo\u0123ijas izstr\u0101di sazi\u0146ai lidojumu laik\u0101 par GNSS trauc\u0113jumiem, k\u0101 ar\u012b mudin\u0101t ICAO dal\u012bbvalstis papla\u0161in\u0101t aeronavig\u0101cijas iek\u0101rtu t\u012bklu, kas neb\u016btu atkar\u012bgs no satel\u012btnavig\u0101cijas.<\/p>\n","protected":false},"excerpt":{"rendered":"Lai saglab\u0101tu augstu civil\u0101s avi\u0101cijas dro\u0161umu attiec\u012bb\u0101 uz GNSS trauc\u0113jumiem, ICAO Asambleja atzina, ka ir svar\u012bgi veicin\u0101t \u0161o&hellip;\n","protected":false},"author":2,"featured_media":14057,"comment_status":"","ping_status":"","sticky":false,"template":"","format":"standard","meta":{"footnotes":""},"categories":[5],"tags":[23,1807,1805,28,29,5025,32,33,22,234,30,31,35,39,38,36,37,34,40,20,26,27,24,25,21],"class_list":{"0":"post-14056","1":"post","2":"type-post","3":"status-publish","4":"format-standard","5":"has-post-thumbnail","7":"category-aktualitates","8":"tag-aktualitates","9":"tag-avioindustrija","10":"tag-aviotransports","11":"tag-breaking-news","12":"tag-breakingnews","13":"tag-civilas-aviacijas-agentura","14":"tag-featured-news","15":"tag-featurednews","16":"tag-headlines","17":"tag-krievija","18":"tag-latest-news","19":"tag-latestnews","20":"tag-latvia","21":"tag-latvian","22":"tag-latviesu","23":"tag-latviesu-valoda","24":"tag-latviesuvaloda","25":"tag-latvija","26":"tag-lv","27":"tag-news","28":"tag-popularakas-zinas","29":"tag-popularakaszinas","30":"tag-top-stories","31":"tag-topstories","32":"tag-zinas"},"share_on_mastodon":{"url":"","error":""},"_links":{"self":[{"href":"https:\/\/www.europesays.com\/lv\/wp-json\/wp\/v2\/posts\/14056","targetHints":{"allow":["GET"]}}],"collection":[{"href":"https:\/\/www.europesays.com\/lv\/wp-json\/wp\/v2\/posts"}],"about":[{"href":"https:\/\/www.europesays.com\/lv\/wp-json\/wp\/v2\/types\/post"}],"author":[{"embeddable":true,"href":"https:\/\/www.europesays.com\/lv\/wp-json\/wp\/v2\/users\/2"}],"replies":[{"embeddable":true,"href":"https:\/\/www.europesays.com\/lv\/wp-json\/wp\/v2\/comments?post=14056"}],"version-history":[{"count":0,"href":"https:\/\/www.europesays.com\/lv\/wp-json\/wp\/v2\/posts\/14056\/revisions"}],"wp:featuredmedia":[{"embeddable":true,"href":"https:\/\/www.europesays.com\/lv\/wp-json\/wp\/v2\/media\/14057"}],"wp:attachment":[{"href":"https:\/\/www.europesays.com\/lv\/wp-json\/wp\/v2\/media?parent=14056"}],"wp:term":[{"taxonomy":"category","embeddable":true,"href":"https:\/\/www.europesays.com\/lv\/wp-json\/wp\/v2\/categories?post=14056"},{"taxonomy":"post_tag","embeddable":true,"href":"https:\/\/www.europesays.com\/lv\/wp-json\/wp\/v2\/tags?post=14056"}],"curies":[{"name":"wp","href":"https:\/\/api.w.org\/{rel}","templated":true}]}}