{"id":140668,"date":"2026-02-26T13:14:07","date_gmt":"2026-02-26T13:14:07","guid":{"rendered":"https:\/\/www.europesays.com\/lv\/140668\/"},"modified":"2026-02-26T13:14:07","modified_gmt":"2026-02-26T13:14:07","slug":"zeneva-atsakas-iranas-un-asv-kodolsarunas","status":"publish","type":"post","link":"https:\/\/www.europesays.com\/lv\/140668\/","title":{"rendered":"\u017den\u0113v\u0101 ats\u0101kas Ir\u0101nas un ASV kodolsarunas"},"content":{"rendered":"<p>\u0160ogad \u0161\u012b ir jau tre\u0161\u0101 netie\u0161o sarunu k\u0101rta.<\/p>\n<p>Abu pu\u0161u p\u0101rst\u0101vji ierad\u0101s Om\u0101nas rezidenc\u0113 \u017den\u0113v\u0101, un sarunas s\u0101k\u0101s plkst. 10, v\u0113sta Ir\u0101nas valsts zi\u0146u a\u0123ent\u016bra IRNA.<\/p>\n<p>T\u0101pat k\u0101 iepriek\u0161\u0113j\u0101s k\u0101rt\u0101s k\u0101 vidut\u0101js darboj\u0101s Om\u0101nas \u0101rlietu ministrs Badrs al Busaidi.<\/p>\n<p>No Ir\u0101nas puses sarunas risina \u0101rlietu ministra Abasa Arag\u010di vad\u012bt\u0101 deleg\u0101cija, savuk\u0101rt <a href=\"https:\/\/www.tvnet.lv\/term\/555410\/asv\" class=\"topicLink\" target=\"_blank\" rel=\"nofollow noopener\">ASV<\/a> p\u0101rst\u0101v Savienoto Valstu prezidenta Donalda Trampa \u012bpa\u0161ais s\u016btnis St\u012bvs Vitkofs un Trampa znots D\u017eareds Ku\u0161ners.<\/p>\n<p>Om\u0101nas ministrs raksturoja sarunu dal\u012bbniekus k\u0101 ap\u0146\u0113m\u012bgus, bet atmosf\u0113ru k\u0101 konstrukt\u012bvu.<\/p>\n<p>Piedal\u0101s ar\u012b Starptautisk\u0101s Atomener\u0123ijas a\u0123ent\u016bras vad\u012bt\u0101js Rafaels Grosi. Pag\u0101ju\u0161aj\u0101 ned\u0113\u013c\u0101 vi\u0146am bija sagatavo\u0161an\u0101s sarunas ar Arag\u010di.<\/p>\n<p>Sarunas ir da\u013ca no ASV un to Rietumu sabiedroto centieniem nepie\u013caut, kaTeher\u0101na izstr\u0101d\u0101 kodoliero\u010dus.<\/p>\n<p><a href=\"https:\/\/www.tvnet.lv\/term\/555447\/irana\" class=\"topicLink\" target=\"_blank\" rel=\"nofollow noopener\">Ir\u0101na<\/a> noliedz, ka censtos \u012bstenot \u0161\u0101das amb\u012bcijas, un uzst\u0101j, ka t\u0101s kodolprogramma ir civila rakstura, ta\u010du ir paudusi gatav\u012bbu pie\u0146emt ierobe\u017eojumus, ar\u012b ierobe\u017eot ur\u0101na bag\u0101tin\u0101\u0161anu l\u012bdz zemam l\u012bmenim, par ko iepriek\u0161 tika pan\u0101kta vieno\u0161an\u0101s 2015. gada starptautisk\u0101 kodolpakta ietvaros.<\/p>\n","protected":false},"excerpt":{"rendered":"\u0160ogad \u0161\u012b ir jau tre\u0161\u0101 netie\u0161o sarunu k\u0101rta. Abu pu\u0161u p\u0101rst\u0101vji ierad\u0101s Om\u0101nas rezidenc\u0113 \u017den\u0113v\u0101, un sarunas s\u0101k\u0101s&hellip;\n","protected":false},"author":2,"featured_media":140669,"comment_status":"","ping_status":"","sticky":false,"template":"","format":"standard","meta":{"footnotes":"","_share_on_mastodon":"0"},"categories":[14],"tags":[23,57,292,28,29,32,33,22,2562,28727,30,31,35,39,38,36,37,34,40,20,26,27,7239,24,25,54,55,56,30099,21,58],"class_list":["post-140668","post","type-post","status-publish","format-standard","has-post-thumbnail","category-zinas-no-arvalstim","tag-aktualitates","tag-arvalstim","tag-asv","tag-breaking-news","tag-breakingnews","tag-featured-news","tag-featurednews","tag-headlines","tag-irana","tag-kodolsarunas","tag-latest-news","tag-latestnews","tag-latvia","tag-latvian","tag-latviesu","tag-latviesu-valoda","tag-latviesuvaloda","tag-latvija","tag-lv","tag-news","tag-popularakas-zinas","tag-popularakaszinas","tag-sveice","tag-top-stories","tag-topstories","tag-world","tag-world-news","tag-worldnews","tag-zeneva","tag-zinas","tag-zinas-no-arvalstim"],"share_on_mastodon":{"url":"https:\/\/pubeurope.com\/@lv\/116137116541644435","error":""},"_links":{"self":[{"href":"https:\/\/www.europesays.com\/lv\/wp-json\/wp\/v2\/posts\/140668","targetHints":{"allow":["GET"]}}],"collection":[{"href":"https:\/\/www.europesays.com\/lv\/wp-json\/wp\/v2\/posts"}],"about":[{"href":"https:\/\/www.europesays.com\/lv\/wp-json\/wp\/v2\/types\/post"}],"author":[{"embeddable":true,"href":"https:\/\/www.europesays.com\/lv\/wp-json\/wp\/v2\/users\/2"}],"replies":[{"embeddable":true,"href":"https:\/\/www.europesays.com\/lv\/wp-json\/wp\/v2\/comments?post=140668"}],"version-history":[{"count":0,"href":"https:\/\/www.europesays.com\/lv\/wp-json\/wp\/v2\/posts\/140668\/revisions"}],"wp:featuredmedia":[{"embeddable":true,"href":"https:\/\/www.europesays.com\/lv\/wp-json\/wp\/v2\/media\/140669"}],"wp:attachment":[{"href":"https:\/\/www.europesays.com\/lv\/wp-json\/wp\/v2\/media?parent=140668"}],"wp:term":[{"taxonomy":"category","embeddable":true,"href":"https:\/\/www.europesays.com\/lv\/wp-json\/wp\/v2\/categories?post=140668"},{"taxonomy":"post_tag","embeddable":true,"href":"https:\/\/www.europesays.com\/lv\/wp-json\/wp\/v2\/tags?post=140668"}],"curies":[{"name":"wp","href":"https:\/\/api.w.org\/{rel}","templated":true}]}}