{"id":14081,"date":"2025-10-06T13:04:56","date_gmt":"2025-10-06T13:04:56","guid":{"rendered":"https:\/\/www.europesays.com\/lv\/14081\/"},"modified":"2025-10-06T13:04:56","modified_gmt":"2025-10-06T13:04:56","slug":"mistiskie-droni-nato-gaisa-telpa-rada-satraukumu-eiropa","status":"publish","type":"post","link":"https:\/\/www.europesays.com\/lv\/14081\/","title":{"rendered":"Mistiskie droni NATO gaisa telp\u0101 rada satraukumu Eirop\u0101"},"content":{"rendered":"<td height=\"100%\" valign=\"top\">\n<p>]]]]]]>]]]]>]]><br \/>\n<a name=\"top\"\/><\/p>\n<p>\t\t\t\t\t\t<a href=\"https:\/\/travelnews.lv\/?m_id=18276&amp;i_id=5&amp;pub_id=151931\" rel=\"nofollow noopener\" target=\"_blank\"><img decoding=\"async\" width=\"100%\" border=\"0\" alt=\"ICAO Asambleja: Krievija p\u0101rk\u0101pusi \u010cik\u0101gas konvenciju un apdraud civilo avi\u0101ciju\" src=\"https:\/\/www.europesays.com\/lv\/wp-content\/uploads\/2025\/10\/20230214-Lidene.jpg\"\/><\/a><\/p>\n<p>            \u00a0<br \/>\n            <a href=\"https:\/\/travelnews.lv\/?m_id=18276&amp;i_id=5&amp;pub_id=151931\" rel=\"nofollow noopener\" target=\"_blank\">ICAO Asambleja: Krievija p\u0101rk\u0101pusi \u010cik\u0101gas konvenciju un apdraud civilo avi\u0101ciju<\/a>         \t<\/p>\n<p>\t\t\t\t\t\t<a href=\"https:\/\/travelnews.lv\/?m_id=18276&amp;i_id=5&amp;pub_id=151926\" rel=\"nofollow noopener\" target=\"_blank\"><img decoding=\"async\" width=\"100%\" border=\"0\" alt=\"\u00abairBaltic\u00bb atz\u012bm\u0113 mar\u0161ruta R\u012bga-Helsinki 30 gadus\" src=\"https:\/\/www.europesays.com\/lv\/wp-content\/uploads\/2025\/10\/20240112-Baltiks.jpg\"\/><\/a><\/p>\n<p>            \u00a0<br \/>\n            <a href=\"https:\/\/travelnews.lv\/?m_id=18276&amp;i_id=5&amp;pub_id=151926\" rel=\"nofollow noopener\" target=\"_blank\">\u00abairBaltic\u00bb atz\u012bm\u0113 mar\u0161ruta R\u012bga-Helsinki 30 gadus<\/a>         \t<\/p>\n<p>\t\t\t\t\t\t<a href=\"https:\/\/travelnews.lv\/?m_id=18276&amp;i_id=5&amp;pub_id=151924\" rel=\"nofollow noopener\" target=\"_blank\"><img decoding=\"async\" width=\"100%\" border=\"0\" alt=\"DHL kampa\u0146a \u00abAs One Against Cancer\u00bb rosina r\u012bkoties \u2013 R\u012bgas lidost\u0101 6. oktobr\u012b ierodas \u012bpa\u0161a lidma\u0161\u012bna \" src=\"https:\/\/www.europesays.com\/lv\/wp-content\/uploads\/2025\/10\/20251007-Dhl.jpg\"\/><\/a><\/p>\n<p>            Latvija\u00a0<br \/>\n            <a href=\"https:\/\/travelnews.lv\/?m_id=18276&amp;i_id=5&amp;pub_id=151924\" rel=\"nofollow noopener\" target=\"_blank\">DHL kampa\u0146a \u00abAs One Against Cancer\u00bb rosina r\u012bkoties \u2013 R\u012bgas lidost\u0101 6. oktobr\u012b ierodas \u012bpa\u0161a lidma\u0161\u012bna <\/a>    <\/p>\n<p>\t\t\t\t\t\t<a href=\"https:\/\/travelnews.lv\/?m_id=18288&amp;i_id=5&amp;pub_id=151916\" rel=\"nofollow noopener\" target=\"_blank\"><img decoding=\"async\" width=\"100%\" border=\"0\" alt=\"Video intervija ar Inesi Turkupoli-Zilpuri, kura ir Bauskas TIC vad\u012bt\u0101ja\" src=\"https:\/\/www.europesays.com\/lv\/wp-content\/uploads\/2025\/10\/20251006-IneseTurkopole.jpg\"\/><\/a><\/p>\n<p>            Latvija\u00a0<br \/>\n            <a href=\"https:\/\/travelnews.lv\/?m_id=18288&amp;i_id=5&amp;pub_id=151916\" rel=\"nofollow noopener\" target=\"_blank\">Video intervija ar Inesi Turkupoli-Zilpuri, kura ir Bauskas TIC vad\u012bt\u0101ja<\/a>    <\/p>\n<p>\t\t\t\t\t\t<a href=\"https:\/\/travelnews.lv\/?m_id=18276&amp;i_id=5&amp;pub_id=151911\" rel=\"nofollow noopener\" target=\"_blank\"><img decoding=\"async\" width=\"100%\" border=\"0\" alt=\"Mistiskie droni NATO gaisa telp\u0101 rada satraukumu Eirop\u0101\" src=\"https:\/\/www.europesays.com\/lv\/wp-content\/uploads\/2025\/10\/20251006-Drons.jpg\"\/><\/a><\/p>\n<p>            \u00a0<br \/>\n            <a href=\"https:\/\/travelnews.lv\/?m_id=18276&amp;i_id=5&amp;pub_id=151911\" rel=\"nofollow noopener\" target=\"_blank\">Mistiskie droni NATO gaisa telp\u0101 rada satraukumu Eirop\u0101<\/a>    <\/p>\n<p>\t\t\tPARTNERU PIED\u0100V\u0100JUMI\t\t<\/p>\n<p>    \t<a rel=\"nofollow noopener\" href=\"http:\/\/www.visitventspils.com\/pasakums\/georgija-osokina-jauna-albuma-for-arvo-koncertprogrammas-pirmizrade\/\" target=\"_blank\" style=\"text-decoration:none\" onclick=\"ga(&#039;send&#039;, &#039;event&#039;, &#039;Pied\u0101v\u0101jumi&#039;, &#039;ClickTN&#039;, &#039;Ventspils TIC&#039;);\" wp_automatic_readability=\"2\"><img decoding=\"async\" width=\"100%\" src=\"https:\/\/www.europesays.com\/lv\/wp-content\/uploads\/2025\/10\/l_103694L82ITicqA3vySXHIzA3F5Yv5C4ewmHBSKuVCMWFe.jpg\" alt=\"G. Osokina jaun\u0101 alb\u016bma pirmizr\u0101de\" border=\"0\" onload=\"ga('send', 'event', 'Pied\u0101v\u0101jumi', 'Show', 'Ventspils TIC');\"\/><\/p>\n<p title=\"www.visitventspils.com\/pasakums\/georgija-osokina-jauna-albuma-for-arvo-koncertprogrammas-pirmizrade\/\">Ventspils TIC: G. Osokina jaun\u0101 alb\u016bma pirmizr\u0101de<\/p>\n<p><\/a><\/p>\n<p>    \t<a rel=\"nofollow noopener\" href=\"http:\/\/visit.valmiera.lv\/pasakumi\/latvijas-garsu-velas-brokastis-29\/\" target=\"_blank\" style=\"text-decoration:none\" onclick=\"ga(&#039;send&#039;, &#039;event&#039;, &#039;Pied\u0101v\u0101jumi&#039;, &#039;ClickTN&#039;, &#039;Valmieras novada T\u016brisma p\u0101rvalde&#039;);\" wp_automatic_readability=\"2\"><img decoding=\"async\" width=\"100%\" src=\"https:\/\/travelnews.lv\/images\/lastminute\/l_103746Valmiermui\u017eas_alus_virtuve (4).jpg\" alt=\"Latvijas gar\u0161u v\u0113l\u0101s brokastis\" border=\"0\" onload=\"ga('send', 'event', 'Pied\u0101v\u0101jumi', 'Show', 'Valmieras novada T\u016brisma p\u0101rvalde');\"\/><\/p>\n<p title=\"visit.valmiera.lv\/pasakumi\/latvijas-garsu-velas-brokastis-29\/\">Valmieras novada T\u016brisma p\u0101rvalde: Latvijas gar\u0161u v\u0113l\u0101s brokastis<\/p>\n<p><\/a><\/p>\n<p>    \t<a rel=\"nofollow noopener\" href=\"http:\/\/www.itaka.lv\/atputas-celojumi\/maldivas\/the-barefoot-eco-hotel,AMVMDVC5CY.html\" target=\"_blank\" style=\"text-decoration:none\" onclick=\"ga(&#039;send&#039;, &#039;event&#039;, &#039;Pied\u0101v\u0101jumi&#039;, &#039;ClickTN&#039;, &#039;Itaka Latvia&#039;);\" wp_automatic_readability=\"2\"><img decoding=\"async\" width=\"100%\" src=\"https:\/\/www.europesays.com\/lv\/wp-content\/uploads\/2025\/10\/l_103770maldives 1.jpg\" alt=\"Mald\u012bvas! Cena s\u0101kot no 1649 eur! \" border=\"0\" onload=\"ga('send', 'event', 'Pied\u0101v\u0101jumi', 'Show', 'Itaka Latvia');\"\/><\/p>\n<p title=\"www.itaka.lv\/atputas-celojumi\/maldivas\/the-barefoot-eco-hotel,AMVMDVC5CY.html\">Itaka Latvia: Mald\u012bvas! Cena s\u0101kot no 1649 eur! <\/p>\n<p><\/a><\/p>\n<p>\t\t\t\t\t\t<a href=\"https:\/\/travelnews.lv\/?m_id=18252&amp;i_id=5&amp;pub_id=151907\" rel=\"nofollow noopener\" target=\"_blank\"><img decoding=\"async\" width=\"100%\" border=\"0\" alt=\"M\u0101jas kafejn\u012bcu dien\u0101s 2025 \u2013 vair\u0101k nek\u0101 81 t\u016bkstotis apmekl\u0113t\u0101ju vis\u0101 Latvij\u0101\" src=\"https:\/\/www.europesays.com\/lv\/wp-content\/uploads\/2025\/10\/20251006-Mkd.jpg\"\/><\/a><\/p>\n<p>            Latvija\u00a0<br \/>\n            <a href=\"https:\/\/travelnews.lv\/?m_id=18252&amp;i_id=5&amp;pub_id=151907\" rel=\"nofollow noopener\" target=\"_blank\">M\u0101jas kafejn\u012bcu dien\u0101s 2025 \u2013 vair\u0101k nek\u0101 81 t\u016bkstotis apmekl\u0113t\u0101ju vis\u0101 Latvij\u0101<\/a>         \t<\/p>\n<p>\t\t\t\t\t\t<a href=\"https:\/\/travelnews.lv\/?m_id=18252&amp;i_id=5&amp;pub_id=151896\" rel=\"nofollow noopener\" target=\"_blank\"><img decoding=\"async\" width=\"100%\" border=\"0\" alt=\"Gar\u0161u pieturas Pier\u012bg\u0101\" src=\"https:\/\/www.europesays.com\/lv\/wp-content\/uploads\/2025\/10\/20251006-Exit.jpg\"\/><\/a><\/p>\n<p>            Latvija\u00a0<br \/>\n            <a href=\"https:\/\/travelnews.lv\/?m_id=18252&amp;i_id=5&amp;pub_id=151896\" rel=\"nofollow noopener\" target=\"_blank\">Gar\u0161u pieturas Pier\u012bg\u0101<\/a>         \t<\/p>\n<p>\t\t\t\t\t\t<a href=\"https:\/\/travelnews.lv\/?m_id=18312&amp;i_id=5&amp;pub_id=151910\" rel=\"nofollow noopener\" target=\"_blank\"><img decoding=\"async\" width=\"100%\" border=\"0\" alt=\"Vi\u013c\u0146a aicina uz rado\u0161\u0101m pastaig\u0101m\" src=\"https:\/\/www.europesays.com\/lv\/wp-content\/uploads\/2025\/10\/20251006-Vilnja.jpg\"\/><\/a><\/p>\n<p>            Lietuva\u00a0<br \/>\n            <a href=\"https:\/\/travelnews.lv\/?m_id=18312&amp;i_id=5&amp;pub_id=151910\" rel=\"nofollow noopener\" target=\"_blank\">Vi\u013c\u0146a aicina uz rado\u0161\u0101m pastaig\u0101m<\/a>    <\/p>\n<p>\t\t <a title=\"Nr.4 Apmekl\u0113jam Kohtla-Jerves Degakmens muzeju un \u012bpa\u0161u kult\u016bras namu no 1952.gada - Foto\" href=\"http:\/\/travelnews.lv\/foto\/?gid=12715\" target=\"_blank\" rel=\"nofollow noopener\"><img decoding=\"async\" width=\"100%\" border=\"0\" src=\"https:\/\/www.europesays.com\/lv\/wp-content\/uploads\/2025\/10\/1-83822370.jpg\" alt=\"\"\/><\/a>\t       \t<\/p>\n<p>            Igaunija\u00a0<br \/>\n            <a title=\"Nr.4 Apmekl\u0113jam Kohtla-Jerves Degakmens muzeju un \u012bpa\u0161u kult\u016bras namu no 1952.gada - Foto\" href=\"http:\/\/travelnews.lv\/foto\/?gid=12715\" target=\"_blank\" rel=\"nofollow noopener\">Nr.4 Apmekl\u0113jam Kohtla-Jerves Degakmens muzeju un \u012bpa\u0161u kult\u016bras namu no 1952.gada &#8211; Foto<\/a>    <\/p>\n<p>\t\t <a title=\"Jelgav\u0101 skat\u0101ma jaunie\u0161u ar kust\u012bbas trauc\u0113jumiem veidota fotoizst\u0101de - Foto\" href=\"http:\/\/travelnews.lv\/foto\/?gid=12718\" target=\"_blank\" rel=\"nofollow noopener\"><img decoding=\"async\" width=\"100%\" border=\"0\" src=\"https:\/\/www.europesays.com\/lv\/wp-content\/uploads\/2025\/10\/1-1294684373.jpg\" alt=\"\"\/><\/a>\t       \t<\/p>\n<p>            Latvija\u00a0<br \/>\n            <a title=\"Jelgav\u0101 skat\u0101ma jaunie\u0161u ar kust\u012bbas trauc\u0113jumiem veidota fotoizst\u0101de - Foto\" href=\"http:\/\/travelnews.lv\/foto\/?gid=12718\" target=\"_blank\" rel=\"nofollow noopener\">Jelgav\u0101 skat\u0101ma jaunie\u0161u ar kust\u012bbas trauc\u0113jumiem veidota fotoizst\u0101de &#8211; Foto<\/a>    <\/p>\n<p>\t\t\tPARTNERU PIED\u0100V\u0100JUMI\t\t<\/p>\n<p>    \t<a rel=\"nofollow noopener\" href=\"http:\/\/www.balticbeach.lv\/ipasie-piedavajumi-luksusa-davanas\/izklaides-pasakumi\/halloween-disco-party-31-10-918\" target=\"_blank\" style=\"text-decoration:none\" onclick=\"ga(&#039;send&#039;, &#039;event&#039;, &#039;Pied\u0101v\u0101jumi&#039;, &#039;ClickTN&#039;, &#039;Baltic Beach Hotel &amp; SPA&#039;);\" wp_automatic_readability=\"2\"><img decoding=\"async\" width=\"100%\" src=\"https:\/\/www.europesays.com\/lv\/wp-content\/uploads\/2025\/10\/l_103793halloween disco_travelnews.jpg\" alt=\"\u0160\u012b gada BAIS\u012aG\u0100KAIS DISKO!\" border=\"0\" onload=\"ga('send', 'event', 'Pied\u0101v\u0101jumi', 'Show', 'Baltic Beach Hotel &amp; SPA');\"\/><\/p>\n<p title=\"www.balticbeach.lv\/ipasie-piedavajumi-luksusa-davanas\/izklaides-pasakumi\/halloween-disco-party-31-10-918\">Baltic Beach Hotel &amp; SPA: \u0160\u012b gada BAIS\u012aG\u0100KAIS DISKO!<\/p>\n<p><\/a><\/p>\n<p>    \t<a rel=\"nofollow noopener\" href=\"http:\/\/visit.rezekne.lv\/objekti\/kuup\/\" target=\"_blank\" style=\"text-decoration:none\" onclick=\"ga(&#039;send&#039;, &#039;event&#039;, &#039;Pied\u0101v\u0101jumi&#039;, &#039;ClickTN&#039;, &#039;R\u0113zeknes pils\u0113tas TIC&#039;);\" wp_automatic_readability=\"2\"><img decoding=\"async\" width=\"100%\" src=\"https:\/\/www.europesays.com\/lv\/wp-content\/uploads\/2025\/10\/l_103797KUUP kafija2 (1).jpg\" alt=\"KUUP Meistarklase: Kafijas ce\u013cojums gar\u0161\u0101s\" border=\"0\" onload=\"ga('send', 'event', 'Pied\u0101v\u0101jumi', 'Show', 'R\u0113zeknes pils\u0113tas TIC');\"\/><\/p>\n<p title=\"visit.rezekne.lv\/objekti\/kuup\/\">R\u0113zeknes pils\u0113tas TIC: KUUP Meistarklase: Kafijas ce\u013cojums gar\u0161\u0101s<\/p>\n<p><\/a><\/p>\n<p>    \t<a rel=\"nofollow noopener\" href=\"http:\/\/www.dienvidkurzeme.travel\/jaunumi\/params\/post\/5145523\/durbe-svines-putras-speka-dienu\" target=\"_blank\" style=\"text-decoration:none\" onclick=\"ga(&#039;send&#039;, &#039;event&#039;, &#039;Pied\u0101v\u0101jumi&#039;, &#039;ClickTN&#039;, &#039;Dienvidkurzemes novada t\u016brisma centrs&#039;);\" wp_automatic_readability=\"2\"><img decoding=\"async\" width=\"100%\" src=\"https:\/\/www.europesays.com\/lv\/wp-content\/uploads\/2025\/10\/l_103810Putras diena Durbe Dienvidkurzeme.jpg\" alt=\"Durb\u0113 svin\u0113s Putras \u2013 sp\u0113ka dienu\" border=\"0\" onload=\"ga('send', 'event', 'Pied\u0101v\u0101jumi', 'Show', 'Dienvidkurzemes novada t\u016brisma centrs');\"\/><\/p>\n<p title=\"www.dienvidkurzeme.travel\/jaunumi\/params\/post\/5145523\/durbe-svines-putras-speka-dienu\">Dienvidkurzemes novada t\u016brisma centrs: Durb\u0113 svin\u0113s Putras \u2013 sp\u0113ka dienu<\/p>\n<p><\/a><\/p>\n<p>\t\t <a title=\"Ar jauno \u00abMG Cyberster\u00bb apce\u013cojam Turaidas muzejrezerv\u0101tu sadarb\u012bb\u0101 ar \u00abAutobrava\u00bb - Foto\" href=\"http:\/\/travelnews.lv\/foto\/?gid=12716\" target=\"_blank\" rel=\"nofollow noopener\"><img decoding=\"async\" src=\"https:\/\/www.europesays.com\/lv\/wp-content\/uploads\/2025\/10\/2-219430643.jpg\" alt=\"\" title=\"Ar jauno \u00abMG Cyberster\u00bb apce\u013cojam Turaidas muzejrezerv\u0101tu sadarb\u012bb\u0101 ar \u00abAutobrava\u00bb - Foto\" width=\"100%\" border=\"0\"\/><\/a>\t<\/p>\n<p>            Latvija\u00a0<br \/>\n            <a title=\"Ar jauno \u00abMG Cyberster\u00bb apce\u013cojam Turaidas muzejrezerv\u0101tu sadarb\u012bb\u0101 ar \u00abAutobrava\u00bb - Foto\" href=\"http:\/\/travelnews.lv\/foto\/?gid=12716\" target=\"_blank\" rel=\"nofollow noopener\">Ar jauno \u00abMG Cyberster\u00bb apce\u013cojam Turaidas muzejrezerv\u0101tu sadarb\u012bb\u0101 ar \u00abAutobrava\u00bb &#8211; Foto<\/a>         \t<\/p>\n<p>\t\t <a title=\"Nr.5 Izbaud\u0101m restor\u0101na \u00ab Toila Mereresto \u00bb viesm\u012bl\u012bbu Zieme\u013cigaunijas Toilas pludmal\u0113 - Foto\" href=\"http:\/\/travelnews.lv\/foto\/?gid=12717\" target=\"_blank\" rel=\"nofollow noopener\"><img decoding=\"async\" src=\"https:\/\/www.europesays.com\/lv\/wp-content\/uploads\/2025\/10\/1-1388638210.jpg\" alt=\"\" title=\"Nr.5 Izbaud\u0101m restor\u0101na \u00ab Toila Mereresto \u00bb viesm\u012bl\u012bbu Zieme\u013cigaunijas Toilas pludmal\u0113 - Foto\" width=\"100%\" border=\"0\"\/><\/a>\t<\/p>\n<p>            Igaunija\u00a0<br \/>\n            <a title=\"Nr.5 Izbaud\u0101m restor\u0101na \u00ab Toila Mereresto \u00bb viesm\u012bl\u012bbu Zieme\u013cigaunijas Toilas pludmal\u0113 - Foto\" href=\"http:\/\/travelnews.lv\/foto\/?gid=12717\" target=\"_blank\" rel=\"nofollow noopener\">Nr.5 Izbaud\u0101m restor\u0101na \u00ab Toila Mereresto \u00bb viesm\u012bl\u012bbu Zieme\u013cigaunijas Toilas pludmal\u0113 &#8211; Foto<\/a>         \t<\/p>\n<p>\t\t\t\t\t\t<a href=\"https:\/\/travelnews.lv\/?m_id=18526&amp;i_id=5&amp;pub_id=151900\" rel=\"nofollow noopener\" target=\"_blank\"><img decoding=\"async\" width=\"100%\" border=\"0\" alt=\"6. oktobris v\u0113stur\u0113: Dibin\u0101ta viena no sen\u0101kaj\u0101m lidsabiedr\u012bb\u0101m pasaul\u0113\" src=\"https:\/\/www.europesays.com\/lv\/wp-content\/uploads\/2025\/10\/20251006-Czechairlines.jpg\"\/><\/a><\/p>\n<p>            \u00a0<br \/>\n            <a href=\"https:\/\/travelnews.lv\/?m_id=18526&amp;i_id=5&amp;pub_id=151900\" rel=\"nofollow noopener\" target=\"_blank\">6. oktobris v\u0113stur\u0113: Dibin\u0101ta viena no sen\u0101kaj\u0101m lidsabiedr\u012bb\u0101m pasaul\u0113<\/a>    <\/p>\n<p>\t\t\t\t\t\t<a href=\"https:\/\/travelnews.lv\/?m_id=18558&amp;i_id=5&amp;pub_id=151898\" rel=\"nofollow noopener\" target=\"_blank\"><img decoding=\"async\" width=\"100%\" border=\"0\" alt=\"Rudens k\u0101piens jeb p\u0101rg\u0101jiens ar skatu uz div\u0101m valst\u012bm\" src=\"https:\/\/www.europesays.com\/lv\/wp-content\/uploads\/2025\/10\/20251006-Rudenskapiens.jpg\"\/><\/a><\/p>\n<p>            Latvija\u00a0<br \/>\n            <a href=\"https:\/\/travelnews.lv\/?m_id=18558&amp;i_id=5&amp;pub_id=151898\" rel=\"nofollow noopener\" target=\"_blank\">Rudens k\u0101piens jeb p\u0101rg\u0101jiens ar skatu uz div\u0101m valst\u012bm<\/a>    <\/p>\n<p>\t\t\t\t\t\t<a href=\"https:\/\/travelnews.lv\/?m_id=18549&amp;i_id=5&amp;pub_id=151909\" rel=\"nofollow noopener\" target=\"_blank\"><img decoding=\"async\" width=\"100%\" border=\"0\" alt=\"Sp\u0101nija atkal p\u0101rsp\u0113j t\u016brisma rekordus, neskatoties uz protestiem un p\u0101rpild\u012bt\u0101m k\u016brortpils\u0113t\u0101m\" src=\"https:\/\/www.europesays.com\/lv\/wp-content\/uploads\/2025\/10\/20251006-Spanija.jpg\"\/><\/a><\/p>\n<p>            Sp\u0101nija\u00a0<br \/>\n            <a href=\"https:\/\/travelnews.lv\/?m_id=18549&amp;i_id=5&amp;pub_id=151909\" rel=\"nofollow noopener\" target=\"_blank\">Sp\u0101nija atkal p\u0101rsp\u0113j t\u016brisma rekordus, neskatoties uz protestiem un p\u0101rpild\u012bt\u0101m k\u016brortpils\u0113t\u0101m<\/a>    <\/p>\n<p>\t\t\tPARTNERU PIED\u0100V\u0100JUMI\t\t<\/p>\n<p>    \t<a rel=\"nofollow noopener\" href=\"http:\/\/www.visitventspils.com\/activity\/bernu-pilsetina\/\" target=\"_blank\" style=\"text-decoration:none\" onclick=\"ga(&#039;send&#039;, &#039;event&#039;, &#039;Pied\u0101v\u0101jumi&#039;, &#039;ClickTN&#039;, &#039;Ventspils TIC&#039;);\" wp_automatic_readability=\"2\"><img decoding=\"async\" width=\"100%\" src=\"https:\/\/www.europesays.com\/lv\/wp-content\/uploads\/2025\/10\/l_103733Studio-555_nopirkta_BP_200920-5-1920x1280 (1).jpg\" alt=\"Katru sv\u0113tdienu pas\u0101kumi b\u0113rniem\" border=\"0\" onload=\"ga('send', 'event', 'Pied\u0101v\u0101jumi', 'Show', 'Ventspils TIC');\"\/><\/p>\n<p title=\"www.visitventspils.com\/activity\/bernu-pilsetina\/\">Ventspils TIC: Katru sv\u0113tdienu pas\u0101kumi b\u0113rniem<\/p>\n<p><\/a><\/p>\n<p>    \t<a rel=\"nofollow noopener\" href=\"http:\/\/visit.valmiera.lv\/pasakumi\/koncerts-nak-rudens-apgleznot-latviju\/\" target=\"_blank\" style=\"text-decoration:none\" onclick=\"ga(&#039;send&#039;, &#039;event&#039;, &#039;Pied\u0101v\u0101jumi&#039;, &#039;ClickTN&#039;, &#039;Valmieras novada T\u016brisma p\u0101rvalde&#039;);\" wp_automatic_readability=\"2\"><img decoding=\"async\" width=\"100%\" src=\"https:\/\/www.europesays.com\/lv\/wp-content\/uploads\/2025\/10\/l_103745EMR68354.jpg\" alt=\"Koncerts \u201cN\u0101k rudens apgleznot Latviju\u201d\" border=\"0\" onload=\"ga('send', 'event', 'Pied\u0101v\u0101jumi', 'Show', 'Valmieras novada T\u016brisma p\u0101rvalde');\"\/><\/p>\n<p title=\"visit.valmiera.lv\/pasakumi\/koncerts-nak-rudens-apgleznot-latviju\/\">Valmieras novada T\u016brisma p\u0101rvalde: Koncerts \u201cN\u0101k rudens apgleznot Latviju\u201d<\/p>\n<p><\/a><\/p>\n<p>    \t<a rel=\"nofollow noopener\" href=\"http:\/\/www.visitmadona.lv\/lv\/jaunumi?1683\" target=\"_blank\" style=\"text-decoration:none\" onclick=\"ga(&#039;send&#039;, &#039;event&#039;, &#039;Pied\u0101v\u0101jumi&#039;, &#039;ClickTN&#039;, &#039;Madonas TIC&#039;);\" wp_automatic_readability=\"2\"><img decoding=\"async\" width=\"100%\" src=\"https:\/\/www.europesays.com\/lv\/wp-content\/uploads\/2025\/10\/l_103762Atvara.jpg\" alt=\"ATVARAS koncerts Cesvaines pil\u012b\" border=\"0\" onload=\"ga('send', 'event', 'Pied\u0101v\u0101jumi', 'Show', 'Madonas TIC');\"\/><\/p>\n<p title=\"www.visitmadona.lv\/lv\/jaunumi?1683\">Madonas TIC: ATVARAS koncerts Cesvaines pil\u012b<\/p>\n<p><\/a><\/p>\n<p>\t\t\t\t\t\t<a href=\"https:\/\/travelnews.lv\/?m_id=18620&amp;i_id=5&amp;pub_id=151899\" rel=\"nofollow noopener\" target=\"_blank\"><img decoding=\"async\" width=\"100%\" border=\"0\" alt=\"\u010cehu Krumlovas v\u0113sturiskais centrs \u2013 UNESCO atz\u012bta bag\u0101t\u012bba\" src=\"https:\/\/www.europesays.com\/lv\/wp-content\/uploads\/2025\/10\/20251006-Krumlova.jpg\"\/><\/a><\/p>\n<p>            \u010cehija\u00a0<br \/>\n            <a href=\"https:\/\/travelnews.lv\/?m_id=18620&amp;i_id=5&amp;pub_id=151899\" rel=\"nofollow noopener\" target=\"_blank\">\u010cehu Krumlovas v\u0113sturiskais centrs \u2013 UNESCO atz\u012bta bag\u0101t\u012bba<\/a>         \t<\/p>\n<p>\t\t\t\t\t\t<a href=\"https:\/\/travelnews.lv\/?m_id=18276&amp;i_id=5&amp;pub_id=151908\" rel=\"nofollow noopener\" target=\"_blank\"><img decoding=\"async\" width=\"100%\" border=\"0\" alt=\"Jauns rekords: \u0136\u012bnas lidsabiedr\u012bba \u00abXiamen Air\u00bb veic pasaul\u0113 ilg\u0101ko pasa\u017eieru reisu\" src=\"https:\/\/www.europesays.com\/lv\/wp-content\/uploads\/2025\/10\/20251006-Lidene.jpg\"\/><\/a><\/p>\n<p>            \u00a0<br \/>\n            <a href=\"https:\/\/travelnews.lv\/?m_id=18276&amp;i_id=5&amp;pub_id=151908\" rel=\"nofollow noopener\" target=\"_blank\">Jauns rekords: \u0136\u012bnas lidsabiedr\u012bba \u00abXiamen Air\u00bb veic pasaul\u0113 ilg\u0101ko pasa\u017eieru reisu<\/a>         \t<\/p>\n<p>\t\t\t\t\t\t<a href=\"https:\/\/travelnews.lv\/?m_id=18570&amp;i_id=5&amp;pub_id=151897\" rel=\"nofollow noopener\" target=\"_blank\"><img decoding=\"async\" width=\"100%\" border=\"0\" alt=\"Tukuma Pils tornis aicina skol\u0113nus un interesentus uz UNESCO ned\u0113\u013cas pas\u0101kumiem\" src=\"https:\/\/www.europesays.com\/lv\/wp-content\/uploads\/2025\/10\/20251006-Tukums.jpg\"\/><\/a><\/p>\n<p>            Latvija\u00a0<br \/>\n            <a href=\"https:\/\/travelnews.lv\/?m_id=18570&amp;i_id=5&amp;pub_id=151897\" rel=\"nofollow noopener\" target=\"_blank\">Tukuma Pils tornis aicina skol\u0113nus un interesentus uz UNESCO ned\u0113\u013cas pas\u0101kumiem<\/a>    <\/p>\n<p>\t\t\t\t\t\t<a href=\"https:\/\/travelnews.lv\/?m_id=18273&amp;i_id=5&amp;pub_id=151905\" rel=\"nofollow noopener\" target=\"_blank\"><img decoding=\"async\" width=\"100%\" border=\"0\" alt=\"Auksta kafija, s\u012brupi un putukr\u0113juma kalni: k\u0101di ir latvie\u0161u kafijas pat\u0113ri\u0146a paradumi?\" src=\"https:\/\/www.europesays.com\/lv\/wp-content\/uploads\/2025\/10\/20251006-Kafija.pg.jpg\"\/><\/a><\/p>\n<p>            Latvija\u00a0<br \/>\n            <a href=\"https:\/\/travelnews.lv\/?m_id=18273&amp;i_id=5&amp;pub_id=151905\" rel=\"nofollow noopener\" target=\"_blank\">Auksta kafija, s\u012brupi un putukr\u0113juma kalni: k\u0101di ir latvie\u0161u kafijas pat\u0113ri\u0146a paradumi?<\/a>    <\/p>\n<p>\t\t\t\t\t\t<a href=\"https:\/\/travelnews.lv\/?m_id=18257&amp;i_id=5&amp;pub_id=151904\" rel=\"nofollow noopener\" target=\"_blank\"><img decoding=\"async\" width=\"100%\" border=\"0\" alt=\"Apstiprin\u0101ts dabas lieguma \u00abLiep\u0101jas ezers\u00bb dabas aizsardz\u012bbas pl\u0101ns l\u012bdz 2037. gadam\" src=\"https:\/\/www.europesays.com\/lv\/wp-content\/uploads\/2025\/10\/20251006-Liepajasezers.jpg\"\/><\/a><\/p>\n<p>            Latvija\u00a0<br \/>\n            <a href=\"https:\/\/travelnews.lv\/?m_id=18257&amp;i_id=5&amp;pub_id=151904\" rel=\"nofollow noopener\" target=\"_blank\">Apstiprin\u0101ts dabas lieguma \u00abLiep\u0101jas ezers\u00bb dabas aizsardz\u012bbas pl\u0101ns l\u012bdz 2037. gadam<\/a>    <\/p>\n<p>\t\t\tPARTNERU PIED\u0100V\u0100JUMI\t\t<\/p>\n<p>    \t<a rel=\"nofollow noopener\" href=\"http:\/\/www.balticbeach.lv\/ipasie-piedavajumi-luksusa-davanas\/izklaides-pasakumi\/hogwarts-halloween-31-10-ballite-ar-vakarinam-visai-gimenei-915\" target=\"_blank\" style=\"text-decoration:none\" onclick=\"ga(&#039;send&#039;, &#039;event&#039;, &#039;Pied\u0101v\u0101jumi&#039;, &#039;ClickTN&#039;, &#039;Baltic Beach Hotel &amp; SPA&#039;);\" wp_automatic_readability=\"2\"><img decoding=\"async\" width=\"100%\" src=\"https:\/\/www.europesays.com\/lv\/wp-content\/uploads\/2025\/10\/l_103792hogwarts_travelnews.jpg\" alt=\"Helov\u012bna piedz\u012bvojums visai \u0123imenei!\" border=\"0\" onload=\"ga('send', 'event', 'Pied\u0101v\u0101jumi', 'Show', 'Baltic Beach Hotel &amp; SPA');\"\/><\/p>\n<p title=\"www.balticbeach.lv\/ipasie-piedavajumi-luksusa-davanas\/izklaides-pasakumi\/hogwarts-halloween-31-10-ballite-ar-vakarinam-visai-gimenei-915\">Baltic Beach Hotel &amp; SPA: Helov\u012bna piedz\u012bvojums visai \u0123imenei!<\/p>\n<p><\/a><\/p>\n<p>    \t<a rel=\"nofollow noopener\" href=\"http:\/\/visit.rezekne.lv\/objekti\/gipsa-trauku-un-svecu-liesanas-darbnicas\/\" target=\"_blank\" style=\"text-decoration:none\" onclick=\"ga(&#039;send&#039;, &#039;event&#039;, &#039;Pied\u0101v\u0101jumi&#039;, &#039;ClickTN&#039;, &#039;R\u0113zeknes pils\u0113tas TIC&#039;);\" wp_automatic_readability=\"2\"><img decoding=\"async\" width=\"100%\" src=\"https:\/\/www.europesays.com\/lv\/wp-content\/uploads\/2025\/10\/l_1037959B7B97D7-CDB3-40ED-B809-DA5676D822FB.jpeg\" alt=\"Rado\u0161\u0101 sve\u010du un dizaina darbn\u012bca R\u0113zekn\u0113!\" border=\"0\" onload=\"ga('send', 'event', 'Pied\u0101v\u0101jumi', 'Show', 'R\u0113zeknes pils\u0113tas TIC');\"\/><\/p>\n<p title=\"visit.rezekne.lv\/objekti\/gipsa-trauku-un-svecu-liesanas-darbnicas\/\">R\u0113zeknes pils\u0113tas TIC: Rado\u0161\u0101 sve\u010du un dizaina darbn\u012bca R\u0113zekn\u0113!<\/p>\n<p><\/a><\/p>\n<p>    \t<a rel=\"nofollow noopener\" href=\"http:\/\/visitaluksne.lv\/rudens-kapiens\/\" target=\"_blank\" style=\"text-decoration:none\" onclick=\"ga(&#039;send&#039;, &#039;event&#039;, &#039;Pied\u0101v\u0101jumi&#039;, &#039;ClickTN&#039;, &#039;Al\u016bksnes TIC&#039;);\" wp_automatic_readability=\"2\"><img decoding=\"async\" width=\"100%\" src=\"https:\/\/travelnews.lv\/images\/lastminute\/l_103804P\u0101rg\u0101jiens Veclaicen\u0113.jpg\" alt=\"P\u0101rg\u0101jiens \" rudens=\"\" k=\"\" border=\"0\" onload=\"ga('send', 'event', 'Pied\u0101v\u0101jumi', 'Show', 'Al\u016bksnes TIC');\"\/><\/p>\n<p title=\"visitaluksne.lv\/rudens-kapiens\/\">Al\u016bksnes TIC: P\u0101rg\u0101jiens &#8220;RUDENS K\u0100PIENS&#8221;<\/p>\n<p><\/a><\/p>\n<p>\t\t\t\t\t\t<a href=\"https:\/\/travelnews.lv\/?m_id=18612&amp;i_id=5&amp;pub_id=151895\" rel=\"nofollow noopener\" target=\"_blank\"><img decoding=\"async\" width=\"100%\" border=\"0\" alt=\"Jelgava: Torn\u012b skat\u0101ma \u012bpa\u0161a foto izst\u0101de \u00abBez ierobe\u017eojumiem\u00bb\" src=\"https:\/\/www.europesays.com\/lv\/wp-content\/uploads\/2025\/10\/20251006-Jelgava.jpg\"\/><\/a><\/p>\n<p>            Latvija\u00a0<br \/>\n            <a href=\"https:\/\/travelnews.lv\/?m_id=18612&amp;i_id=5&amp;pub_id=151895\" rel=\"nofollow noopener\" target=\"_blank\">Jelgava: Torn\u012b skat\u0101ma \u012bpa\u0161a foto izst\u0101de \u00abBez ierobe\u017eojumiem\u00bb<\/a>         \t<\/p>\n<p>\t\t\t\t\t\t<a href=\"https:\/\/travelnews.lv\/?m_id=18557&amp;i_id=5&amp;pub_id=151894\" rel=\"nofollow noopener\" target=\"_blank\"><img decoding=\"async\" width=\"100%\" border=\"0\" alt=\"Slapji un apledoju\u0161i ce\u013ci \u2013 liel\u0101kais brem\u017eu tests: ko autovad\u012bt\u0101ji bie\u017ei aizmirst un k\u0101 izvair\u012bties no riskiem\" src=\"https:\/\/www.europesays.com\/lv\/wp-content\/uploads\/2025\/10\/20251006-Bremzes.jpg\"\/><\/a><\/p>\n<p>            Latvija\u00a0<br \/>\n            <a href=\"https:\/\/travelnews.lv\/?m_id=18557&amp;i_id=5&amp;pub_id=151894\" rel=\"nofollow noopener\" target=\"_blank\">Slapji un apledoju\u0161i ce\u013ci \u2013 liel\u0101kais brem\u017eu tests: ko autovad\u012bt\u0101ji bie\u017ei aizmirst un k\u0101 izvair\u012bties no riskiem<\/a>         \t<\/p>\n<p>\t\t\t\t\t\t<a href=\"https:\/\/travelnews.lv\/?m_id=18526&amp;i_id=5&amp;pub_id=141453\" rel=\"nofollow noopener\" target=\"_blank\"><img decoding=\"async\" width=\"100%\" border=\"0\" alt=\"6. oktobris v\u0113stur\u0113: Instagram.com mobil\u0101s aplik\u0101cijas dzim\u0161anas diena\" src=\"https:\/\/www.europesays.com\/lv\/wp-content\/uploads\/2025\/10\/20231006-Instagram.jpg\"\/><\/a><\/p>\n<p>            \u00a0<br \/>\n            <a href=\"https:\/\/travelnews.lv\/?m_id=18526&amp;i_id=5&amp;pub_id=141453\" rel=\"nofollow noopener\" target=\"_blank\">6. oktobris v\u0113stur\u0113: Instagram.com mobil\u0101s aplik\u0101cijas dzim\u0161anas diena<\/a>    <\/p>\n<p>\t\t\t\t\t\t<a href=\"https:\/\/travelnews.lv\/?m_id=18526&amp;i_id=5&amp;pub_id=107510\" rel=\"nofollow noopener\" target=\"_blank\"><img decoding=\"async\" width=\"100%\" border=\"0\" alt=\"6. oktobris v\u0113stur\u0113: 1934.gad\u0101 Katalonija sevi uz vienu dienu pasludina par neatkar\u012bgu republiku\" src=\"https:\/\/www.europesays.com\/lv\/wp-content\/uploads\/2025\/10\/20201006-Katalonija.jpg\"\/><\/a><\/p>\n<p>            Sp\u0101nija\u00a0<br \/>\n            <a href=\"https:\/\/travelnews.lv\/?m_id=18526&amp;i_id=5&amp;pub_id=107510\" rel=\"nofollow noopener\" target=\"_blank\">6. oktobris v\u0113stur\u0113: 1934.gad\u0101 Katalonija sevi uz vienu dienu pasludina par neatkar\u012bgu republiku<\/a>    <\/p>\n<p>\t\t\t\t\t\t<a href=\"https:\/\/travelnews.lv\/?m_id=18291&amp;i_id=5&amp;pub_id=151847\" rel=\"nofollow noopener\" target=\"_blank\"><img decoding=\"async\" width=\"100%\" border=\"0\" alt=\"PVN samazin\u0101jums: atbalsts iedz\u012bvot\u0101jiem vai neizmantota iesp\u0113ja ekonomik\u0101?\" src=\"https:\/\/www.europesays.com\/lv\/wp-content\/uploads\/2025\/10\/20251001-Auzina.jpg\"\/><\/a><\/p>\n<p>            Latvija\u00a0<br \/>\n            <a href=\"https:\/\/travelnews.lv\/?m_id=18291&amp;i_id=5&amp;pub_id=151847\" rel=\"nofollow noopener\" target=\"_blank\">PVN samazin\u0101jums: atbalsts iedz\u012bvot\u0101jiem vai neizmantota iesp\u0113ja ekonomik\u0101?<\/a>    <\/p>\n<p>\t\t\tPARTNERU PIED\u0100V\u0100JUMI\t\t<\/p>\n<p>    \t<a rel=\"nofollow noopener\" href=\"http:\/\/www.trakai-visit.lt\/lv\/naujienos\/publikacija-traku-regiona-garsu-krasas\/\" target=\"_blank\" style=\"text-decoration:none\" onclick=\"ga(&#039;send&#039;, &#039;event&#039;, &#039;Pied\u0101v\u0101jumi&#039;, &#039;ClickTN&#039;, &#039;Trakai TIC&#039;);\" wp_automatic_readability=\"2\"><img decoding=\"async\" width=\"100%\" src=\"https:\/\/www.europesays.com\/lv\/wp-content\/uploads\/2025\/10\/l_97775Be pavadinimo1 as Smart Object-1.jpg\" alt=\"Publik\u0101cija \u201cTRA\u0136U RE\u0122IONA GAR\u0160U KR\u0100SAS\u201d\" border=\"0\" onload=\"ga('send', 'event', 'Pied\u0101v\u0101jumi', 'Show', 'Trakai TIC');\"\/><\/p>\n<p title=\"www.trakai-visit.lt\/lv\/naujienos\/publikacija-traku-regiona-garsu-krasas\/\">Trakai TIC: Publik\u0101cija \u201cTRA\u0136U RE\u0122IONA GAR\u0160U KR\u0100SAS\u201d<\/p>\n<p><\/a><\/p>\n<p>    \t<a rel=\"nofollow noopener\" href=\"http:\/\/www.visitventspils.com\/activity\/piejuras-brivdabas-muzejs\/\" target=\"_blank\" style=\"text-decoration:none\" onclick=\"ga(&#039;send&#039;, &#039;event&#039;, &#039;Pied\u0101v\u0101jumi&#039;, &#039;ClickTN&#039;, &#039;Ventspils TIC&#039;);\" wp_automatic_readability=\"2\"><img decoding=\"async\" width=\"100%\" src=\"https:\/\/www.europesays.com\/lv\/wp-content\/uploads\/2025\/10\/l_1037301_vaka_foto-bilzu-kalendars_nenop_monta_20240113_192127-33-korigets-kalendaram-1920x1277.jpg\" alt=\"Piej\u016bras br\u012bvdabas muzejs \" border=\"0\" onload=\"ga('send', 'event', 'Pied\u0101v\u0101jumi', 'Show', 'Ventspils TIC');\"\/><\/p>\n<p title=\"www.visitventspils.com\/activity\/piejuras-brivdabas-muzejs\/\">Ventspils TIC: Piej\u016bras br\u012bvdabas muzejs <\/p>\n<p><\/a><\/p>\n<p>    \t<a rel=\"nofollow noopener\" href=\"http:\/\/visit.valmiera.lv\/pasakumi\/duets-mediante-jauna-koncertprogramma-soli\/\" target=\"_blank\" style=\"text-decoration:none\" onclick=\"ga(&#039;send&#039;, &#039;event&#039;, &#039;Pied\u0101v\u0101jumi&#039;, &#039;ClickTN&#039;, &#039;Valmieras novada T\u016brisma p\u0101rvalde&#039;);\" wp_automatic_readability=\"2\"><img decoding=\"async\" width=\"100%\" src=\"https:\/\/www.europesays.com\/lv\/wp-content\/uploads\/2025\/10\/l_103744Akustika 3.jpg\" alt=\"Duets MEDIANTE AKUSTIK\u0100\" border=\"0\" onload=\"ga('send', 'event', 'Pied\u0101v\u0101jumi', 'Show', 'Valmieras novada T\u016brisma p\u0101rvalde');\"\/><\/p>\n<p title=\"visit.valmiera.lv\/pasakumi\/duets-mediante-jauna-koncertprogramma-soli\/\">Valmieras novada T\u016brisma p\u0101rvalde: Duets MEDIANTE AKUSTIK\u0100<\/p>\n<p><\/a><\/p>\n<p>\t<a class=\"float_left\" href=\"http:\/\/bit.ly\/TN_lv\" title=\"BalticTravelnews: Facebook\" target=\"_blank\" rel=\"nofollow noopener\"><\/a><br \/>\n    <a class=\"float_left\" href=\"https:\/\/www.instagram.com\/travelnews_lv\" title=\"BalticTravelnews: Instagram\" target=\"_blank\" rel=\"nofollow noopener\"><\/a><\/p>\n<p>    <a class=\"float_left\" href=\"https:\/\/travelnews.lv\/feed_lv.rss\" title=\"BatlicTrawelnews: RSS\" target=\"_blank\" rel=\"nofollow noopener\"><\/a><br \/>\n\t<a class=\"float_left\" href=\"https:\/\/www.youtube.com\/channel\/UCyAOkas_ZlqChLWYURdv-Fw\" title=\"BatlicTrawelnews: YouTube\" target=\"_blank\" rel=\"nofollow noopener\"><\/a><\/p>\n<p>    <a class=\"ml-onclick-form float_left\" href=\"https:\/\/travelnews.lv\/javascript:void(0)\" onclick=\"ml(&#039;show&#039;, &#039;NUMZgC&#039;, true)\" rel=\"nofollow noopener\" target=\"_blank\"><\/a><\/p>\n<p class=\"top_titles\">\nMonika, Zilgma, Zilga <\/p>\n<p>    <img loading=\"lazy\" decoding=\"async\" src=\"https:\/\/www.europesays.com\/lv\/wp-content\/uploads\/2025\/09\/bullets_title.gif\" alt=\"\" width=\"10\" height=\"10\"\/> REKL\u0100MA<\/p>\n<\/td>\n<p><script async src=\"\/\/www.instagram.com\/embed.js\"><\/script><\/p>\n","protected":false},"excerpt":{"rendered":"]]]]]]&gt;]]]]&gt;]]&gt; \u00a0 ICAO Asambleja: Krievija p\u0101rk\u0101pusi \u010cik\u0101gas konvenciju un apdraud civilo avi\u0101ciju \u00a0 \u00abairBaltic\u00bb atz\u012bm\u0113 mar\u0161ruta R\u012bga-Helsinki 30&hellip;\n","protected":false},"author":2,"featured_media":14082,"comment_status":"","ping_status":"","sticky":false,"template":"","format":"standard","meta":{"footnotes":""},"categories":[14],"tags":[23,57,1991,1997,1999,1979,2001,28,29,1992,1978,32,33,1993,1996,22,1981,1982,1985,1990,90,2002,1989,1988,30,31,35,39,38,36,37,34,1984,40,20,1998,26,27,2000,24,25,1986,1995,1987,1994,1980,1983,54,55,56,21,58],"class_list":{"0":"post-14081","1":"post","2":"type-post","3":"status-publish","4":"format-standard","5":"has-post-thumbnail","7":"category-zinas-no-arvalstim","8":"tag-aktualitates","9":"tag-arvalstim","10":"tag-atlaides","11":"tag-atputa","12":"tag-augstskolas","13":"tag-autonomas","14":"tag-bari","15":"tag-breaking-news","16":"tag-breakingnews","17":"tag-celojumi","18":"tag-celojumu-agenturas","19":"tag-featured-news","20":"tag-featurednews","21":"tag-fotogalerijas","22":"tag-galamerki","23":"tag-headlines","24":"tag-hotels-in-latvia","25":"tag-hotels-in-riga","26":"tag-informacijas-centri","27":"tag-ipasie-piedavajumi","28":"tag-izklaide","29":"tag-kafejnicas","30":"tag-karstie-piedavajumi","31":"tag-katalogs","32":"tag-latest-news","33":"tag-latestnews","34":"tag-latvia","35":"tag-latvian","36":"tag-latviesu","37":"tag-latviesu-valoda","38":"tag-latviesuvaloda","39":"tag-latvija","40":"tag-lidsabiedribas","41":"tag-lv","42":"tag-news","43":"tag-on-line-rezervacijas","44":"tag-popularakas-zinas","45":"tag-popularakaszinas","46":"tag-restorani","47":"tag-top-stories","48":"tag-topstories","49":"tag-turisma-biroji","50":"tag-turisma-objekti","51":"tag-turisma-zinas","52":"tag-video","53":"tag-viesnicas-riga","54":"tag-viesu-nami","55":"tag-world","56":"tag-world-news","57":"tag-worldnews","58":"tag-zinas","59":"tag-zinas-no-arvalstim"},"share_on_mastodon":{"url":"","error":""},"_links":{"self":[{"href":"https:\/\/www.europesays.com\/lv\/wp-json\/wp\/v2\/posts\/14081","targetHints":{"allow":["GET"]}}],"collection":[{"href":"https:\/\/www.europesays.com\/lv\/wp-json\/wp\/v2\/posts"}],"about":[{"href":"https:\/\/www.europesays.com\/lv\/wp-json\/wp\/v2\/types\/post"}],"author":[{"embeddable":true,"href":"https:\/\/www.europesays.com\/lv\/wp-json\/wp\/v2\/users\/2"}],"replies":[{"embeddable":true,"href":"https:\/\/www.europesays.com\/lv\/wp-json\/wp\/v2\/comments?post=14081"}],"version-history":[{"count":0,"href":"https:\/\/www.europesays.com\/lv\/wp-json\/wp\/v2\/posts\/14081\/revisions"}],"wp:featuredmedia":[{"embeddable":true,"href":"https:\/\/www.europesays.com\/lv\/wp-json\/wp\/v2\/media\/14082"}],"wp:attachment":[{"href":"https:\/\/www.europesays.com\/lv\/wp-json\/wp\/v2\/media?parent=14081"}],"wp:term":[{"taxonomy":"category","embeddable":true,"href":"https:\/\/www.europesays.com\/lv\/wp-json\/wp\/v2\/categories?post=14081"},{"taxonomy":"post_tag","embeddable":true,"href":"https:\/\/www.europesays.com\/lv\/wp-json\/wp\/v2\/tags?post=14081"}],"curies":[{"name":"wp","href":"https:\/\/api.w.org\/{rel}","templated":true}]}}