{"id":14085,"date":"2025-10-06T13:06:12","date_gmt":"2025-10-06T13:06:12","guid":{"rendered":"https:\/\/www.europesays.com\/lv\/14085\/"},"modified":"2025-10-06T13:06:12","modified_gmt":"2025-10-06T13:06:12","slug":"pabeigta-cuku-likvidesana-acm-skartaja-baltic-pork-novietne-nogalinatas-22-366-cukas","status":"publish","type":"post","link":"https:\/\/www.europesays.com\/lv\/14085\/","title":{"rendered":"Pabeigta c\u016bku likvid\u0113\u0161ana \u0100CM skartaj\u0101 &#8220;Baltic Pork&#8221; novietn\u0113 \u2013 nogalin\u0101tas 22 366 c\u016bkas"},"content":{"rendered":"<p>LETA jau v\u0113st\u012bja, ka \u0161ogad Latvij\u0101 re\u0123istr\u0113ti kopum\u0101 11 \u0100CM uzliesmojumi m\u0101jas c\u016bku novietn\u0113s ar 28 364 c\u016bk\u0101m.<\/p>\n<p>V\u012bruss 2025.gada maija s\u0101kum\u0101 tika konstat\u0113ts piem\u0101jas saimniec\u012bb\u0101 ar 36 c\u016bk\u0101m Tukuma novada D\u017e\u016bkstes pagast\u0101, j\u016blija s\u0101kum\u0101 &#8211; m\u0101jas c\u016bku novietn\u0113 ar se\u0161\u0101m c\u016bk\u0101m Jelgavas novada Gl\u016bdas pagast\u0101, j\u016blija izska\u0146\u0101 m\u0101jas c\u016bku novietn\u0113 ar 55 c\u016bk\u0101m Bauskas novada Iecavas pagasta Rosm\u0113, bet augusta pirmaj\u0101 pus\u0113 &#8211; SIA &#8220;Nygaard International&#8221; novietn\u0113 ar 4900 c\u016bk\u0101m Talsu novada \u0122ibu\u013cu pagast\u0101.<\/p>\n<p>Savuk\u0101rt augusta otraj\u0101 pus\u0113 \u0100CM tika konstat\u0113ts m\u0101jas c\u016bku novietn\u0113 ar 65 c\u016bk\u0101m M\u0101rupes novada Bab\u012btes pagast\u0101, m\u0101jas c\u016bku novietn\u0113 ar trim c\u016bk\u0101m Bauskas novada D\u0101vi\u0146u pagast\u0101, m\u0101jas c\u016bku novietn\u0113 ar trim c\u016bk\u0101m M\u0101rupes novada Bab\u012btes pagast\u0101, k\u0101 ar\u012b &#8220;Baltic Pork&#8221; c\u016bku novietn\u0113 ar vair\u0101k nek\u0101 23 000 m\u0101jas c\u016bku Ogres novada Lauberes pagast\u0101.<\/p>\n<p>Septembra s\u0101kum\u0101 v\u012bruss tika konstat\u0113ts ar\u012b Madonas novada Cesvaines pagast\u0101 c\u016bku novietn\u0113 ar 41 m\u0101jas c\u016bku, M\u0101rupes novada Salas pagast\u0101 novietn\u0113 ar 29 m\u0101jas c\u016bk\u0101m, k\u0101 ar\u012b Bauskas novada D\u0101vi\u0146u pagast\u0101 m\u0101jas c\u016bku novietn\u0113 ar \u010detr\u0101m c\u016bk\u0101m.<\/p>\n<p>T\u0101pat \u0100CM \u0161ogad Latvij\u0101 ir konstat\u0113ts 1127 me\u017eac\u016bk\u0101m 27 novadu 168 pagastos un \u010detru pils\u0113tu teritorij\u0101s.<\/p>\n<p>Kop\u0161 2014.gada j\u016bnija, kad Latvij\u0101 pirmo reizi tika re\u0123istr\u0113ts \u0100CM, v\u012bruss konstat\u0113ts kopum\u0101 10 838 me\u017eac\u016bk\u0101m, tostarp 2014.gad\u0101 Latvij\u0101 \u0100CM tika konstat\u0113ts 217 me\u017eac\u016bk\u0101m, 2015.gad\u0101 &#8211; 1048, 2016.gad\u0101 &#8211; 1146, 2017.gad\u0101 &#8211; 1431, 2018.gad\u0101 &#8211; 905, 2019.gad\u0101 &#8211; 430, 2020.gad\u0101 &#8211; 377, 2021.gad\u0101 &#8211; 448, 2022.gad\u0101 &#8211; 1274 me\u017eac\u016bk\u0101m, 2023.gad\u0101 &#8211; 1002 me\u017eac\u016bk\u0101m, bet 2024.gad\u0101 &#8211; 1433 me\u017eac\u016bk\u0101m.<\/p>\n","protected":false},"excerpt":{"rendered":"LETA jau v\u0113st\u012bja, ka \u0161ogad Latvij\u0101 re\u0123istr\u0113ti kopum\u0101 11 \u0100CM uzliesmojumi m\u0101jas c\u016bku novietn\u0113s ar 28 364 c\u016bk\u0101m.&hellip;\n","protected":false},"author":2,"featured_media":14086,"comment_status":"","ping_status":"","sticky":false,"template":"","format":"standard","meta":{"footnotes":""},"categories":[5],"tags":[4523,23,28,29,32,33,22,30,31,35,39,38,36,37,34,40,20,26,27,24,25,21],"class_list":{"0":"post-14085","1":"post","2":"type-post","3":"status-publish","4":"format-standard","5":"has-post-thumbnail","7":"category-aktualitates","8":"tag-afrikas-cuku-meris","9":"tag-aktualitates","10":"tag-breaking-news","11":"tag-breakingnews","12":"tag-featured-news","13":"tag-featurednews","14":"tag-headlines","15":"tag-latest-news","16":"tag-latestnews","17":"tag-latvia","18":"tag-latvian","19":"tag-latviesu","20":"tag-latviesu-valoda","21":"tag-latviesuvaloda","22":"tag-latvija","23":"tag-lv","24":"tag-news","25":"tag-popularakas-zinas","26":"tag-popularakaszinas","27":"tag-top-stories","28":"tag-topstories","29":"tag-zinas"},"share_on_mastodon":{"url":"","error":""},"_links":{"self":[{"href":"https:\/\/www.europesays.com\/lv\/wp-json\/wp\/v2\/posts\/14085","targetHints":{"allow":["GET"]}}],"collection":[{"href":"https:\/\/www.europesays.com\/lv\/wp-json\/wp\/v2\/posts"}],"about":[{"href":"https:\/\/www.europesays.com\/lv\/wp-json\/wp\/v2\/types\/post"}],"author":[{"embeddable":true,"href":"https:\/\/www.europesays.com\/lv\/wp-json\/wp\/v2\/users\/2"}],"replies":[{"embeddable":true,"href":"https:\/\/www.europesays.com\/lv\/wp-json\/wp\/v2\/comments?post=14085"}],"version-history":[{"count":0,"href":"https:\/\/www.europesays.com\/lv\/wp-json\/wp\/v2\/posts\/14085\/revisions"}],"wp:featuredmedia":[{"embeddable":true,"href":"https:\/\/www.europesays.com\/lv\/wp-json\/wp\/v2\/media\/14086"}],"wp:attachment":[{"href":"https:\/\/www.europesays.com\/lv\/wp-json\/wp\/v2\/media?parent=14085"}],"wp:term":[{"taxonomy":"category","embeddable":true,"href":"https:\/\/www.europesays.com\/lv\/wp-json\/wp\/v2\/categories?post=14085"},{"taxonomy":"post_tag","embeddable":true,"href":"https:\/\/www.europesays.com\/lv\/wp-json\/wp\/v2\/tags?post=14085"}],"curies":[{"name":"wp","href":"https:\/\/api.w.org\/{rel}","templated":true}]}}