{"id":14098,"date":"2025-10-06T13:18:15","date_gmt":"2025-10-06T13:18:15","guid":{"rendered":"https:\/\/www.europesays.com\/lv\/14098\/"},"modified":"2025-10-06T13:18:15","modified_gmt":"2025-10-06T13:18:15","slug":"cvk-sola-skaidribu-par-balsu-skaitisanu-saeimas-velesanas-pec-pasvaldibu-velesanu-tehniskajiem-sarezgijumiem-lente-lv","status":"publish","type":"post","link":"https:\/\/www.europesays.com\/lv\/14098\/","title":{"rendered":"CVK sola skaidr\u012bbu par balsu skait\u012b\u0161anu Saeimas v\u0113l\u0113\u0161an\u0101s p\u0113c pa\u0161vald\u012bbu v\u0113l\u0113\u0161anu tehniskajiem sare\u017e\u0123\u012bjumiem\u00a0\u2014\u00a0Lente.lv"},"content":{"rendered":"<p>Centr\u0101l\u0101s v\u0113l\u0113\u0161anu komisijas skaidr\u012bba par balsu skait\u012b\u0161anu gaid\u0101ma n\u0101kamned\u0113\u013c<\/p>\n<p>Latvij\u0101 dr\u012bzum\u0101 gaid\u0101ms skaidrojums par to, k\u0101d\u0101 veid\u0101 tiks organiz\u0113ta balsu skait\u012b\u0161ana n\u0101kamaj\u0101s, 2026. gada 3. oktobr\u012b paredz\u0113taj\u0101s Saeimas v\u0113l\u0113\u0161an\u0101s. Centr\u0101l\u0101 v\u0113l\u0113\u0161anu komisija (CVK) pl\u0101no sniegt \u0161o inform\u0101ciju n\u0101kamned\u0113\u013c, 8. oktobr\u012b, Saeimas Valsts p\u0101rvaldes un pa\u0161vald\u012bbas komisijas s\u0113d\u0113. \u0160aj\u0101 s\u0113d\u0113 pl\u0101nots izv\u0113rt\u0113t \u0161ovasar notiku\u0161\u0101s pa\u0161vald\u012bbu v\u0113l\u0113\u0161anas un apspriest nepiecie\u0161amos uzlabojumus. Lai gan ofici\u0101la inform\u0101cija v\u0113l nav sniegta, neofici\u0101li zin\u0101ms, ka CVK v\u0113l nav veikusi savu gal\u0113jo izv\u0113rt\u0113jumu par iepriek\u0161\u0113jo v\u0113l\u0113\u0161anu norisi.<\/p>\n<p>Pa\u0161vald\u012bbu v\u0113l\u0113\u0161anu tehnisk\u0101s probl\u0113mas rada ba\u017eas par n\u0101kotni<\/p>\n<p>\u0160\u0101 gada pa\u0161vald\u012bbu v\u0113l\u0113\u0161anas iez\u012bm\u0113j\u0101s ar vair\u0101k\u0101m tehnisk\u0101m probl\u0113m\u0101m, kas rad\u012bju\u0161as nopietnas ba\u017eas par gaid\u0101mo parlamenta v\u0113l\u0113\u0161anu norisi. Galven\u0101s probl\u0113mas rad\u0101s ar digit\u0101l\u0101s balsu skait\u012b\u0161anas sist\u0113mas \u201eSKEN IS\u201d darb\u012bbu, kas nakt\u012b p\u0113c iecirk\u0146u sl\u0113g\u0161anas nesp\u0113ja iztur\u0113t slodzi un apkopot iesken\u0113tos bi\u013cetenus. Tas piespieda daudzus v\u0113l\u0113\u0161anu iecirk\u0146us atgriezties pie manu\u0101las balsu skait\u012b\u0161anas, kas pras\u012bja iev\u0113rojamu papildu darbu no iecirk\u0146u darbiniekiem un iev\u0113rojami paildzin\u0101ja rezult\u0101tu apkopo\u0161anu. \u0160\u012b pieredze ir likusi uzdot jaut\u0101jumu, vai n\u0101kamgad Saeimas v\u0113l\u0113\u0161an\u0101s balsis var\u0113s apkopot ar skeneru pal\u012bdz\u012bbu, vai tom\u0113r b\u016bs j\u0101atgrie\u017eas pie piln\u012bgi manu\u0101las skait\u012b\u0161anas. Atbild\u012bgo instit\u016bciju p\u0101rst\u0101vji gan cen\u0161as mierin\u0101t, ka v\u0113l\u0113\u0161anas notiks, ta\u010du skaidr\u012bbas par konkr\u0113to meto\u017eu izv\u0113li v\u0113l nav.<\/p>\n<p>Iest\u0101des nov\u0113rt\u0113 k\u013c\u016bdas un pl\u0101no uzlabojumus<\/p>\n<p>Lai gan CVK v\u0113l nav veikusi savu gal\u012bgo izv\u0113rt\u0113jumu, tiek pie\u0146emts, ka n\u0101kamned\u0113\u013c paredz\u0113taj\u0101 s\u0113d\u0113 tiks sniegts audita rezult\u0101tu apkopojums par v\u0113l\u0113\u0161anu sist\u0113mas tr\u016bkumiem un iesp\u0113jamiem risin\u0101jumiem. \u0160\u012bs neveiksmes ir novedu\u0161as pie vair\u0101k\u0101m personu demisij\u0101m un atst\u0101din\u0101\u0161an\u0101m, tostarp bijus\u012b vied\u0101s administr\u0101cijas un re\u0123ion\u0101l\u0101s att\u012bst\u012bbas ministre un Valsts digit\u0101l\u0101s att\u012bst\u012bbas a\u0123ent\u016bras direktors ir zaud\u0113ju\u0161i amatus. Pa\u0161reiz\u0113jais CVK vad\u012bt\u0101js M\u0101ris Zviedris, kur\u0161 \u0161o fiasko laik\u0101 vad\u012bja R\u012bgas v\u0113l\u0113\u0161anu komisiju, ir atzinis, ka pieredze bijusi \u201epiln\u012bgi nepie\u0146emama\u201d un izrais\u012bjusi t\u016bksto\u0161iem v\u0113l\u0113\u0161anu darbinieku bezdarb\u012bbu. Tiek run\u0101ts par iesp\u0113jamu hibr\u012bda variantu balsu skait\u012b\u0161an\u0101, ta\u010du konkr\u0113ti l\u0113mumi v\u0113l nav pie\u0146emti.<\/p>\n<p>Kiberdro\u0161\u012bbas riski un sabiedr\u012bbas uztic\u012bba<\/p>\n<p>Papildus tehniskaj\u0101m probl\u0113m\u0101m, past\u0101v ar\u012b nopietni kiberdro\u0161\u012bbas riski, kas var\u0113tu apdraud\u0113t gaid\u0101m\u0101s Saeimas v\u0113l\u0113\u0161anas. &#8220;CERT.lv&#8221; vad\u012bt\u0101ja vietnieks Varis Teiv\u0101ns uzsver, ka kiberuzbrukumi ir k\u013cuvu\u0161i par ikdienu un \u0123eopolitiskais sasp\u012bl\u0113jums tos padara par b\u016btisku ietekmes un izl\u016bko\u0161anas instrumentu. Tiek prognoz\u0113ts, ka m\u0113\u0123in\u0101jumi ietekm\u0113t v\u0113l\u0113\u0161anu norisi un rezult\u0101tus b\u016bs ar\u012b turpm\u0101k, \u012bpa\u0161i v\u0113rsti uz sist\u0113m\u0101m, kas pieejamas internet\u0101, piem\u0113ram, v\u0113l\u0113\u0161anu rezult\u0101tu att\u0113lo\u0161anas vietn\u0113m. \u0160\u0101du uzbrukumu m\u0113r\u0137is ir rad\u012bt \u0161aubas, diskredit\u0113t un izrais\u012bt sabiedr\u012bbas rezonansi. \u0160ie faktori kop\u0101 rada spriedzi un nezi\u0146u par Latvijas demokr\u0101tisko procesu integrit\u0101ti, liekot sabiedr\u012bbai un politi\u0137iem piev\u0113rst \u012bpa\u0161u uzman\u012bbu nepiecie\u0161amajiem uzlabojumiem pirms n\u0101kamaj\u0101m parlamenta v\u0113l\u0113\u0161an\u0101m.<\/p>\n","protected":false},"excerpt":{"rendered":"Centr\u0101l\u0101s v\u0113l\u0113\u0161anu komisijas skaidr\u012bba par balsu skait\u012b\u0161anu gaid\u0101ma n\u0101kamned\u0113\u013c Latvij\u0101 dr\u012bzum\u0101 gaid\u0101ms skaidrojums par to, k\u0101d\u0101 veid\u0101 tiks&hellip;\n","protected":false},"author":2,"featured_media":14099,"comment_status":"","ping_status":"","sticky":false,"template":"","format":"standard","meta":{"footnotes":""},"categories":[5],"tags":[23,5032,28,29,4560,32,33,22,30,31,35,39,38,36,37,34,40,20,4758,26,27,1421,24,25,5033,21],"class_list":{"0":"post-14098","1":"post","2":"type-post","3":"status-publish","4":"format-standard","5":"has-post-thumbnail","7":"category-aktualitates","8":"tag-aktualitates","9":"tag-balsu-skaitisana","10":"tag-breaking-news","11":"tag-breakingnews","12":"tag-cvk","13":"tag-featured-news","14":"tag-featurednews","15":"tag-headlines","16":"tag-latest-news","17":"tag-latestnews","18":"tag-latvia","19":"tag-latvian","20":"tag-latviesu","21":"tag-latviesu-valoda","22":"tag-latviesuvaloda","23":"tag-latvija","24":"tag-lv","25":"tag-news","26":"tag-pasvaldibu-velesanas","27":"tag-popularakas-zinas","28":"tag-popularakaszinas","29":"tag-saeimas-velesanas","30":"tag-top-stories","31":"tag-topstories","32":"tag-velesanu-tehniskas-problemas","33":"tag-zinas"},"share_on_mastodon":{"url":"","error":""},"_links":{"self":[{"href":"https:\/\/www.europesays.com\/lv\/wp-json\/wp\/v2\/posts\/14098","targetHints":{"allow":["GET"]}}],"collection":[{"href":"https:\/\/www.europesays.com\/lv\/wp-json\/wp\/v2\/posts"}],"about":[{"href":"https:\/\/www.europesays.com\/lv\/wp-json\/wp\/v2\/types\/post"}],"author":[{"embeddable":true,"href":"https:\/\/www.europesays.com\/lv\/wp-json\/wp\/v2\/users\/2"}],"replies":[{"embeddable":true,"href":"https:\/\/www.europesays.com\/lv\/wp-json\/wp\/v2\/comments?post=14098"}],"version-history":[{"count":0,"href":"https:\/\/www.europesays.com\/lv\/wp-json\/wp\/v2\/posts\/14098\/revisions"}],"wp:featuredmedia":[{"embeddable":true,"href":"https:\/\/www.europesays.com\/lv\/wp-json\/wp\/v2\/media\/14099"}],"wp:attachment":[{"href":"https:\/\/www.europesays.com\/lv\/wp-json\/wp\/v2\/media?parent=14098"}],"wp:term":[{"taxonomy":"category","embeddable":true,"href":"https:\/\/www.europesays.com\/lv\/wp-json\/wp\/v2\/categories?post=14098"},{"taxonomy":"post_tag","embeddable":true,"href":"https:\/\/www.europesays.com\/lv\/wp-json\/wp\/v2\/tags?post=14098"}],"curies":[{"name":"wp","href":"https:\/\/api.w.org\/{rel}","templated":true}]}}