{"id":141089,"date":"2026-02-26T23:54:05","date_gmt":"2026-02-26T23:54:05","guid":{"rendered":"https:\/\/www.europesays.com\/lv\/141089\/"},"modified":"2026-02-26T23:54:05","modified_gmt":"2026-02-26T23:54:05","slug":"marta-planots-parakstit-papildu-vienosanos-par-partikas-produktu-zemo-cenu-grozu","status":"publish","type":"post","link":"https:\/\/www.europesays.com\/lv\/141089\/","title":{"rendered":"Mart\u0101 pl\u0101nots parakst\u012bt papildu vieno\u0161anos par p\u0101rtikas produktu zemo cenu grozu"},"content":{"rendered":"<p>T\u0101pat zi\u0146ots, ka 2025. gada maij\u0101 tika parakst\u012bts memorands par p\u0101rtikas cenu samazin\u0101\u0161anu. Memorandu parakst\u012bja ekonomikas ministrs, Latvijas P\u0101rtikas tirgot\u0101ju asoci\u0101cija, Latvijas Tirdzniec\u012bbas un r\u016bpniec\u012bbas kamera, Latvijas Piensaimnieku centr\u0101l\u0101 savien\u012bba, Latvijas P\u0101rtikas uz\u0146\u0113mumu feder\u0101cija, Lauksaimniec\u012bbas organiz\u0101ciju sadarb\u012bbas padome, biedr\u012bba &#8220;Zemnieku saeima&#8221; un citi partneri. Memorands paredz zemo cenu p\u0101rtikas groza ievie\u0161anu, cenu sal\u012bdzin\u0101\u0161anas r\u012bka ievie\u0161anu, k\u0101 ar\u012b viet\u0113j\u0101s izcelsmes produktu \u012bpatsvara veicin\u0101\u0161anu veikalos.<\/p>\n<p>Memorands paredz p\u0101rtikas zemo cenu groz\u0101 iek\u013caut vismaz vienu produktu no katras no desmit pamata p\u0101rtikas kategorij\u0101m. \u0160\u012bs kategorijas ietver maizi, pienu, sieru, biezpienu, sviestu, kr\u0113jumu, jogurtu, pani\u0146as, svaigus d\u0101rze\u0146us un aug\u013cus, c\u016bkga\u013cu, m\u0101jputnu ga\u013cu, liellopu un te\u013ca ga\u013cu, aitas un kazas ga\u013cu, svaigas zivis, olas, miltus un citus graudaugus, k\u0101 ar\u012b augu e\u013c\u013cas.<\/p>\n<p>Vienlaikus Pat\u0113r\u0113t\u0101ju ties\u012bbu aizsardz\u012bbas centrs (PTAC), monitor\u0113jot p\u0101rtikas cenu memoranda izpildi un zemo cenu groza saturu, \u0161ogad febru\u0101r\u012b secin\u0101ja, ka Latvij\u0101 p\u0101rtikas zemo cenu grozos bie\u017ei tr\u016bkst da\u013cas memorand\u0101 noteikto produktu kategoriju.<\/p>\n<p>Monitorings 32 ned\u0113\u013cu period\u0101 apliecin\u0101jis, ka lielveikalu \u0137\u0113d\u0113s zemo cenu grozos vid\u0113ji tiek aptvertas septi\u0146as no desmit paredz\u0113taj\u0101m kategorij\u0101m. \u0160is r\u0101d\u012bt\u0101js ilgsto\u0161i saglab\u0101jas nemain\u012bgs un, PTAC v\u0113rt\u0113jum\u0101, nav pietiekams. Aptverto kategoriju skaits da\u017e\u0101d\u0101s mazumtirdzniec\u012bbas \u0137\u0113d\u0113s sv\u0101rst\u0101s no \u010detr\u0101m l\u012bdz devi\u0146\u0101m atkar\u012bb\u0101 no tirgot\u0101ja sortimenta.<\/p>\n<p>Savuk\u0101rt mazumtirgot\u0101ji a\u0123ent\u016brai LETA pauda, ka vi\u0146i veikalos nevar regul\u0101ri nodro\u0161in\u0101t visas p\u0101rtikas cenu memorand\u0101 noteikt\u0101s zemo cenu groz\u0101 iek\u013caujamo produktu kategorijas sezonalit\u0101tes un konkr\u0113tu veikalu pied\u0101v\u0101juma d\u0113\u013c.<\/p>\n","protected":false},"excerpt":{"rendered":"T\u0101pat zi\u0146ots, ka 2025. gada maij\u0101 tika parakst\u012bts memorands par p\u0101rtikas cenu samazin\u0101\u0161anu. Memorandu parakst\u012bja ekonomikas ministrs, Latvijas&hellip;\n","protected":false},"author":2,"featured_media":141090,"comment_status":"","ping_status":"","sticky":false,"template":"","format":"standard","meta":{"footnotes":"","_share_on_mastodon":"0"},"categories":[5],"tags":[23,28,29,32,33,22,30,31,35,39,38,36,37,34,40,3546,20,3843,591,26,27,733,3545,24,25,21],"class_list":["post-141089","post","type-post","status-publish","format-standard","has-post-thumbnail","category-aktualitates","tag-aktualitates","tag-breaking-news","tag-breakingnews","tag-featured-news","tag-featurednews","tag-headlines","tag-latest-news","tag-latestnews","tag-latvia","tag-latvian","tag-latviesu","tag-latviesu-valoda","tag-latviesuvaloda","tag-latvija","tag-lv","tag-mazumtirdznieciba","tag-news","tag-partika","tag-partikas-produkti","tag-popularakas-zinas","tag-popularakaszinas","tag-tirdznieciba","tag-tirdznieciba-un-pakalpojumi","tag-top-stories","tag-topstories","tag-zinas"],"share_on_mastodon":{"url":"https:\/\/pubeurope.com\/@lv\/116139633081820239","error":""},"_links":{"self":[{"href":"https:\/\/www.europesays.com\/lv\/wp-json\/wp\/v2\/posts\/141089","targetHints":{"allow":["GET"]}}],"collection":[{"href":"https:\/\/www.europesays.com\/lv\/wp-json\/wp\/v2\/posts"}],"about":[{"href":"https:\/\/www.europesays.com\/lv\/wp-json\/wp\/v2\/types\/post"}],"author":[{"embeddable":true,"href":"https:\/\/www.europesays.com\/lv\/wp-json\/wp\/v2\/users\/2"}],"replies":[{"embeddable":true,"href":"https:\/\/www.europesays.com\/lv\/wp-json\/wp\/v2\/comments?post=141089"}],"version-history":[{"count":0,"href":"https:\/\/www.europesays.com\/lv\/wp-json\/wp\/v2\/posts\/141089\/revisions"}],"wp:featuredmedia":[{"embeddable":true,"href":"https:\/\/www.europesays.com\/lv\/wp-json\/wp\/v2\/media\/141090"}],"wp:attachment":[{"href":"https:\/\/www.europesays.com\/lv\/wp-json\/wp\/v2\/media?parent=141089"}],"wp:term":[{"taxonomy":"category","embeddable":true,"href":"https:\/\/www.europesays.com\/lv\/wp-json\/wp\/v2\/categories?post=141089"},{"taxonomy":"post_tag","embeddable":true,"href":"https:\/\/www.europesays.com\/lv\/wp-json\/wp\/v2\/tags?post=141089"}],"curies":[{"name":"wp","href":"https:\/\/api.w.org\/{rel}","templated":true}]}}