{"id":14109,"date":"2025-10-06T13:30:08","date_gmt":"2025-10-06T13:30:08","guid":{"rendered":"https:\/\/www.europesays.com\/lv\/14109\/"},"modified":"2025-10-06T13:30:08","modified_gmt":"2025-10-06T13:30:08","slug":"apstrades-rupniecibas-produkcijas-apjomi-turpina-augt-dienas-bizness","status":"publish","type":"post","link":"https:\/\/www.europesays.com\/lv\/14109\/","title":{"rendered":"Apstr\u0101des r\u016bpniec\u012bbas produkcijas apjomi turpina augt :: Dienas Bizness"},"content":{"rendered":"<p class=\"text-font font-size--text-xlarge margin-3--bottom font-weight--bold padding-1--top\">Uzlabojoties \u0101r\u0113jam piepras\u012bjumam, apstr\u0101des r\u016bpniec\u012bbas izlaide 2025.gada august\u0101 turpin\u0101ja augt jau sesto m\u0113nesi p\u0113c k\u0101rtas.<\/p>\n<p class=\"text-font font-size--text-xlarge margin-3--bottom\">Sal\u012bdzinot ar 2024.gada augustu, p\u0113c neizl\u012bdzin\u0101tiem datiem, apstr\u0101des r\u016bpniec\u012bbas produkcijas apjomi pieauga par 1,5%, bet p\u0113c kalend\u0101ri izl\u012bdzin\u0101tiem datiem pieaugums bija strauj\u0101ks &#8211; par 4,1%.<\/p>\n<p class=\"text-font font-size--text-xlarge margin-3--bottom\">Laika posm\u0101 no 2025.gada janv\u0101ra l\u012bdz augustam apstr\u0101des r\u016bpniec\u012bbas produkcijas izlaide bija par 3,6% augst\u0101ka nek\u0101 attiec\u012bgaj\u0101 period\u0101 2024.gad\u0101.<\/p>\n<p class=\"text-font font-size--text-xlarge margin-3--bottom\">\u0160\u012b gada august\u0101 gada griezum\u0101 p\u0113c neizl\u012bdzin\u0101tajiem datiem b\u016btisk\u0101k\u0101 pozit\u012bv\u0101 ietekme apstr\u0101des r\u016bpniec\u012bbas izaugsm\u0113 jau tre\u0161o m\u0113nesi bija ab\u0101m liel\u0101kaj\u0101m apak\u0161nozar\u0113m &#8211; kokapstr\u0101dei (+6,1%) un p\u0101rtikas r\u016bpniec\u012bbai (+9,2%). Pieauga ar\u012b gatavo met\u0101lizstr\u0101d\u0101jumu (12,8%), automobi\u013cu un piekabju (+19,7%) un elektrisko iek\u0101rtu (+8,9%) ra\u017eo\u0161anas apjomi.<\/p>\n<p class=\"text-font font-size--text-xlarge margin-3--bottom\">August\u0101 gada griezum\u0101 par 4,5% pieauga ar\u012b apstr\u0101des r\u016bpniec\u012bbas apgroz\u012bjums faktiskaj\u0101s cen\u0101s. Strauj\u0101k auga realiz\u0113t\u0101s produkcijas apjomi pieauga eksport\u0101 &#8211; par 6,2%, m\u0113ren\u0101k &#8211; viet\u0113j\u0101 tirg\u016b &#8211; par 1,7%. B\u016btiski pieauga kokapstr\u0101des produkcijas, p\u0101rtikas produktu un elektrisko iek\u0101rtu realiz\u0101cijas apjomi.<\/p>\n<p class=\"text-font font-size--text-xlarge margin-3--bottom\">Pozit\u012bvu ieguld\u012bjumu izaugsm\u0113 turpin\u0101ja nodro\u0161in\u0101t ar\u012b uz iek\u0161\u0113jo tirgu orient\u0113t\u0101s nozares. To dinamiku nosaka m\u0101jsaimniec\u012bbu pirktsp\u0113ja, tai skait\u0101 algu pieaugums, nodok\u013cu izmai\u0146as, cenu stabiliz\u0113\u0161an\u0101s un citi faktori. Sagaid\u0101ms, ka ar\u012b turpm\u0101kajos m\u0113ne\u0161os apstr\u0101des r\u016bpniec\u012bb\u0101 saglab\u0101sies stabila izaugsme un gad\u0101 kopum\u0101 t\u0101s apjomi b\u016btiski p\u0101rsniegs 2024.gada l\u012bmeni. Apstr\u0101des r\u016bpniec\u012bbas izaugsmi turpin\u0101s veicin\u0101t piepras\u012bjums \u0101r\u0113jos tirgos un eksports.<\/p>\n<p class=\"text-font font-size--text-xlarge margin-3--bottom\">Vienlaikus pozit\u012bvo r\u016bpniec\u012bbas att\u012bst\u012bbu turpina ierobe\u017eot \u0123eopolitisk\u0101 nenoteikt\u012bba un iesp\u0113jamie ASV importa tarifi, kas var ietekm\u0113t Latvijas eksport\u0113jo\u0161o uz\u0146\u0113mumu konkur\u0113tsp\u0113ju. Kopum\u0101, lai ar\u012b prognozes ir pozit\u012bvas, nozarei b\u016bs b\u016btiski saglab\u0101t elast\u012bbu un sp\u0113ju piel\u0101goties main\u012bgajiem glob\u0101l\u0101s tirdzniec\u012bbas apst\u0101k\u013ciem. Izaicin\u0101jumi saglab\u0101sies uz\u0146\u0113mumiem, kuru darb\u012bba ir saist\u012bta ar Krievijas un citu NVS valstu tirgiem &#8211; tiem j\u0101turpina p\u0101rstruktur\u0113t sadarb\u012bbas virzieni, mekl\u0113jot jaunus pieg\u0101des un realiz\u0101cijas tirgus.<\/p>\n","protected":false},"excerpt":{"rendered":"Uzlabojoties \u0101r\u0113jam piepras\u012bjumam, apstr\u0101des r\u016bpniec\u012bbas izlaide 2025.gada august\u0101 turpin\u0101ja augt jau sesto m\u0113nesi p\u0113c k\u0101rtas. Sal\u012bdzinot ar 2024.gada&hellip;\n","protected":false},"author":2,"featured_media":14110,"comment_status":"","ping_status":"","sticky":false,"template":"","format":"standard","meta":{"footnotes":""},"categories":[5],"tags":[23,869,77,870,28,29,867,32,33,22,30,31,35,39,38,36,37,34,871,868,40,20,26,27,24,25,21],"class_list":{"0":"post-14109","1":"post","2":"type-post","3":"status-publish","4":"format-standard","5":"has-post-thumbnail","7":"category-aktualitates","8":"tag-aktualitates","9":"tag-biznesa-zinas","10":"tag-bizness","11":"tag-bizness-latvija","12":"tag-breaking-news","13":"tag-breakingnews","14":"tag-dienas-zinas","15":"tag-featured-news","16":"tag-featurednews","17":"tag-headlines","18":"tag-latest-news","19":"tag-latestnews","20":"tag-latvia","21":"tag-latvian","22":"tag-latviesu","23":"tag-latviesu-valoda","24":"tag-latviesuvaloda","25":"tag-latvija","26":"tag-latvijas-biznesa-zinas","27":"tag-latvijas-zinas","28":"tag-lv","29":"tag-news","30":"tag-popularakas-zinas","31":"tag-popularakaszinas","32":"tag-top-stories","33":"tag-topstories","34":"tag-zinas"},"share_on_mastodon":{"url":"","error":""},"_links":{"self":[{"href":"https:\/\/www.europesays.com\/lv\/wp-json\/wp\/v2\/posts\/14109","targetHints":{"allow":["GET"]}}],"collection":[{"href":"https:\/\/www.europesays.com\/lv\/wp-json\/wp\/v2\/posts"}],"about":[{"href":"https:\/\/www.europesays.com\/lv\/wp-json\/wp\/v2\/types\/post"}],"author":[{"embeddable":true,"href":"https:\/\/www.europesays.com\/lv\/wp-json\/wp\/v2\/users\/2"}],"replies":[{"embeddable":true,"href":"https:\/\/www.europesays.com\/lv\/wp-json\/wp\/v2\/comments?post=14109"}],"version-history":[{"count":0,"href":"https:\/\/www.europesays.com\/lv\/wp-json\/wp\/v2\/posts\/14109\/revisions"}],"wp:featuredmedia":[{"embeddable":true,"href":"https:\/\/www.europesays.com\/lv\/wp-json\/wp\/v2\/media\/14110"}],"wp:attachment":[{"href":"https:\/\/www.europesays.com\/lv\/wp-json\/wp\/v2\/media?parent=14109"}],"wp:term":[{"taxonomy":"category","embeddable":true,"href":"https:\/\/www.europesays.com\/lv\/wp-json\/wp\/v2\/categories?post=14109"},{"taxonomy":"post_tag","embeddable":true,"href":"https:\/\/www.europesays.com\/lv\/wp-json\/wp\/v2\/tags?post=14109"}],"curies":[{"name":"wp","href":"https:\/\/api.w.org\/{rel}","templated":true}]}}