{"id":1411,"date":"2025-09-22T06:27:08","date_gmt":"2025-09-22T06:27:08","guid":{"rendered":"https:\/\/www.europesays.com\/lv\/1411\/"},"modified":"2025-09-22T06:27:08","modified_gmt":"2025-09-22T06:27:08","slug":"nedelas-nogale-celu-satiksmes-negadijumos-rigas-regiona-cietis-31-cilveks-viens-gajis-boja","status":"publish","type":"post","link":"https:\/\/www.europesays.com\/lv\/1411\/","title":{"rendered":"Ned\u0113\u013cas nogal\u0113 ce\u013cu satiksmes negad\u012bjumos R\u012bgas re\u0123ion\u0101 cietis 31 cilv\u0113ks, viens g\u0101jis boj\u0101"},"content":{"rendered":"<p>P\u0113d\u0113jo triju dienu laik\u0101 R\u012bgas re\u0123ion\u0101 re\u0123istr\u0113ti 205 ce\u013cu satiksmes negad\u012bjumi, kuros cietis 31 cilv\u0113ks un viens g\u0101jis boj\u0101, liecina Valsts policijas inform\u0101cija. Cietu\u0161o vid\u016b ir \u010detri g\u0101j\u0113ji, pieci velosip\u0113disti un devi\u0146i elektrisko skrejrite\u0146u vad\u012bt\u0101ji.<\/p>\n<p>Jau zi\u0146ots, ka ap pulksten 5.36 sv\u0113tdienas r\u012bt\u0101 \u0136ekavas novada \u0136ekavas pagast\u0101, rot\u0101cijas apl\u012b uz autoce\u013ca A5, pagaid\u0101m nenoskaidrotu iemeslu d\u0113\u013c automa\u0161\u012bna \u201cAudi\u201d nobrauca no ce\u013ca braucam\u0101s da\u013cas un apg\u0101z\u0101s. Valsts policija izmekl\u0113 negad\u012bjuma apst\u0101k\u013cus, ta\u010du s\u0101kotn\u0113j\u0101 inform\u0101cija liecin\u0101ja, ka ce\u013cu satiksmes negad\u012bjum\u0101 g\u0101ja boj\u0101 automa\u0161\u012bnas vad\u012bt\u0101ja.<\/p>\n<p>Kop\u0161 piektdienas policija R\u012bg\u0101 un galvaspils\u0113tas apk\u0101rtn\u0113 aiztur\u0113jusi septi\u0146us transporta l\u012bdzek\u013cu vad\u012bt\u0101jus alkohola reibum\u0101. Trim dz\u0113r\u0101j\u0161oferim noform\u0113ts administrat\u012bv\u0101 p\u0101rk\u0101puma protokols, bet \u010detri tiks saukti pie krimin\u0101latbild\u012bbas, un visos \u010detros gad\u012bjumos tiks piedz\u012bta transportl\u012bdzek\u013ca v\u0113rt\u012bba.<\/p>\n<p>Ned\u0113\u013cas nogal\u0113 R\u012bgas re\u0123ion\u0101 sast\u0101d\u012bti 46 protokoli par brauk\u0161anas \u0101truma p\u0101rsnieg\u0161anu un \u010detri protokoli par agres\u012bvu brauk\u0161anu, k\u0101 ar\u012b re\u0123istr\u0113ta viena laup\u012b\u0161ana un septi\u0146as z\u0101dz\u012bbas no m\u0101jok\u013ca.<\/p>\n","protected":false},"excerpt":{"rendered":"P\u0113d\u0113jo triju dienu laik\u0101 R\u012bgas re\u0123ion\u0101 re\u0123istr\u0113ti 205 ce\u013cu satiksmes negad\u012bjumi, kuros cietis 31 cilv\u0113ks un viens g\u0101jis&hellip;\n","protected":false},"author":2,"featured_media":1412,"comment_status":"","ping_status":"","sticky":false,"template":"","format":"standard","meta":{"footnotes":""},"categories":[12],"tags":[23,28,29,47,32,33,22,381,64,30,31,35,39,38,36,37,34,40,20,385,26,27,172,382,384,383,24,25,21],"class_list":{"0":"post-1411","1":"post","2":"type-post","3":"status-publish","4":"format-standard","5":"has-post-thumbnail","7":"category-latvija","8":"tag-aktualitates","9":"tag-breaking-news","10":"tag-breakingnews","11":"tag-ekonomika","12":"tag-featured-news","13":"tag-featurednews","14":"tag-headlines","15":"tag-jaunumi","16":"tag-kultura","17":"tag-latest-news","18":"tag-latestnews","19":"tag-latvia","20":"tag-latvian","21":"tag-latviesu","22":"tag-latviesu-valoda","23":"tag-latviesuvaloda","24":"tag-latvija","25":"tag-lv","26":"tag-news","27":"tag-pieriga","28":"tag-popularakas-zinas","29":"tag-popularakaszinas","30":"tag-riga","31":"tag-sabiedriba","32":"tag-sludinajumi","33":"tag-sports-afisa","34":"tag-top-stories","35":"tag-topstories","36":"tag-zinas"},"share_on_mastodon":{"url":"","error":""},"_links":{"self":[{"href":"https:\/\/www.europesays.com\/lv\/wp-json\/wp\/v2\/posts\/1411","targetHints":{"allow":["GET"]}}],"collection":[{"href":"https:\/\/www.europesays.com\/lv\/wp-json\/wp\/v2\/posts"}],"about":[{"href":"https:\/\/www.europesays.com\/lv\/wp-json\/wp\/v2\/types\/post"}],"author":[{"embeddable":true,"href":"https:\/\/www.europesays.com\/lv\/wp-json\/wp\/v2\/users\/2"}],"replies":[{"embeddable":true,"href":"https:\/\/www.europesays.com\/lv\/wp-json\/wp\/v2\/comments?post=1411"}],"version-history":[{"count":0,"href":"https:\/\/www.europesays.com\/lv\/wp-json\/wp\/v2\/posts\/1411\/revisions"}],"wp:featuredmedia":[{"embeddable":true,"href":"https:\/\/www.europesays.com\/lv\/wp-json\/wp\/v2\/media\/1412"}],"wp:attachment":[{"href":"https:\/\/www.europesays.com\/lv\/wp-json\/wp\/v2\/media?parent=1411"}],"wp:term":[{"taxonomy":"category","embeddable":true,"href":"https:\/\/www.europesays.com\/lv\/wp-json\/wp\/v2\/categories?post=1411"},{"taxonomy":"post_tag","embeddable":true,"href":"https:\/\/www.europesays.com\/lv\/wp-json\/wp\/v2\/tags?post=1411"}],"curies":[{"name":"wp","href":"https:\/\/api.w.org\/{rel}","templated":true}]}}