{"id":14111,"date":"2025-10-06T13:32:08","date_gmt":"2025-10-06T13:32:08","guid":{"rendered":"https:\/\/www.europesays.com\/lv\/14111\/"},"modified":"2025-10-06T13:32:08","modified_gmt":"2025-10-06T13:32:08","slug":"parasportiste-diana-krumina-ar-zelta-medalam-atgriezas-no-indijas","status":"publish","type":"post","link":"https:\/\/www.europesays.com\/lv\/14111\/","title":{"rendered":"Parasportiste Di\u0101na Kr\u016bmi\u0146a ar zelta meda\u013c\u0101m atgrie\u017eas no Indijas"},"content":{"rendered":"<p>Parasportiste Di\u0101na Kr\u016bmi\u0146a atgrie\u017eas Latvij\u0101 no Indijas, kur pasaules \u010dempion\u0101t\u0101 paravieglatl\u0113tik\u0101 izc\u012bn\u012bja zelta meda\u013cas \u0161\u0137\u0113pa me\u0161an\u0101 un diska me\u0161an\u0101. <\/p>\n<p>Vakar diska me\u0161anas sacens\u012bb\u0101s Kr\u016bmi\u0146a pirmajos divos m\u0113\u0123in\u0101jumos raid\u012bja disku 24,71 un 25,29 metrus t\u0101lu, bet visos n\u0101kamajos m\u0113\u0123in\u0101jumos vi\u0146ai izdev\u0101s labot savu person\u012bgo rekordu, kas pirms \u0161\u012bm sacens\u012bb\u0101m bija 25,56 metri.<\/p>\n<p>Tre\u0161aj\u0101 pieg\u0101jien\u0101 latvietes raid\u012btais disks sasniedza 26,01 metra atz\u012bmi, un ceturtaj\u0101 m\u0113\u0123in\u0101jum\u0101 vi\u0146a raid\u012bja disku 26,51 metru t\u0101lu, kas ar\u012b palika vi\u0146as lab\u0101kais ieskait\u012btais m\u0113\u0123in\u0101jums. Piektaj\u0101 metien\u0101, kas netika ieskait\u012bts, latviete sasniedza 26,74 metrus, bet nosl\u0113dzo\u0161aj\u0101 &#8211; 26 metrus.<\/p>\n<p>S\u0101kotn\u0113ji latviete nosl\u0113dza sacens\u012bbas otraj\u0101 viet\u0101, ta\u010du noteikumu neiev\u0113ro\u0161anas d\u0113\u013c meksik\u0101niete Roza Marija Guereho, kura bija l\u012bdere ar 27,42 metriem, tika diskvalific\u0113ta, kas Kr\u016bmi\u0146ai \u013c\u0101va pak\u0101pties uz pirmo vietu.<\/p>\n<p>Savuk\u0101rt \u0161\u0137\u0113pme\u0161anas sacens\u012bb\u0101s tre\u0161dien Kr\u016bmi\u0146a start\u0113ja F56 grup\u0101 un lab\u0101kaj\u0101 no se\u0161iem m\u0113\u0123in\u0101jumiem \u0161\u0137\u0113pu raid\u012bja 26,18 metrus t\u0101lu, sasniedzot savu sezonas lab\u0101ko rezult\u0101tu. V\u0113l vien\u0101 m\u0113\u0123in\u0101jum\u0101 Latvijas parasportiste p\u0101rsniedza 26 metru robe\u017eu, divos &#8211; meta nedaudz t\u0101l\u0101k par 24 metriem, bet v\u0113l divi m\u0113\u0123in\u0101jumi netika ieskat\u012bti.<\/p>\n<p>\u201cEs esmu ieguvusi ceturto titulu \u0161\u0137\u0113pme\u0161an\u0101. Tas ir t\u0101 k\u0101 Useinam Boltam. Protams, tie ir divi da\u017e\u0101di sporta veidi, bet esmu vien\u0101 l\u012bmen\u012b ar vi\u0146u &#8211; man ar\u012b ir \u010detri tituli. Disk\u0101 tas ir otrais tituls pasaules \u010dempion\u0101t\u0101. Esmu priec\u012bga par rezult\u0101tu,\u201d atgrie\u017eoties Latvij\u0101 sac\u012bja Kr\u016bmi\u0146a.<\/p>\n","protected":false},"excerpt":{"rendered":"Parasportiste Di\u0101na Kr\u016bmi\u0146a atgrie\u017eas Latvij\u0101 no Indijas, kur pasaules \u010dempion\u0101t\u0101 paravieglatl\u0113tik\u0101 izc\u012bn\u012bja zelta meda\u013cas \u0161\u0137\u0113pa me\u0161an\u0101 un diska&hellip;\n","protected":false},"author":2,"featured_media":14112,"comment_status":"","ping_status":"","sticky":false,"template":"","format":"standard","meta":{"footnotes":""},"categories":[17],"tags":[129,3060,126,1304,35,39,38,36,37,34,40,1305,3061,127,67,1306,3062,128],"class_list":{"0":"post-14111","1":"post","2":"type-post","3":"status-publish","4":"format-standard","5":"has-post-thumbnail","7":"category-sports","8":"tag-__typenameadvicekeyword","9":"tag-id1063","10":"tag-id770","11":"tag-id970","12":"tag-latvia","13":"tag-latvian","14":"tag-latviesu","15":"tag-latviesu-valoda","16":"tag-latviesuvaloda","17":"tag-latvija","18":"tag-lv","19":"tag-slug360-zinas","20":"tag-slugparasports","21":"tag-slugsports","22":"tag-sports","23":"tag-title360-zinas","24":"tag-titleparasports","25":"tag-titlesports"},"share_on_mastodon":{"url":"","error":""},"_links":{"self":[{"href":"https:\/\/www.europesays.com\/lv\/wp-json\/wp\/v2\/posts\/14111","targetHints":{"allow":["GET"]}}],"collection":[{"href":"https:\/\/www.europesays.com\/lv\/wp-json\/wp\/v2\/posts"}],"about":[{"href":"https:\/\/www.europesays.com\/lv\/wp-json\/wp\/v2\/types\/post"}],"author":[{"embeddable":true,"href":"https:\/\/www.europesays.com\/lv\/wp-json\/wp\/v2\/users\/2"}],"replies":[{"embeddable":true,"href":"https:\/\/www.europesays.com\/lv\/wp-json\/wp\/v2\/comments?post=14111"}],"version-history":[{"count":0,"href":"https:\/\/www.europesays.com\/lv\/wp-json\/wp\/v2\/posts\/14111\/revisions"}],"wp:featuredmedia":[{"embeddable":true,"href":"https:\/\/www.europesays.com\/lv\/wp-json\/wp\/v2\/media\/14112"}],"wp:attachment":[{"href":"https:\/\/www.europesays.com\/lv\/wp-json\/wp\/v2\/media?parent=14111"}],"wp:term":[{"taxonomy":"category","embeddable":true,"href":"https:\/\/www.europesays.com\/lv\/wp-json\/wp\/v2\/categories?post=14111"},{"taxonomy":"post_tag","embeddable":true,"href":"https:\/\/www.europesays.com\/lv\/wp-json\/wp\/v2\/tags?post=14111"}],"curies":[{"name":"wp","href":"https:\/\/api.w.org\/{rel}","templated":true}]}}