{"id":14113,"date":"2025-10-06T13:36:08","date_gmt":"2025-10-06T13:36:08","guid":{"rendered":"https:\/\/www.europesays.com\/lv\/14113\/"},"modified":"2025-10-06T13:36:08","modified_gmt":"2025-10-06T13:36:08","slug":"uzulnieks-atsakas-paust-personigo-viedokli-jautajuma-par-izstasanos-no-stambulas-konvencijas","status":"publish","type":"post","link":"https:\/\/www.europesays.com\/lv\/14113\/","title":{"rendered":"Uzulnieks atsak\u0101s paust person\u012bgo viedokli jaut\u0101jum\u0101 par izst\u0101\u0161anos no Stambulas konvencijas"},"content":{"rendered":"<p>Jaut\u0101ts par vi\u0146a viedokli saist\u012bb\u0101 ar to, vai Latvijai b\u016btu vai neb\u016btu j\u0101izst\u0101jas no Stambulas konvencijas, politi\u0137is izvair\u012bgi atbild\u0113ja, ka vi\u0146\u0161 k\u0101 izpildvaras p\u0101rst\u0101vis esmu atbild\u012bgs par to, lai Latvij\u0101 mazin\u0101tu vardarb\u012bbu pret sievieti un vardarb\u012bbu \u0123imen\u0113. Savuk\u0101rt Latvijas dal\u012bba starptautisk\u0101s organiz\u0101cij\u0101s, l\u012bgumos, konvencij\u0101s un citos \u0101rpolitikas form\u0101tos ir tikai un vien\u012bgi Saeimas kompetenc\u0113.<\/p>\n<p>Uzulnieks sol\u012bja, ka neatkar\u012bgi no deput\u0101tu izv\u0113les par Stambulas konvencijas n\u0101kotni, vi\u0146\u0161 velt\u012bs p\u016bles un ener\u0123iju, lai tiktu \u012bstenoti tie pas\u0101kumi, kas noteikti Vardarb\u012bbas pret sievieti un vardarb\u012bbas \u0123imen\u0113 nov\u0113r\u0161anas un apkaro\u0161anas pl\u0101n\u0101 2024.-2029.gadam.<\/p>\n<p>Vi\u0146\u0161 saska\u0146\u0101 ar Ministru prezidentes rezol\u016bciju inform\u0113s Saeimas \u0100rlietu komisiju par l\u012bdz \u0161im paveikto un pl\u0101notaj\u0101m aktivit\u0101t\u0113m vardarb\u012bbas mazin\u0101\u0161anai. K\u0101 skaidroja Labkl\u0101j\u012bbas ministrijas (LM) Komunik\u0101cijas noda\u013cas p\u0101rst\u0101vji, tas atbilst premjeres dotajam uzdevumam, ta\u010du ministrijas kompetenc\u0113 nav sniegt vienotu instit\u016bcijas nost\u0101ju par palik\u0161anu vai izst\u0101\u0161anos no Stambulas konvencijas.<\/p>\n<p>K\u0101 v\u0113st\u012bts Ministru prezidente Evika Sili\u0146a (JV) ir uzdevusi Za\u013co un zemnieku savien\u012bbu (ZZS) p\u0101rst\u0101vo\u0161ajam labkl\u0101j\u012bbas ministram Reinim Uzulniekam skaidrot, ko Labkl\u0101j\u012bbas ministrija paveikusi, lai \u012bstenotu Stambulas konvencijas ap\u0146em\u0161an\u0101s vardarb\u012bbas mazin\u0101\u0161anai.<\/p>\n","protected":false},"excerpt":{"rendered":"Jaut\u0101ts par vi\u0146a viedokli saist\u012bb\u0101 ar to, vai Latvijai b\u016btu vai neb\u016btu j\u0101izst\u0101jas no Stambulas konvencijas, politi\u0137is izvair\u012bgi&hellip;\n","protected":false},"author":2,"featured_media":7530,"comment_status":"","ping_status":"","sticky":false,"template":"","format":"standard","meta":{"footnotes":""},"categories":[5],"tags":[23,28,29,32,33,22,30,31,35,39,38,36,37,34,40,20,26,27,3586,2023,24,25,21],"class_list":{"0":"post-14113","1":"post","2":"type-post","3":"status-publish","4":"format-standard","5":"has-post-thumbnail","7":"category-aktualitates","8":"tag-aktualitates","9":"tag-breaking-news","10":"tag-breakingnews","11":"tag-featured-news","12":"tag-featurednews","13":"tag-headlines","14":"tag-latest-news","15":"tag-latestnews","16":"tag-latvia","17":"tag-latvian","18":"tag-latviesu","19":"tag-latviesu-valoda","20":"tag-latviesuvaloda","21":"tag-latvija","22":"tag-lv","23":"tag-news","24":"tag-popularakas-zinas","25":"tag-popularakaszinas","26":"tag-reinis-uzulnieks","27":"tag-stambulas-konvencija","28":"tag-top-stories","29":"tag-topstories","30":"tag-zinas"},"share_on_mastodon":{"url":"","error":""},"_links":{"self":[{"href":"https:\/\/www.europesays.com\/lv\/wp-json\/wp\/v2\/posts\/14113","targetHints":{"allow":["GET"]}}],"collection":[{"href":"https:\/\/www.europesays.com\/lv\/wp-json\/wp\/v2\/posts"}],"about":[{"href":"https:\/\/www.europesays.com\/lv\/wp-json\/wp\/v2\/types\/post"}],"author":[{"embeddable":true,"href":"https:\/\/www.europesays.com\/lv\/wp-json\/wp\/v2\/users\/2"}],"replies":[{"embeddable":true,"href":"https:\/\/www.europesays.com\/lv\/wp-json\/wp\/v2\/comments?post=14113"}],"version-history":[{"count":0,"href":"https:\/\/www.europesays.com\/lv\/wp-json\/wp\/v2\/posts\/14113\/revisions"}],"wp:featuredmedia":[{"embeddable":true,"href":"https:\/\/www.europesays.com\/lv\/wp-json\/wp\/v2\/media\/7530"}],"wp:attachment":[{"href":"https:\/\/www.europesays.com\/lv\/wp-json\/wp\/v2\/media?parent=14113"}],"wp:term":[{"taxonomy":"category","embeddable":true,"href":"https:\/\/www.europesays.com\/lv\/wp-json\/wp\/v2\/categories?post=14113"},{"taxonomy":"post_tag","embeddable":true,"href":"https:\/\/www.europesays.com\/lv\/wp-json\/wp\/v2\/tags?post=14113"}],"curies":[{"name":"wp","href":"https:\/\/api.w.org\/{rel}","templated":true}]}}