{"id":14147,"date":"2025-10-06T14:06:09","date_gmt":"2025-10-06T14:06:09","guid":{"rendered":"https:\/\/www.europesays.com\/lv\/14147\/"},"modified":"2025-10-06T14:06:09","modified_gmt":"2025-10-06T14:06:09","slug":"augusta-rupniecibas-produkcijas-apjoms-pieaudzis-par-24","status":"publish","type":"post","link":"https:\/\/www.europesays.com\/lv\/14147\/","title":{"rendered":"August\u0101 r\u016bpniec\u012bbas produkcijas apjoms pieaudzis par 2,4 %"},"content":{"rendered":"<p>2025.gada august\u0101, sal\u012bdzinot ar 2024.gada augustu,\u00a0r\u016bpniec\u012bbas produkcijas apjoms\u00a0p\u0113c kalend\u0101ri kori\u0123\u0113tiem datiem sal\u012bdzin\u0101maj\u0101s cen\u0101s palielin\u0101j\u0101s par 2,4\u00a0%, liecina Centr\u0101l\u0101s statistikas p\u0101rvaldes (CSP) dati.\u00a0Ra\u017eo\u0161anas apjoms palielin\u0101j\u0101s apstr\u0101des r\u016bpniec\u012bb\u0101 \u2013\u00a0par 4,1\u00a0%, k\u0101 ar\u012b elektroener\u0123ijas un g\u0101zes apg\u0101d\u0113 \u2013 par 0,5\u00a0%, savuk\u0101rt samazin\u0101j\u0101s ieguves r\u016bpniec\u012bb\u0101 un karjeru izstr\u0101d\u0113 \u2013 par 23,9\u00a0%.<\/p>\n<p>R\u016bpniec\u012bbas produkcijas apjoms palielin\u0101j\u0101s tr\u012bs p\u0113c \u012bpatsvara liel\u0101kaj\u0101s apstr\u0101des r\u016bpniec\u012bbas nozar\u0113s: koksnes un koka izstr\u0101d\u0101jumu ra\u017eo\u0161an\u0101 \u2013 par 8,9\u00a0%, p\u0101rtikas produktu ra\u017eo\u0161an\u0101 \u2013 par 11,2\u00a0% un gatavo met\u0101lizstr\u0101d\u0101jumu, iz\u0146emot ma\u0161\u012bnas un iek\u0101rtas, ra\u017eo\u0161an\u0101 \u2013 par 15,4\u00a0%. R\u016bpniec\u012bbas produkcijas apjoma\u00a0pieaugums bija ar\u012b automobi\u013cu, piekabju un puspiekabju ra\u017eo\u0161an\u0101 \u2013 par 23,7\u00a0%, poligr\u0101fij\u0101 un ierakstu reproduc\u0113\u0161an\u0101 \u2013 par 16,1\u00a0%, gumijas un plastmasas izstr\u0101d\u0101jumu ra\u017eo\u0161an\u0101 \u2013 par 14,0\u00a0%,\u00a0m\u0113be\u013cu ra\u017eo\u0161an\u0101 \u2013 par 12,8\u00a0%, k\u0101 ar\u012b elektrisko iek\u0101rtu ra\u017eo\u0161an\u0101 \u2013 par 12,0\u00a0%.<\/p>\n<p>Savuk\u0101rt produkcijas apjoma kritums bija iek\u0101rtu un ier\u012b\u010du remont\u0101 un uzst\u0101d\u012b\u0161an\u0101 \u2013 par 14,5\u00a0%, iek\u0101rtu, meh\u0101nismu un darba ma\u0161\u012bnu ra\u017eo\u0161an\u0101 \u2013 par 13,7\u00a0%, tekstilizstr\u0101d\u0101jumu ra\u017eo\u0161an\u0101 \u2013 par 10,4\u00a0% un dz\u0113rienu ra\u017eo\u0161an\u0101 \u2013 par 9,6\u00a0%.<\/p>\n<p>P\u0113c CSP datiem, august\u0101, sal\u012bdzinot ar j\u016bliju,\u00a0r\u016bpniec\u012bbas produkcijas apjoms p\u0113c sezon\u0101li kori\u0123\u0113tiem datiem sal\u012bdzin\u0101maj\u0101s cen\u0101s samazin\u0101j\u0101s par 2,4\u00a0%. Ra\u017eo\u0161anas apjoma kritums bija apstr\u0101des r\u016bpniec\u012bb\u0101 \u2013 par 1,0\u00a0%, elektroener\u0123ijas un g\u0101zes apg\u0101d\u0113 \u2013 par 24,5\u00a0%, k\u0101 ar\u012b ieguves r\u016bpniec\u012bb\u0101 un karjeru izstr\u0101d\u0113 \u2013 par 10,1\u00a0%.\u00a0<\/p>\n<p>2025.gada august\u0101, sal\u012bdzinot ar 2024.gada augustu, apstr\u0101des r\u016bpniec\u012bbas apgroz\u012bjums p\u0113c kalend\u0101ri kori\u0123\u0113tiem datiem faktiskaj\u0101s cen\u0101s palielin\u0101j\u0101s par 7,4\u00a0%. Apgroz\u012bjums viet\u0113j\u0101 tirg\u016b palielin\u0101j\u0101s par 4,5\u00a0%, bet eksport\u0101 par 9,1\u00a0% (tai skait\u0101 eirozon\u0101 par 13,1\u00a0%, bet \u0101rpus eirozonas par 5,7\u00a0%).<\/p>\n<p>August\u0101, sal\u012bdzinot ar j\u016bliju, apstr\u0101des r\u016bpniec\u012bbas apgroz\u012bjums p\u0113c sezon\u0101li kori\u0123\u0113tiem datiem palielin\u0101j\u0101s par 0,1\u00a0%. Viet\u0113j\u0101 tirg\u016b apgroz\u012bjums samazin\u0101j\u0101s par 0,3\u00a0%, bet eksport\u0101 pieauga par 0,3\u00a0% (tai skait\u0101 eirozon\u0101 k\u0101pums par 5,0\u00a0%, bet \u0101rpus eirozonas kritums par 3,6\u00a0%), inform\u0113ja CSP.<\/p>\n","protected":false},"excerpt":{"rendered":"2025.gada august\u0101, sal\u012bdzinot ar 2024.gada augustu,\u00a0r\u016bpniec\u012bbas produkcijas apjoms\u00a0p\u0113c kalend\u0101ri kori\u0123\u0113tiem datiem sal\u012bdzin\u0101maj\u0101s cen\u0101s palielin\u0101j\u0101s par 2,4\u00a0%, liecina Centr\u0101l\u0101s&hellip;\n","protected":false},"author":2,"featured_media":14148,"comment_status":"","ping_status":"","sticky":false,"template":"","format":"standard","meta":{"footnotes":""},"categories":[5],"tags":[23,28,29,47,32,33,22,381,64,30,31,35,39,38,36,37,34,40,20,385,26,27,172,382,384,383,24,25,21],"class_list":{"0":"post-14147","1":"post","2":"type-post","3":"status-publish","4":"format-standard","5":"has-post-thumbnail","7":"category-aktualitates","8":"tag-aktualitates","9":"tag-breaking-news","10":"tag-breakingnews","11":"tag-ekonomika","12":"tag-featured-news","13":"tag-featurednews","14":"tag-headlines","15":"tag-jaunumi","16":"tag-kultura","17":"tag-latest-news","18":"tag-latestnews","19":"tag-latvia","20":"tag-latvian","21":"tag-latviesu","22":"tag-latviesu-valoda","23":"tag-latviesuvaloda","24":"tag-latvija","25":"tag-lv","26":"tag-news","27":"tag-pieriga","28":"tag-popularakas-zinas","29":"tag-popularakaszinas","30":"tag-riga","31":"tag-sabiedriba","32":"tag-sludinajumi","33":"tag-sports-afisa","34":"tag-top-stories","35":"tag-topstories","36":"tag-zinas"},"share_on_mastodon":{"url":"","error":""},"_links":{"self":[{"href":"https:\/\/www.europesays.com\/lv\/wp-json\/wp\/v2\/posts\/14147","targetHints":{"allow":["GET"]}}],"collection":[{"href":"https:\/\/www.europesays.com\/lv\/wp-json\/wp\/v2\/posts"}],"about":[{"href":"https:\/\/www.europesays.com\/lv\/wp-json\/wp\/v2\/types\/post"}],"author":[{"embeddable":true,"href":"https:\/\/www.europesays.com\/lv\/wp-json\/wp\/v2\/users\/2"}],"replies":[{"embeddable":true,"href":"https:\/\/www.europesays.com\/lv\/wp-json\/wp\/v2\/comments?post=14147"}],"version-history":[{"count":0,"href":"https:\/\/www.europesays.com\/lv\/wp-json\/wp\/v2\/posts\/14147\/revisions"}],"wp:featuredmedia":[{"embeddable":true,"href":"https:\/\/www.europesays.com\/lv\/wp-json\/wp\/v2\/media\/14148"}],"wp:attachment":[{"href":"https:\/\/www.europesays.com\/lv\/wp-json\/wp\/v2\/media?parent=14147"}],"wp:term":[{"taxonomy":"category","embeddable":true,"href":"https:\/\/www.europesays.com\/lv\/wp-json\/wp\/v2\/categories?post=14147"},{"taxonomy":"post_tag","embeddable":true,"href":"https:\/\/www.europesays.com\/lv\/wp-json\/wp\/v2\/tags?post=14147"}],"curies":[{"name":"wp","href":"https:\/\/api.w.org\/{rel}","templated":true}]}}