{"id":14157,"date":"2025-10-06T14:14:06","date_gmt":"2025-10-06T14:14:06","guid":{"rendered":"https:\/\/www.europesays.com\/lv\/14157\/"},"modified":"2025-10-06T14:14:06","modified_gmt":"2025-10-06T14:14:06","slug":"ufc-trampa-dzimsanas-diena-rikos-cinas-balta-nama-teritorija","status":"publish","type":"post","link":"https:\/\/www.europesays.com\/lv\/14157\/","title":{"rendered":"UFC Trampa dzim\u0161anas dien\u0101 r\u012bkos c\u012b\u0146as Balt\u0101 nama teritorij\u0101"},"content":{"rendered":"<p>Sv\u0113tdien, uzst\u0101joties Norfolkas J\u016bras kara b\u0101z\u0113 ASV J\u016bras sp\u0113ku 250. gadadienas svin\u012bb\u0101s, Tramps pazi\u0146oja, ka 14. j\u016bnij\u0101, vi\u0146a dzim\u0161anas dien\u0101, Balt\u0101 nama z\u0101lien\u0101 tiks aizvad\u012bts <a href=\"https:\/\/sports.tvnet.lv\/term\/224848\/ufc\" class=\"topicLink\" target=\"_blank\" rel=\"nofollow noopener\">UFC<\/a> turn\u012brs, v\u0113sta a\u0123ent\u016bra &#8220;Reuters&#8221;.<\/p>\n<p>Tramps jau \u0161\u0101 gada j\u016blij\u0101 iemin\u0113j\u0101s par iesp\u0113ju r\u012bkot UFC pas\u0101kumu Baltaj\u0101 nam\u0101, ta\u010du toreiz konkr\u0113ts datums netika noteikts.<\/p>\n<p>\u201cTur ir daudz vietas. Iedom\u0101jieties \u2013 UFC c\u012b\u0146as Balt\u0101 nama pagalm\u0101! Tas b\u016btu lielisks \u0161ovs ar 20 l\u012bdz 25 t\u016bksto\u0161iem skat\u012bt\u0101ju,\u201d toreiz sac\u012bja Tramps.<\/p>\n<p>Trampam ir ilgsto\u0161as attiec\u012bbas ar UFC organiz\u0101ciju un t\u0101s prezidentu Danu Vaitu, kur\u0161 ir ar\u012b vi\u0146a akt\u012bvs atbalst\u012bt\u0101js. ASV prezidents vair\u0101kk\u0101rt ir apmekl\u0113jis UFC turn\u012brus, tostarp savas prezident\u016bras laik\u0101.<\/p>\n<p>Vaits apstiprin\u0101jis, ka UFC ir gatava r\u012bkot pas\u0101kumu Baltaj\u0101 nam\u0101 un p\u0113c tam segs ar\u012b Balt\u0101 nama z\u0101liena atjauno\u0161anas izmaksas, kas var\u0113tu sasniegt apm\u0113ram 700 000 ASV dol\u0101ru.<\/p>\n<p>Ja \u0161is pas\u0101kums notiks, tas k\u013c\u016bs par pirmo profesion\u0101lo sporta notikumu Balt\u0101 nama teritorij\u0101. Organizatoriem n\u0101ksies iev\u0113rot \u012bpa\u0161i stingrus dro\u0161\u012bbas un lo\u0123istikas pas\u0101kumus, ar\u012b skat\u012bt\u0101ju skaita ierobe\u017eojumus un telev\u012bzijas transl\u0101cijas noteikumus.<\/p>\n<p>\u0160is solis k\u0101rt\u0113jo reizi apliecina Trampa sp\u0113ju apvienot politiku, izklaidi un sportu vien\u0101 pas\u0101kum\u0101, kas, visticam\u0101k, piesaist\u012bs milz\u012bgu sabiedr\u012bbas un mediju uzman\u012bbu.<\/p>\n","protected":false},"excerpt":{"rendered":"Sv\u0113tdien, uzst\u0101joties Norfolkas J\u016bras kara b\u0101z\u0113 ASV J\u016bras sp\u0113ku 250. gadadienas svin\u012bb\u0101s, Tramps pazi\u0146oja, ka 14. j\u016bnij\u0101, vi\u0146a&hellip;\n","protected":false},"author":2,"featured_media":14158,"comment_status":"","ping_status":"","sticky":false,"template":"","format":"standard","meta":{"footnotes":""},"categories":[17],"tags":[2235,542,35,39,38,36,37,34,40,2234,67,5048],"class_list":{"0":"post-14157","1":"post","2":"type-post","3":"status-publish","4":"format-standard","5":"has-post-thumbnail","7":"category-sports","8":"tag-cinas-sports","9":"tag-donalds-tramps","10":"tag-latvia","11":"tag-latvian","12":"tag-latviesu","13":"tag-latviesu-valoda","14":"tag-latviesuvaloda","15":"tag-latvija","16":"tag-lv","17":"tag-mma","18":"tag-sports","19":"tag-ufc"},"share_on_mastodon":{"url":"","error":""},"_links":{"self":[{"href":"https:\/\/www.europesays.com\/lv\/wp-json\/wp\/v2\/posts\/14157","targetHints":{"allow":["GET"]}}],"collection":[{"href":"https:\/\/www.europesays.com\/lv\/wp-json\/wp\/v2\/posts"}],"about":[{"href":"https:\/\/www.europesays.com\/lv\/wp-json\/wp\/v2\/types\/post"}],"author":[{"embeddable":true,"href":"https:\/\/www.europesays.com\/lv\/wp-json\/wp\/v2\/users\/2"}],"replies":[{"embeddable":true,"href":"https:\/\/www.europesays.com\/lv\/wp-json\/wp\/v2\/comments?post=14157"}],"version-history":[{"count":0,"href":"https:\/\/www.europesays.com\/lv\/wp-json\/wp\/v2\/posts\/14157\/revisions"}],"wp:featuredmedia":[{"embeddable":true,"href":"https:\/\/www.europesays.com\/lv\/wp-json\/wp\/v2\/media\/14158"}],"wp:attachment":[{"href":"https:\/\/www.europesays.com\/lv\/wp-json\/wp\/v2\/media?parent=14157"}],"wp:term":[{"taxonomy":"category","embeddable":true,"href":"https:\/\/www.europesays.com\/lv\/wp-json\/wp\/v2\/categories?post=14157"},{"taxonomy":"post_tag","embeddable":true,"href":"https:\/\/www.europesays.com\/lv\/wp-json\/wp\/v2\/tags?post=14157"}],"curies":[{"name":"wp","href":"https:\/\/api.w.org\/{rel}","templated":true}]}}