{"id":14164,"date":"2025-10-06T14:24:09","date_gmt":"2025-10-06T14:24:09","guid":{"rendered":"https:\/\/www.europesays.com\/lv\/14164\/"},"modified":"2025-10-06T14:24:09","modified_gmt":"2025-10-06T14:24:09","slug":"labklajibas-ministrs-neatklaj-personigo-viedokli-par-izstasanos-no-stambulas-konvencijas","status":"publish","type":"post","link":"https:\/\/www.europesays.com\/lv\/14164\/","title":{"rendered":"Labkl\u0101j\u012bbas ministrs neatkl\u0101j person\u012bgo viedokli par izst\u0101\u0161anos no Stambulas konvencijas"},"content":{"rendered":"<blockquote class=\"quote ck-widget\" contenteditable=\"false\">\n<p>&#8220;Ja premjere un &#8220;Jaun\u0101 vienot\u012bba&#8221; nesp\u0113j rea\u0123\u0113t pat tad, kad iesp\u0113jama seksu\u0101la uzm\u0101k\u0161an\u0101s skar b\u0113rnu, tad runas par Stambulas konvenciju k\u013c\u016bst tuk\u0161as un bezj\u0113dz\u012bgas. Sabiedr\u012bbai ir ties\u012bbas sagaid\u012bt r\u012bc\u012bbu, nevis klus\u0113\u0161anu,&#8221; kl\u0101sta ZZS un aicina premjeri &#8220;publiski skaidrot nost\u0101ju, v\u0113rt\u0113t atbild\u012bgo dienestu r\u012bc\u012bbu un p\u0101rskat\u012bt migr\u0101cijas un sabiedr\u012bbas dro\u0161\u012bbas politiku&#8221;.<\/p>\n<\/blockquote>\n<p>Septembra izska\u0146\u0101, pateicoties ZZS balsojumam Saeim\u0101 par Stambulas konvencijas denons\u0113\u0161anu, s\u0101k\u0101s izteikta nestabilit\u0101te vald\u012bbas koal\u012bcij\u0101. Koal\u012bcijas partneri gan ap\u0146\u0113mu\u0161ies str\u0101d\u0101t, lai pie\u0146emtu n\u0101kam\u0101 gada &#8220;dro\u0161\u012bbas bud\u017eetu&#8221;, ta\u010du tic\u012bbu Sili\u0146as vald\u012bbas sp\u0113jai str\u0101d\u0101t ilgtermi\u0146\u0101 nu jau pau\u017e vien retais politi\u0137is.<\/p>\n<p>&#8220;Jaunajai vienot\u012bbai&#8221; Saeim\u0101 ir 25 deput\u0101ti, ZZS frakcij\u0101 &#8211; 16 deput\u0101ti, bet &#8220;Progres\u012bvo&#8221; rind\u0101s &#8211; asto\u0146i Saeimas deput\u0101ti. AS ir 13 deput\u0101ti, NA &#8211; 12 deput\u0101ti, &#8220;Latvija pirmaj\u0101 viet\u0101&#8221; un &#8220;Stabilit\u0101tei&#8221; &#8211; katr\u0101 pa asto\u0146iem deput\u0101tiem. V\u0113l Saeim\u0101 ir 10 pie frakcij\u0101m nepiedero\u0161i deput\u0101ti, da\u017ei no kuriem atbalsta valdo\u0161o koal\u012bciju.<\/p>\n<p>Latvij\u0101 Eiropas Padomes Konvencija par vardarb\u012bbas pret sieviet\u0113m un vardarb\u012bbas \u0123imen\u0113 nov\u0113r\u0161anu un apkaro\u0161anu jeb t\u0101 d\u0113v\u0113t\u0101 <a href=\"https:\/\/www.apollo.lv\/term\/610216\/stambulas-konvencija\" class=\"topicLink\" target=\"_blank\" rel=\"nofollow noopener\">Stambulas konvencija<\/a> st\u0101j\u0101s sp\u0113k\u0101 pag\u0101ju\u0161\u0101 gada 1.maij\u0101. Tas ir starptautisks l\u012bgums, kas paredz, ka t\u0101 dal\u012bbvalst\u012bm ir j\u0101izstr\u0101d\u0101 saska\u0146ota politika, lai lab\u0101k var\u0113tu aizsarg\u0101t sievietes no visu veidu vardarb\u012bbas, k\u0101 ar\u012b sievietes un v\u012brie\u0161us no vardarb\u012bbas \u0123imen\u0113. Tostarp dal\u012bbvalst\u012bm ir j\u0101nodro\u0161ina cietu\u0161ajiem vispus\u012bga pal\u012bdz\u012bba un aizsardz\u012bba, kr\u012bzes centri, kr\u012bzes t\u0101lrunis, kas darbojas diennakti, specializ\u0113tie atbalsta centri no seksu\u0101las vardarb\u012bbas cietu\u0161\u0101m person\u0101m, j\u0101aizsarg\u0101 un j\u0101atbalsta b\u0113rni, kas ir vardarb\u012bbas liecinieki.<\/p>\n","protected":false},"excerpt":{"rendered":"&#8220;Ja premjere un &#8220;Jaun\u0101 vienot\u012bba&#8221; nesp\u0113j rea\u0123\u0113t pat tad, kad iesp\u0113jama seksu\u0101la uzm\u0101k\u0161an\u0101s skar b\u0113rnu, tad runas par&hellip;\n","protected":false},"author":2,"featured_media":14165,"comment_status":"","ping_status":"","sticky":false,"template":"","format":"standard","meta":{"footnotes":""},"categories":[5],"tags":[23,28,29,32,33,22,1663,30,31,35,39,38,36,37,34,40,20,26,27,3586,2023,24,25,21,666],"class_list":{"0":"post-14164","1":"post","2":"type-post","3":"status-publish","4":"format-standard","5":"has-post-thumbnail","7":"category-aktualitates","8":"tag-aktualitates","9":"tag-breaking-news","10":"tag-breakingnews","11":"tag-featured-news","12":"tag-featurednews","13":"tag-headlines","14":"tag-labklajibas-ministrija","15":"tag-latest-news","16":"tag-latestnews","17":"tag-latvia","18":"tag-latvian","19":"tag-latviesu","20":"tag-latviesu-valoda","21":"tag-latviesuvaloda","22":"tag-latvija","23":"tag-lv","24":"tag-news","25":"tag-popularakas-zinas","26":"tag-popularakaszinas","27":"tag-reinis-uzulnieks","28":"tag-stambulas-konvencija","29":"tag-top-stories","30":"tag-topstories","31":"tag-zinas","32":"tag-zzs"},"share_on_mastodon":{"url":"","error":""},"_links":{"self":[{"href":"https:\/\/www.europesays.com\/lv\/wp-json\/wp\/v2\/posts\/14164","targetHints":{"allow":["GET"]}}],"collection":[{"href":"https:\/\/www.europesays.com\/lv\/wp-json\/wp\/v2\/posts"}],"about":[{"href":"https:\/\/www.europesays.com\/lv\/wp-json\/wp\/v2\/types\/post"}],"author":[{"embeddable":true,"href":"https:\/\/www.europesays.com\/lv\/wp-json\/wp\/v2\/users\/2"}],"replies":[{"embeddable":true,"href":"https:\/\/www.europesays.com\/lv\/wp-json\/wp\/v2\/comments?post=14164"}],"version-history":[{"count":0,"href":"https:\/\/www.europesays.com\/lv\/wp-json\/wp\/v2\/posts\/14164\/revisions"}],"wp:featuredmedia":[{"embeddable":true,"href":"https:\/\/www.europesays.com\/lv\/wp-json\/wp\/v2\/media\/14165"}],"wp:attachment":[{"href":"https:\/\/www.europesays.com\/lv\/wp-json\/wp\/v2\/media?parent=14164"}],"wp:term":[{"taxonomy":"category","embeddable":true,"href":"https:\/\/www.europesays.com\/lv\/wp-json\/wp\/v2\/categories?post=14164"},{"taxonomy":"post_tag","embeddable":true,"href":"https:\/\/www.europesays.com\/lv\/wp-json\/wp\/v2\/tags?post=14164"}],"curies":[{"name":"wp","href":"https:\/\/api.w.org\/{rel}","templated":true}]}}