{"id":14180,"date":"2025-10-06T14:35:12","date_gmt":"2025-10-06T14:35:12","guid":{"rendered":"https:\/\/www.europesays.com\/lv\/14180\/"},"modified":"2025-10-06T14:35:12","modified_gmt":"2025-10-06T14:35:12","slug":"muziba-devies-ekspolitikis-ziedonis-cevers","status":"publish","type":"post","link":"https:\/\/www.europesays.com\/lv\/14180\/","title":{"rendered":"M\u016b\u017e\u012bb\u0101 devies ekspoliti\u0137is Ziedonis \u010cevers"},"content":{"rendered":"<p>Iek\u0161lietu ministrij\u0101 a\u0123ent\u016brai LETA \u0161o inform\u0101ciju ne apstiprin\u0101ja, ne noliedza. Koment\u0101ru nesniedza ar\u012b Saeim\u0101.<\/p>\n<p>LETA arh\u012bvs un publiski pieejam\u0101 inform\u0101cija liecina, ka \u010cevers dzimis 1960.gada 29.janv\u0101r\u012b.<\/p>\n<p>\u010cevers 1978.gad\u0101 beidzis R\u012bgas 8.vidusskolu, bet 1982.gad\u0101 &#8211; toreiz\u0113jo Latvijas Valsts fizisk\u0101s kult\u016bras instit\u016btu fizisk\u0101s audzin\u0101\u0161anas specialit\u0101t\u0113. 70 un 80.gados bijis str\u0101dnieks r\u016bpn\u012bc\u0101s, d\u017eudo treneris un R\u012bgas Kirova rajona Komjaunatnes komitejas 1.sekret\u0101rs un izpildkomitejas priek\u0161s\u0113d\u0113t\u0101ja vietnieks.<\/p>\n<p>1991.gad\u0101 \u010cevers ie\u0146\u0113ma R\u012bgas pils\u0113tas Iek\u0161lietu p\u0101rvaldes priek\u0161nieka vietnieka amatu un \u0161aj\u0101 pa\u0161\u0101 gad\u0101 vi\u0146u apstiprin\u0101ja par iek\u0161lietu ministru Ivara Godma\u0146a vald\u012bb\u0101.<\/p>\n<p>1994.gad\u0101 \u010cevers dibin\u0101ja partiju &#8220;Saimnieks&#8221;, k\u013cuva par t\u0101s priek\u0161s\u0113d\u0113t\u0101ju un iev\u0113l\u0113ts R\u012bgas dom\u0113.<\/p>\n<p>1995.gad\u0101 apvienoj\u0101s &#8220;Saimnieks&#8221; un Demokr\u0101tisk\u0101 Centra partija, izveidojot Demokr\u0101tisko partiju &#8220;Saimnieks&#8221; (DPS), par kuras priek\u0161s\u0113d\u0113t\u0101ju k\u013cuva \u010cevers. \u0160aj\u0101 pa\u0161\u0101 gad\u0101 iev\u0113l\u0113ts<\/p>\n<p>Iev\u0113l\u0113ts par 6.Saeimas deput\u0101tu un toreiz\u0113jais Valsts prezidents Guntis Ulmanis uztic\u0113jis veidot Ministru kabinetu, ta\u010du Saeimas atbalstu \u010cevera veidot\u0101 vald\u012bba neguva.<\/p>\n<p>\u010cevers ie\u0146\u0113ma ar\u012b Ministru prezidenta biedra amatu Andra \u0160\u0137\u0113les vald\u012bb\u0101, ta\u010du v\u0113l\u0101k demision\u0113jis no \u0161\u012b amata. Laik\u0101 no 1997. l\u012bdz 1998.gadam \u010cevers k\u013cuva par iek\u0161lietu ministru Guntara Krasta vald\u012bb\u0101.<\/p>\n","protected":false},"excerpt":{"rendered":"Iek\u0161lietu ministrij\u0101 a\u0123ent\u016brai LETA \u0161o inform\u0101ciju ne apstiprin\u0101ja, ne noliedza. Koment\u0101ru nesniedza ar\u012b Saeim\u0101. LETA arh\u012bvs un publiski&hellip;\n","protected":false},"author":2,"featured_media":14181,"comment_status":"","ping_status":"","sticky":false,"template":"","format":"standard","meta":{"footnotes":""},"categories":[12],"tags":[23,28,29,32,33,22,2161,30,31,35,39,38,36,37,34,40,20,26,27,24,25,21],"class_list":{"0":"post-14180","1":"post","2":"type-post","3":"status-publish","4":"format-standard","5":"has-post-thumbnail","7":"category-latvija","8":"tag-aktualitates","9":"tag-breaking-news","10":"tag-breakingnews","11":"tag-featured-news","12":"tag-featurednews","13":"tag-headlines","14":"tag-in-memoriam","15":"tag-latest-news","16":"tag-latestnews","17":"tag-latvia","18":"tag-latvian","19":"tag-latviesu","20":"tag-latviesu-valoda","21":"tag-latviesuvaloda","22":"tag-latvija","23":"tag-lv","24":"tag-news","25":"tag-popularakas-zinas","26":"tag-popularakaszinas","27":"tag-top-stories","28":"tag-topstories","29":"tag-zinas"},"share_on_mastodon":{"url":"","error":""},"_links":{"self":[{"href":"https:\/\/www.europesays.com\/lv\/wp-json\/wp\/v2\/posts\/14180","targetHints":{"allow":["GET"]}}],"collection":[{"href":"https:\/\/www.europesays.com\/lv\/wp-json\/wp\/v2\/posts"}],"about":[{"href":"https:\/\/www.europesays.com\/lv\/wp-json\/wp\/v2\/types\/post"}],"author":[{"embeddable":true,"href":"https:\/\/www.europesays.com\/lv\/wp-json\/wp\/v2\/users\/2"}],"replies":[{"embeddable":true,"href":"https:\/\/www.europesays.com\/lv\/wp-json\/wp\/v2\/comments?post=14180"}],"version-history":[{"count":0,"href":"https:\/\/www.europesays.com\/lv\/wp-json\/wp\/v2\/posts\/14180\/revisions"}],"wp:featuredmedia":[{"embeddable":true,"href":"https:\/\/www.europesays.com\/lv\/wp-json\/wp\/v2\/media\/14181"}],"wp:attachment":[{"href":"https:\/\/www.europesays.com\/lv\/wp-json\/wp\/v2\/media?parent=14180"}],"wp:term":[{"taxonomy":"category","embeddable":true,"href":"https:\/\/www.europesays.com\/lv\/wp-json\/wp\/v2\/categories?post=14180"},{"taxonomy":"post_tag","embeddable":true,"href":"https:\/\/www.europesays.com\/lv\/wp-json\/wp\/v2\/tags?post=14180"}],"curies":[{"name":"wp","href":"https:\/\/api.w.org\/{rel}","templated":true}]}}