{"id":14197,"date":"2025-10-06T14:54:09","date_gmt":"2025-10-06T14:54:09","guid":{"rendered":"https:\/\/www.europesays.com\/lv\/14197\/"},"modified":"2025-10-06T14:54:09","modified_gmt":"2025-10-06T14:54:09","slug":"lepena-aicina-francija-rikot-pirmstermina-parlamenta-velesanas","status":"publish","type":"post","link":"https:\/\/www.europesays.com\/lv\/14197\/","title":{"rendered":"Lep\u0113na aicina Francij\u0101 r\u012bkot pirmstermi\u0146a parlamenta v\u0113l\u0113\u0161anas"},"content":{"rendered":"<p>&#8220;[Parlamenta] atlai\u0161ana ir absol\u016bti nepiecie\u0161ama,&#8221; sac\u012bja Lep\u0113na.<\/p>\n<p>B\u016btu pr\u0101t\u012bgi, ja ar\u012b prezidents <a href=\"https:\/\/www.tvnet.lv\/term\/555692\/emanuels-makrons\" class=\"topicLink\" target=\"_blank\" rel=\"nofollow noopener\">Emanuels Makrons<\/a> atk\u0101ptos, vi\u0146a piebilda. Tiesa, Makrons iepriek\u0161 \u0161\u0101du iesp\u0113ju noraid\u012bjis.<\/p>\n<p>Tikai da\u017eas stundas p\u0113c jaun\u0101s vald\u012bbas sast\u0101va izzi\u0146o\u0161anas Makrons pirmdien pazi\u0146oja, ka pie\u0146\u0113mis premjerministra Sebastj\u0113na Lekorn\u012b atk\u0101p\u0161anos.<\/p>\n<p>Makrons vald\u012bbas vad\u012b\u0161anu Lekorn\u012b uztic\u0113ja septembr\u012b, bet sv\u0113tdien nosauca vi\u0146a vad\u012bt\u0101s jaun\u0101s vald\u012bbas sast\u0101vu, kas nekav\u0113joties izsauca asu kritiku.<\/p>\n<p>Lekorn\u012b bija sask\u0101ries ar sare\u017e\u0123\u012btu uzdevumu &#8211; pan\u0101kt, ka dzi\u013ci sa\u0161\u0137eltaj\u0101 parlament\u0101 tiek apstiprin\u0101ts n\u0101kam\u0101 gada taup\u012bbas bud\u017eets.<\/p>\n<p>Divus Lekorn\u012b priek\u0161g\u0101j\u0113jus &#8211; Fransu\u0101 Beir\u016b un Mi\u0161elu Barnj\u0113 &#8211; likumdev\u0113ju pal\u0101ta atst\u0101din\u0101ja no amata, nerimstot domstarp\u012bb\u0101m par izdevumu pl\u0101nu.<\/p>\n<p><a href=\"https:\/\/www.tvnet.lv\/term\/555453\/francija\" class=\"topicLink\" target=\"_blank\" rel=\"nofollow noopener\">Francija<\/a> non\u0101kusi strupce\u013c\u0101, kop\u0161 Makrons pag\u0101ju\u0161\u0101 gada vid\u016b risk\u0113ja ar \u0101rk\u0101rtas parlamenta v\u0113l\u0113\u0161an\u0101m, cerot stiprin\u0101t savas poz\u012bcijas.<\/p>\n<p>Gaid\u012btais rezult\u0101ts izpalika, un Makronam draudz\u012bgo sp\u0113ku bloks Nacion\u0101laj\u0101 sapulc\u0113 palika maz\u0101kum\u0101.<\/p>\n","protected":false},"excerpt":{"rendered":"&#8220;[Parlamenta] atlai\u0161ana ir absol\u016bti nepiecie\u0161ama,&#8221; sac\u012bja Lep\u0113na. B\u016btu pr\u0101t\u012bgi, ja ar\u012b prezidents Emanuels Makrons atk\u0101ptos, vi\u0146a piebilda. Tiesa,&hellip;\n","protected":false},"author":2,"featured_media":14198,"comment_status":"","ping_status":"","sticky":false,"template":"","format":"standard","meta":{"footnotes":""},"categories":[5],"tags":[23,28,29,1310,32,33,1309,22,30,31,35,39,38,36,37,34,40,5034,20,26,27,24,25,21],"class_list":{"0":"post-14197","1":"post","2":"type-post","3":"status-publish","4":"format-standard","5":"has-post-thumbnail","7":"category-aktualitates","8":"tag-aktualitates","9":"tag-breaking-news","10":"tag-breakingnews","11":"tag-emanuels-makrons","12":"tag-featured-news","13":"tag-featurednews","14":"tag-francija","15":"tag-headlines","16":"tag-latest-news","17":"tag-latestnews","18":"tag-latvia","19":"tag-latvian","20":"tag-latviesu","21":"tag-latviesu-valoda","22":"tag-latviesuvaloda","23":"tag-latvija","24":"tag-lv","25":"tag-marina-lepena","26":"tag-news","27":"tag-popularakas-zinas","28":"tag-popularakaszinas","29":"tag-top-stories","30":"tag-topstories","31":"tag-zinas"},"share_on_mastodon":{"url":"","error":""},"_links":{"self":[{"href":"https:\/\/www.europesays.com\/lv\/wp-json\/wp\/v2\/posts\/14197","targetHints":{"allow":["GET"]}}],"collection":[{"href":"https:\/\/www.europesays.com\/lv\/wp-json\/wp\/v2\/posts"}],"about":[{"href":"https:\/\/www.europesays.com\/lv\/wp-json\/wp\/v2\/types\/post"}],"author":[{"embeddable":true,"href":"https:\/\/www.europesays.com\/lv\/wp-json\/wp\/v2\/users\/2"}],"replies":[{"embeddable":true,"href":"https:\/\/www.europesays.com\/lv\/wp-json\/wp\/v2\/comments?post=14197"}],"version-history":[{"count":0,"href":"https:\/\/www.europesays.com\/lv\/wp-json\/wp\/v2\/posts\/14197\/revisions"}],"wp:featuredmedia":[{"embeddable":true,"href":"https:\/\/www.europesays.com\/lv\/wp-json\/wp\/v2\/media\/14198"}],"wp:attachment":[{"href":"https:\/\/www.europesays.com\/lv\/wp-json\/wp\/v2\/media?parent=14197"}],"wp:term":[{"taxonomy":"category","embeddable":true,"href":"https:\/\/www.europesays.com\/lv\/wp-json\/wp\/v2\/categories?post=14197"},{"taxonomy":"post_tag","embeddable":true,"href":"https:\/\/www.europesays.com\/lv\/wp-json\/wp\/v2\/tags?post=14197"}],"curies":[{"name":"wp","href":"https:\/\/api.w.org\/{rel}","templated":true}]}}