{"id":1421,"date":"2025-09-22T06:35:08","date_gmt":"2025-09-22T06:35:08","guid":{"rendered":"https:\/\/www.europesays.com\/lv\/1421\/"},"modified":"2025-09-22T06:35:08","modified_gmt":"2025-09-22T06:35:08","slug":"puse-pasaules-skatas-vai-propagandisti-skaita-tuksus-skaitlus-lente-lv","status":"publish","type":"post","link":"https:\/\/www.europesays.com\/lv\/1421\/","title":{"rendered":"&#8220;Puse pasaules skat\u0101s&#8221; vai propagandisti skaita tuk\u0161us skait\u013cus?\u00a0\u2014\u00a0Lente.lv"},"content":{"rendered":"<p>Krievijas &#8220;Interv\u012bzijas&#8221; skat\u012bt\u0101ju skaita apgalvojumi: T\u0101lu no realit\u0101tes?<\/p>\n<p>Krievija nesen izzi\u0146ojusi sensacion\u0101lu apgalvojumu \u2013 t\u0101s r\u012bkoto dziesmu konkursu &#8220;Interv\u012bzija&#8221; noskat\u012bju\u0161ies &#8220;puse pasaules iedz\u012bvot\u0101ju&#8221;. \u0160is grandiozais skaitlis, kas izskan\u0113jis caur valsts zi\u0146u a\u0123ent\u016bru TASS, tiek pasniegts k\u0101 milz\u012bgs pan\u0101kums un tie\u0161s izaicin\u0101jums Rietumu dziesmu konkursam &#8220;Eirov\u012bzija&#8221;. Tom\u0113r, dzi\u013c\u0101k iel\u016bkojoties, \u0161is apgalvojums dr\u012bz\u0101k atg\u0101dina propagandas retoriku nek\u0101 ticamu statistikas datu atspogu\u013cojumu.<\/p>\n<p>&#8220;Interv\u012bzija&#8221; \u2013 Padomju laika relikts jaun\u0101 izskat\u0101<\/p>\n<p>Pirmo reizi &#8220;Interv\u012bzija&#8221; tika r\u012bkota jau 1960. gados \u010cehoslov\u0101kij\u0101 un k\u013cuva par Austrumu bloka kult\u016bras kalend\u0101ra neat\u0146emamu sast\u0101vda\u013cu. Tom\u0113r p\u0113c Padomju Savien\u012bbas sabrukuma konkurss tika p\u0101rtraukts. Tagad, p\u0113c Krievijas prezidenta Vladimira Putina iniciat\u012bvas, &#8220;Interv\u012bzija&#8221; ir atdzimusi, un to pozicion\u0113 k\u0101 &#8220;Eirov\u012bzijas&#8221; alternat\u012bvu, it \u012bpa\u0161i p\u0113c tam, kad Krievija tika izsl\u0113gta no &#8220;Eirov\u012bzijas&#8221; saist\u012bb\u0101 ar notikumiem Ukrain\u0101. At\u0161\u0137ir\u012bb\u0101 no &#8220;Eirov\u012bzijas&#8221;, kur\u0101 domin\u0113 ang\u013cu valoda, &#8220;Interv\u012bzija&#8221; uzsv\u0113ra dal\u012bbvalstu dzimt\u0101s valodas, k\u0101 ar\u012b cent\u0101s distanc\u0113ties no &#8220;Eirov\u012bzijas&#8221; uzskat\u012bt\u0101s &#8220;dekadences&#8221;, akcent\u0113jot tradicion\u0101l\u0101s v\u0113rt\u012bbas un kult\u016bru.<\/p>\n<p>Milz\u012bgais skat\u012bt\u0101ju skaits \u2013 Propaganda vai Paties\u012bba?<\/p>\n<p>&#8220;Interv\u012bzijas&#8221; organizatori apgalvo, ka konkurs\u0101 piedal\u012bju\u0161ies m\u0101kslinieki no vair\u0101k nek\u0101 20 valst\u012bm, p\u0101rst\u0101vot 4,3 miljardus cilv\u0113ku, kas ir vair\u0101k nek\u0101 puse pasaules iedz\u012bvot\u0101ju. Krievijas raidsabiedr\u012bbas &#8220;Pervy Kanal&#8221; \u0123ener\u0101ldirektors, pirms konkursa izteica cer\u012bbu, ka, ja konkursu noskat\u012bsies katrs ceturtais vai tre\u0161ais cilv\u0113ks, tas b\u016bs &#8220;bezprecedenta auditorija&#8221;. Ta\u010du realit\u0101te izskat\u0101s cit\u0101di. Neskatoties uz pla\u0161o &#8220;Interv\u012bzijas&#8221; populariz\u0113\u0161anu Krievijas medijos, t\u0101s ofici\u0101l\u0101 &#8220;YouTube&#8221; kan\u0101la tie\u0161raidei bija tikai nedaudz vair\u0101k nek\u0101 103 000 skat\u012bjumu konkursa norises laik\u0101. Sal\u012bdzin\u0101jumam, &#8220;Eirov\u012bzija&#8221; katru gadu piesaista aptuveni 166 miljonus skat\u012bt\u0101ju. \u0160ie skait\u013ci skaidri par\u0101da, ka Krievijas apgalvojumi par auditorijas lielumu ir stipri p\u0101rsp\u012bl\u0113ti un neatbilst paties\u012bbai.<\/p>\n<p>Konkursa norise un &#8220;Eirov\u012bzijas&#8221; \u0113na<\/p>\n<p>&#8220;Interv\u012bzija 2025&#8221; notika &#8220;Live Arena&#8221; ar\u0113n\u0101 Maskavas tuvum\u0101, pulc\u0113jot 23 valstu p\u0101rst\u0101vjus, galvenok\u0101rt no BRICS, NVS, Lat\u012b\u0146amerikas un Tuvo Austrumu valst\u012bm. Konkursu m\u0113\u0123in\u0101ja izcelt k\u0101 politiski neitr\u0101lu un tradicion\u0101l\u0101s v\u0113rt\u012bbas populariz\u0113jo\u0161u pas\u0101kumu, tom\u0113r Krievijas prezidents Vladimirs Putins pats uzrun\u0101ja dal\u012bbniekus un skat\u012bt\u0101jus ar video zi\u0146u, uzsverot kult\u016bras noz\u012bmi un savstarp\u0113jo cie\u0146u. Neskatoties uz centieniem rad\u012bt iespaidu par unik\u0101lu notikumu, &#8220;Interv\u012bzija&#8221; t\u0101 ar\u012b nesp\u0113ja aizb\u0113gt no &#8220;Eirov\u012bzijas&#8221; \u0113nas. Daudzi pas\u0101kumi atg\u0101din\u0101ja &#8220;Eirov\u012bzijas&#8221; form\u0101tu, un pat organizatori \u012bpa\u0161i uzsv\u0113ra at\u0161\u0137ir\u012bbas, piem\u0113ram, dziesmu dzied\u0101\u0161anu dzimtaj\u0101s valod\u0101s, pretstat\u0101 &#8220;Eirov\u012bzijai&#8221;, kur domin\u0113 ang\u013cu valoda.<\/p>\n<p>Tehniskie \u0137\u012b\u0137i un politiskie zemteksti<\/p>\n<p>Konkursa norise nebija bez aiz\u0137er\u0161an\u0101s. Tika nov\u0113roti tehniski sare\u017e\u0123\u012bjumi, vad\u012bt\u0101ju k\u013c\u016bdas v\u0101rdu izrun\u0101, k\u0101 ar\u012b negaid\u012bti viesi kadru fona aizseg\u0101. Piem\u0113ram, pirms uzst\u0101\u0161an\u0101s tika pazi\u0146ots, ka ASV p\u0101rst\u0101ve Vasi nevar\u0113s piedal\u012bties &#8220;sakaro ar \u0100rlietu un Tirdzniec\u012bbas departamenta no Austr\u0101lijas spiedienu&#8221;. T\u0101pat tika piemin\u0113ts, ka Krievijas \u0101rlietu ministrs Sergejs Lavrovs apstiprin\u0101ja, ka da\u017eas valstis ir liegtas saviem m\u0101ksliniekiem piedal\u012bties, lai izvair\u012btos no turpm\u0101k\u0101m gr\u016bt\u012bb\u0101m. Tas viss liecina par to, ka &#8220;Interv\u012bzija&#8221; ir vair\u0101k politisks instruments nek\u0101 patiesa starptautiska kult\u016bras sadarb\u012bba. Lai gan &#8220;Interv\u012bzija&#8221; sevi pozicion\u0113 k\u0101 alternat\u012bvu &#8220;Eirov\u012bzijai&#8221;, kur\u0101 valda &#8220;politisks haoss&#8221; un &#8220;LGBTQ+&#8221; ietekme, t\u0101 arvien vair\u0101k atg\u0101dina veco Padomju bloka propagandas pas\u0101kumu, kur\u0101 svar\u012bg\u0101ka ir politisk\u0101 ideolo\u0123ija nek\u0101 pati m\u016bzika.<\/p>\n<p>N\u0101kotnes perspekt\u012bvas<\/p>\n<p>Organizatori ir pazi\u0146oju\u0161i, ka n\u0101kam\u0101 &#8220;Interv\u012bzija&#8221; notiks Sa\u016bda Ar\u0101bij\u0101 2026. gad\u0101. Tom\u0113r, \u0146emot v\u0113r\u0101 \u0161\u012b gada konkursa patieso rezonansi un skat\u012bt\u0101ju skaita neatbilst\u012bbu ofici\u0101lajiem apgalvojumiem, ir skaidrs, ka &#8220;Interv\u012bzijai&#8221; b\u016bs \u013coti gr\u016bti konkur\u0113t ar &#8220;Eirov\u012bziju&#8221; vai pat sasniegt kaut nelielu da\u013cu no t\u0101s glob\u0101l\u0101s ietekmes. &#8220;Interv\u012bzija&#8221; pagaid\u0101m paliek k\u0101 Krievijas m\u0113\u0123in\u0101jums veidot savu kult\u016bras telpu un par\u0101d\u012bt sevi k\u0101 alternat\u012bvu Rietumu pasaulei, ta\u010du t\u0101s pan\u0101kumi ir stipri ap\u0161aub\u0101mi, un liel\u0101k\u0101 da\u013ca pasaules dro\u0161i vien turpina baud\u012bt citus pla\u0161sazi\u0146as l\u012bdzek\u013cu pied\u0101v\u0101jumus.<\/p>\n","protected":false},"excerpt":{"rendered":"Krievijas &#8220;Interv\u012bzijas&#8221; skat\u012bt\u0101ju skaita apgalvojumi: T\u0101lu no realit\u0101tes? Krievija nesen izzi\u0146ojusi sensacion\u0101lu apgalvojumu \u2013 t\u0101s r\u012bkoto dziesmu konkursu&hellip;\n","protected":false},"author":2,"featured_media":1422,"comment_status":"","ping_status":"","sticky":false,"template":"","format":"standard","meta":{"footnotes":""},"categories":[19],"tags":[492,89,931,90,234,35,39,38,36,37,34,40,932,933],"class_list":{"0":"post-1421","1":"post","2":"type-post","3":"status-publish","4":"format-standard","5":"has-post-thumbnail","7":"category-izklaide","8":"tag-eirovizija","9":"tag-entertainment","10":"tag-intervizija","11":"tag-izklaide","12":"tag-krievija","13":"tag-latvia","14":"tag-latvian","15":"tag-latviesu","16":"tag-latviesu-valoda","17":"tag-latviesuvaloda","18":"tag-latvija","19":"tag-lv","20":"tag-muzikas-konkurss","21":"tag-propagandas-mediji"},"share_on_mastodon":{"url":"","error":""},"_links":{"self":[{"href":"https:\/\/www.europesays.com\/lv\/wp-json\/wp\/v2\/posts\/1421","targetHints":{"allow":["GET"]}}],"collection":[{"href":"https:\/\/www.europesays.com\/lv\/wp-json\/wp\/v2\/posts"}],"about":[{"href":"https:\/\/www.europesays.com\/lv\/wp-json\/wp\/v2\/types\/post"}],"author":[{"embeddable":true,"href":"https:\/\/www.europesays.com\/lv\/wp-json\/wp\/v2\/users\/2"}],"replies":[{"embeddable":true,"href":"https:\/\/www.europesays.com\/lv\/wp-json\/wp\/v2\/comments?post=1421"}],"version-history":[{"count":0,"href":"https:\/\/www.europesays.com\/lv\/wp-json\/wp\/v2\/posts\/1421\/revisions"}],"wp:featuredmedia":[{"embeddable":true,"href":"https:\/\/www.europesays.com\/lv\/wp-json\/wp\/v2\/media\/1422"}],"wp:attachment":[{"href":"https:\/\/www.europesays.com\/lv\/wp-json\/wp\/v2\/media?parent=1421"}],"wp:term":[{"taxonomy":"category","embeddable":true,"href":"https:\/\/www.europesays.com\/lv\/wp-json\/wp\/v2\/categories?post=1421"},{"taxonomy":"post_tag","embeddable":true,"href":"https:\/\/www.europesays.com\/lv\/wp-json\/wp\/v2\/tags?post=1421"}],"curies":[{"name":"wp","href":"https:\/\/api.w.org\/{rel}","templated":true}]}}