{"id":14226,"date":"2025-10-06T15:30:08","date_gmt":"2025-10-06T15:30:08","guid":{"rendered":"https:\/\/www.europesays.com\/lv\/14226\/"},"modified":"2025-10-06T15:30:08","modified_gmt":"2025-10-06T15:30:08","slug":"valdibai-un-lps-atskirigi-viedokli-par-darbaspeka-nodoklu-reformas-raditas-ietekmes-kompensaciju-pasvaldibam","status":"publish","type":"post","link":"https:\/\/www.europesays.com\/lv\/14226\/","title":{"rendered":"Vald\u012bbai un LPS at\u0161\u0137ir\u012bgi viedok\u013ci par darbasp\u0113ka nodok\u013cu reformas rad\u012bt\u0101s ietekmes kompens\u0101ciju pa\u0161vald\u012bb\u0101m"},"content":{"rendered":"<p>Pa\u0161vald\u012bbu finan\u0161u izl\u012bdzin\u0101\u0161anas (PFI) apr\u0113\u0137inu 2026.gadam veiks p\u0113c sp\u0113k\u0101 eso\u0161\u0101 likuma. Vienlaikus l\u012bdz 2026.gada 1.martam vald\u012bbai b\u016bs j\u0101iesniedz jaunais PFI modelis, kura izstr\u0101des gait\u0101 notiks diskusijas ar pa\u0161vald\u012bb\u0101m. Diskusij\u0101s pan\u0101kta pu\u0161u vieno\u0161an\u0101s, ka Valsts bud\u017eeta likumprojekt\u0101 iek\u013caus uzdevumu Valsts ie\u0146\u0113mumu dienestam s\u0101kt datu uzkr\u0101\u0161anu par samaks\u0101to IIN p\u0113c nodok\u013ca maks\u0101t\u0101ja darba vietas.<\/p>\n<p>Izgl\u012bt\u012bbas jom\u0101 saist\u012bb\u0101 ar jauno pedagogu atalgojuma finans\u0113\u0161anas modeli &#8220;Programma skol\u0101&#8221; protokol\u0101 saglab\u0101ti at\u0161\u0137ir\u012bgi viedok\u013ci par ievie\u0161anas nosac\u012bjumiem &#8211; minim\u0101lo skol\u0113nu skaitu vidusskol\u0101s administrat\u012bvajos centros, iz\u0146emot valstspils\u0113tas, un vidusskol\u0101s, kas atrodas pierobe\u017eas pa\u0161vald\u012bb\u0101s, k\u0101 ar\u012b pa\u0161vald\u012bbu iest\u0101d\u0113s, kas \u012bsteno profesion\u0101l\u0101s vid\u0113j\u0101s izgl\u012bt\u012bbas programmas, k\u0101 ar\u012b valsts bud\u017eeta m\u0113r\u0137dot\u0101cijas apr\u0113\u0137inu pedagogu darba samaksai R\u012bgas re\u0123iona pa\u0161vald\u012bb\u0101s, kuru izgl\u012bt\u012bbas iest\u0101d\u0113s ir sasniegta m\u0101c\u012bbu telpu maksim\u0101l\u0101 kapacit\u0101te un tiek veidotas lielas klases &#8211; vair\u0101k par 26 skol\u0113niem vien\u0101 klas\u0113, un citos jaut\u0101jumos.<\/p>\n<p>At\u0161\u0137ir\u012bgu viedokli puses saglab\u0101 jaut\u0101jum\u0101 par autoce\u013cu infrastrukt\u016bras atjauno\u0161anu un uztur\u0113\u0161anu. M\u0113r\u0137dot\u0101cijas pa\u0161vald\u012bbu autoce\u013ciem un iel\u0101m apjoms \u0161obr\u012bd veido tikai 60% no 2008.gad\u0101 m\u0113r\u0137dot\u0101cijai paredz\u0113t\u0101 finans\u0113juma, kas b\u016btiski ietekm\u0113 autoce\u013cu tehnisko st\u0101vokli un pa\u0161vald\u012bbu iesp\u0113jas sak\u0101rtot ce\u013cu t\u012bklu. B\u016btu j\u0101nosaka, ka valsts bud\u017eeta m\u0113r\u0137dot\u0101cijas pa\u0161vald\u012bbu autoce\u013ciem (iel\u0101m) apm\u0113ra procentu\u0101lais pieaugums ir ne maz\u0101ks k\u0101 valsts bud\u017eeta Valsts autoce\u013cu fonda programmas ikgad\u0113j\u0101 finans\u0113juma b\u0101zes procentu\u0101lais pieaugums. T\u0101pat j\u0101palielina finans\u0113jums valsts viet\u0113jo autoce\u013cu atjauno\u0161anai.<\/p>\n<p>Vienlaikus LPS skat\u012bjum\u0101 ir j\u0101risina samilzus\u012b sabiedrisk\u0101 transporta pakalpojuma pieejam\u012bbas probl\u0113ma re\u0123ionos. Savien\u012bb\u0101 uzsver, ka nav pie\u013caujama sabiedrisk\u0101 transporta mar\u0161rutu t\u012bklu samazin\u0101\u0161ana, ja nav veikts ekonomiski pamatots t\u012bklu izv\u0113rt\u0113jums un nav noteikta skaidra valsts finan\u0161u b\u0101ze pakalpojuma nodro\u0161in\u0101\u0161anai. Nav nozares atbildes, vai pl\u0101notais mar\u0161rutu t\u012bkla samazin\u0101jums ir ekonomiski pamatots, piem\u0113ram, R\u012bgas re\u0123ion\u0101, kur pieaug iedz\u012bvot\u0101ju skaits, mar\u0161ruta t\u012bkla samazin\u0101jums p\u0101rsniedz 30%. Turkl\u0101t pl\u0101notais mar\u0161rutu t\u012bkla samazin\u0101jums un sabiedrisk\u0101 transporta bi\u013ce\u0161u cenu pieaugums palielin\u0101s pa\u0161vald\u012bbu bud\u017eetu izdevumus skol\u0113nu p\u0101rvad\u0101jumiem.<\/p>\n<p>Visbeidzot soci\u0101laj\u0101 jom\u0101 puses nav vienoju\u0161\u0101s par atbalstu atsevi\u0161\u0137iem pakalpojumiem. Proti, ievie\u0161ot minim\u0101lo soci\u0101l\u0101 pakalpojuma grozu, b\u016btu j\u0101paredz valsts bud\u017eeta l\u012bdzfinans\u0113jums \u0123imenes asistenta pakalpojuma izdevumu seg\u0161anai 50% apm\u0113r\u0101 un l\u012bdzfinans\u0113jumu 50% apm\u0113r\u0101 atelpas br\u012b\u017ea pakalpojuma b\u0113rniem ar invalidit\u0101ti.<\/p>\n<p>Protokola parakst\u012b\u0161ana notiek p\u0113c t\u0101 apstiprin\u0101\u0161anas LPS Dom\u0113 un Ministru kabinet\u0101. P\u0113c parakst\u012b\u0161anas to pievieno 2026.gada valsts bud\u017eetam un bud\u017eeta ietvaram 2026.-2028.gadam. Valsts bud\u017eeta projekta 2026.gadam un bud\u017eeta ietvara 2026., 2027. un 2028.gadam apstiprin\u0101\u0161ana vald\u012bb\u0101 pl\u0101nota \u0161\u0101 gada 14.oktobr\u012b. Savuk\u0101rt Saeim\u0101 to paredz\u0113ts iesniegt \u0161\u0101 gada 15.oktobr\u012b.<\/p>\n","protected":false},"excerpt":{"rendered":"Pa\u0161vald\u012bbu finan\u0161u izl\u012bdzin\u0101\u0161anas (PFI) apr\u0113\u0137inu 2026.gadam veiks p\u0113c sp\u0113k\u0101 eso\u0161\u0101 likuma. Vienlaikus l\u012bdz 2026.gada 1.martam vald\u012bbai b\u016bs j\u0101iesniedz&hellip;\n","protected":false},"author":2,"featured_media":14227,"comment_status":"","ping_status":"","sticky":false,"template":"","format":"standard","meta":{"footnotes":""},"categories":[5],"tags":[23,28,29,3962,32,33,22,30,31,35,39,38,36,37,34,5063,40,20,26,27,24,25,21],"class_list":{"0":"post-14226","1":"post","2":"type-post","3":"status-publish","4":"format-standard","5":"has-post-thumbnail","7":"category-aktualitates","8":"tag-aktualitates","9":"tag-breaking-news","10":"tag-breakingnews","11":"tag-evikas-silinas-valdiba","12":"tag-featured-news","13":"tag-featurednews","14":"tag-headlines","15":"tag-latest-news","16":"tag-latestnews","17":"tag-latvia","18":"tag-latvian","19":"tag-latviesu","20":"tag-latviesu-valoda","21":"tag-latviesuvaloda","22":"tag-latvija","23":"tag-latvijas-pasvaldibu-savieniba","24":"tag-lv","25":"tag-news","26":"tag-popularakas-zinas","27":"tag-popularakaszinas","28":"tag-top-stories","29":"tag-topstories","30":"tag-zinas"},"share_on_mastodon":{"url":"","error":""},"_links":{"self":[{"href":"https:\/\/www.europesays.com\/lv\/wp-json\/wp\/v2\/posts\/14226","targetHints":{"allow":["GET"]}}],"collection":[{"href":"https:\/\/www.europesays.com\/lv\/wp-json\/wp\/v2\/posts"}],"about":[{"href":"https:\/\/www.europesays.com\/lv\/wp-json\/wp\/v2\/types\/post"}],"author":[{"embeddable":true,"href":"https:\/\/www.europesays.com\/lv\/wp-json\/wp\/v2\/users\/2"}],"replies":[{"embeddable":true,"href":"https:\/\/www.europesays.com\/lv\/wp-json\/wp\/v2\/comments?post=14226"}],"version-history":[{"count":0,"href":"https:\/\/www.europesays.com\/lv\/wp-json\/wp\/v2\/posts\/14226\/revisions"}],"wp:featuredmedia":[{"embeddable":true,"href":"https:\/\/www.europesays.com\/lv\/wp-json\/wp\/v2\/media\/14227"}],"wp:attachment":[{"href":"https:\/\/www.europesays.com\/lv\/wp-json\/wp\/v2\/media?parent=14226"}],"wp:term":[{"taxonomy":"category","embeddable":true,"href":"https:\/\/www.europesays.com\/lv\/wp-json\/wp\/v2\/categories?post=14226"},{"taxonomy":"post_tag","embeddable":true,"href":"https:\/\/www.europesays.com\/lv\/wp-json\/wp\/v2\/tags?post=14226"}],"curies":[{"name":"wp","href":"https:\/\/api.w.org\/{rel}","templated":true}]}}