{"id":14228,"date":"2025-10-06T15:33:09","date_gmt":"2025-10-06T15:33:09","guid":{"rendered":"https:\/\/www.europesays.com\/lv\/14228\/"},"modified":"2025-10-06T15:33:09","modified_gmt":"2025-10-06T15:33:09","slug":"elons-masks-klust-par-pirmo-cilveku-ar-pustriljonu-dolaru-bagatibu-lente-lv-2","status":"publish","type":"post","link":"https:\/\/www.europesays.com\/lv\/14228\/","title":{"rendered":"Elons Masks k\u013c\u016bst par pirmo cilv\u0113ku ar pustriljonu dol\u0101ru bag\u0101t\u012bbu\u00a0\u2014\u00a0Lente.lv"},"content":{"rendered":"<p>Elona Maska bag\u0101t\u012bba p\u0101rsniedz pustriljonu dol\u0101ru<\/p>\n<p>Ikoniskais tehnolo\u0123iju uz\u0146\u0113m\u0113js Elons Masks, 54 gadu vecum\u0101, ir sasniedzis jaunu slavu, k\u013c\u016bstot par pirmo cilv\u0113ku v\u0113stur\u0113, kura \u012bpa\u0161um\u0101 eso\u0161\u0101 bag\u0101t\u012bba p\u0101rsniegusi 500 miljardu ASV dol\u0101ru robe\u017eu. \u0160is iespaid\u012bgais finan\u0161u sasniegums ir galvenok\u0101rt saist\u012bts ar nep\u0101rtraukto Tesla akciju v\u0113rt\u012bbas pieaugumu \u0161\u012b gada laik\u0101.<\/p>\n<p>Strauj\u0161 v\u0113rt\u012bbas pieaugums un Tesla domin\u0113\u0161ana<\/p>\n<p>Musks, kur\u0161 vada ne tikai elektrisko automa\u0161\u012bnu ra\u017eot\u0101ju Tesla, bet ar\u012b ambiciozo kosmosa izp\u0113tes komp\u0101niju SpaceX un jaunizveidoto m\u0101ksl\u012bg\u0101 intelekta (MI) uz\u0146\u0113mumu xAI, ir piedz\u012bvojis iev\u0113rojamu savu uz\u0146\u0113mumu v\u0113rt\u012bbas k\u0101pumu p\u0113d\u0113jos m\u0113ne\u0161os. Saska\u0146\u0101 ar Forbes miljardieru indeksa datiem, 1. oktobra vakar\u0101 Maska \u012bpa\u0161umu v\u0113rt\u012bba \u012bslaic\u012bgi sasniedza 500,1 miljardu ASV dol\u0101ru, pirms neliela korekcija nosl\u012bd\u0113ja nedaudz virs 499 miljardiem.<\/p>\n<p>\u0160is slieksnis v\u0113l vair\u0101k nostiprina Maska poz\u012bciju k\u0101 pasaul\u0113 tur\u012bg\u0101k\u0101 persona, atst\u0101jot konkurentus glob\u0101laj\u0101 tehnolo\u0123iju sektor\u0101 t\u0101lu aiz muguras. Vi\u0146a milz\u012bg\u0101 bag\u0101t\u012bba ir cie\u0161i saist\u012bta ar vair\u0101k nek\u0101 12% akciju \u012bpa\u0161umu Tesla, kuru v\u0113rt\u012bba ir demonstr\u0113jusi iev\u0113rojamu izaugsmi \u0161ogad. Vien pag\u0101ju\u0161aj\u0101 tre\u0161dien\u0101 \u0145ujorkas bir\u017e\u0101 Tesla akciju v\u0113rt\u012bba pieauga par vair\u0101k nek\u0101 3,3%, t\u0101d\u0113j\u0101di gada s\u0101kum\u0101 t\u0101s ir sad\u0101rdzin\u0101ju\u0161\u0101s jau par vair\u0101k nek\u0101 20%.<\/p>\n<p>Konkurence tehnolo\u0123iju gigantu vid\u016b<\/p>\n<p>Sal\u012bdzin\u0101jumam, saska\u0146\u0101 ar Forbes datiem, otrais tur\u012bg\u0101kais cilv\u0113ks pasaul\u0113 \u0161obr\u012bd ir Oracle dibin\u0101t\u0101js Lerijs Ellisonis, kura \u012bpa\u0161uma v\u0113rt\u012bba ir aptuveni 350,7 miljardi ASV dol\u0101ru. Ellisonis pag\u0101ju\u0161aj\u0101 m\u0113nes\u012b \u012bslaic\u012bgi apsteidza Masku, kad Oracle akciju v\u0113rt\u012bba strauji k\u0101pa par vair\u0101k nek\u0101 40%. \u0160o pieaugumu veicin\u0101ja negaid\u012bti optimistiskas prognozes par uz\u0146\u0113muma m\u0101ko\u0146dato\u0161anas infrastrukt\u016bru un veiktajiem dar\u012bjumiem m\u0101ksl\u012bg\u0101 intelekta jom\u0101.<\/p>\n<p>Maska sp\u0113ja rad\u012bt tik milz\u012bgu finansi\u0101lu imp\u0113riju ir saist\u012bta ne tikai ar vi\u0146a akciju \u012bpa\u0161umu, bet ar\u012b ar vi\u0146a sp\u0113ju rad\u012bt un att\u012bst\u012bt novatoriskus uz\u0146\u0113mumus, kas maina pasauli. No elektriskajiem transportl\u012bdzek\u013ciem, kas p\u0101rveido autoindustriju, l\u012bdz kosmosa ce\u013cojumiem, kas atver jaunas robe\u017eas cilv\u0113ces izp\u0113t\u0113, un m\u0101ksl\u012bg\u0101 intelekta risin\u0101jumiem, kas sola transform\u0113t da\u017e\u0101das nozares \u2013 Maska v\u012bzija un uz\u0146\u0113m\u012bba ir nep\u0101rprotami.<\/p>\n<p>Ietekme un n\u0101kotnes perspekt\u012bvas<\/p>\n<p>\u0160is sasniegums uzsver ne tikai Maska person\u012bgo finansi\u0101lo veiksmi, bet ar\u012b glob\u0101lo tehnolo\u0123iju nozares dinamiku un t\u0101s sp\u0113ju rad\u012bt jaunas bag\u0101t\u012bbas formas. Tom\u0113r, t\u0101pat k\u0101 jebkura strauja izaugsme, tas rada ar\u012b jaut\u0101jumus par ilgtsp\u0113j\u012bbu un sabiedr\u012bbas ietekmi. Turpm\u0101k\u0101 Maska darb\u012bba un vi\u0146a vad\u012bto uz\u0146\u0113mumu att\u012bst\u012bba noteikti turpin\u0101s b\u016bt uzman\u012bbas centr\u0101 gan finan\u0161u tirgos, gan sabiedr\u012bb\u0101 kopum\u0101.<\/p>\n","protected":false},"excerpt":{"rendered":"Elona Maska bag\u0101t\u012bba p\u0101rsniedz pustriljonu dol\u0101ru Ikoniskais tehnolo\u0123iju uz\u0146\u0113m\u0113js Elons Masks, 54 gadu vecum\u0101, ir sasniedzis jaunu slavu,&hellip;\n","protected":false},"author":2,"featured_media":14229,"comment_status":"","ping_status":"","sticky":false,"template":"","format":"standard","meta":{"footnotes":""},"categories":[16],"tags":[5030,77,76,4559,35,39,38,36,37,34,40,87,5031,81],"class_list":{"0":"post-14228","1":"post","2":"type-post","3":"status-publish","4":"format-standard","5":"has-post-thumbnail","7":"category-bizness","8":"tag-bagatiba","9":"tag-bizness","10":"tag-business","11":"tag-elons-masks","12":"tag-latvia","13":"tag-latvian","14":"tag-latviesu","15":"tag-latviesu-valoda","16":"tag-latviesuvaloda","17":"tag-latvija","18":"tag-lv","19":"tag-maksligais-intelekts","20":"tag-miljardieri","21":"tag-tesla"},"share_on_mastodon":{"url":"","error":""},"_links":{"self":[{"href":"https:\/\/www.europesays.com\/lv\/wp-json\/wp\/v2\/posts\/14228","targetHints":{"allow":["GET"]}}],"collection":[{"href":"https:\/\/www.europesays.com\/lv\/wp-json\/wp\/v2\/posts"}],"about":[{"href":"https:\/\/www.europesays.com\/lv\/wp-json\/wp\/v2\/types\/post"}],"author":[{"embeddable":true,"href":"https:\/\/www.europesays.com\/lv\/wp-json\/wp\/v2\/users\/2"}],"replies":[{"embeddable":true,"href":"https:\/\/www.europesays.com\/lv\/wp-json\/wp\/v2\/comments?post=14228"}],"version-history":[{"count":0,"href":"https:\/\/www.europesays.com\/lv\/wp-json\/wp\/v2\/posts\/14228\/revisions"}],"wp:featuredmedia":[{"embeddable":true,"href":"https:\/\/www.europesays.com\/lv\/wp-json\/wp\/v2\/media\/14229"}],"wp:attachment":[{"href":"https:\/\/www.europesays.com\/lv\/wp-json\/wp\/v2\/media?parent=14228"}],"wp:term":[{"taxonomy":"category","embeddable":true,"href":"https:\/\/www.europesays.com\/lv\/wp-json\/wp\/v2\/categories?post=14228"},{"taxonomy":"post_tag","embeddable":true,"href":"https:\/\/www.europesays.com\/lv\/wp-json\/wp\/v2\/tags?post=14228"}],"curies":[{"name":"wp","href":"https:\/\/api.w.org\/{rel}","templated":true}]}}