{"id":142349,"date":"2026-02-28T13:27:06","date_gmt":"2026-02-28T13:27:06","guid":{"rendered":"https:\/\/www.europesays.com\/lv\/142349\/"},"modified":"2026-02-28T13:27:06","modified_gmt":"2026-02-28T13:27:06","slug":"%e2%9f%a9-ieskats-zelta-mikrofona-jubilejas-ceremonijas-meginajumos","status":"publish","type":"post","link":"https:\/\/www.europesays.com\/lv\/142349\/","title":{"rendered":"\u27e9 Ieskats &#8220;Zelta Mikrofona&#8221; jubilejas ceremonijas m\u0113\u0123in\u0101jumos"},"content":{"rendered":"<p>Uz skatuves ceremonijas laik\u0101 tiks pasniegti 20 &#8220;Zelta Mikrofoni&#8221; un skat\u012bt\u0101jus priec\u0113s vair\u0101k nek\u0101 12 m\u0101kslinieki un grupas, izpildot gan jau zin\u0101mas dziesmas, gan pirmatska\u0146ojumus.<\/p>\n<p>2026. gada 28. febru\u0101r\u012b ierakstu balva tiks pasniegta jau 30. reizi. Gadu gait\u0101 m\u016bzikas ierakstu gada balva &#8220;Zelta Mikrofons&#8221; ir k\u013cuvusi par vienu no presti\u017e\u0101kajiem m\u016bzikas notikumiem Latvij\u0101, ko ar nepaciet\u012bbu gaida m\u016bzikas autori, izdev\u0113ji, izpild\u012bt\u0101ji un klaus\u012bt\u0101ji.<\/p>\n<p>\u0160\u0101 gada ceremonijas vad\u012bt\u0101ju lom\u0101s iejut\u012bsies \u0113tera person\u012bbas <a href=\"https:\/\/www.apollo.lv\/term\/636682\/sanda-dejus\" class=\"topicLink\" target=\"_blank\" rel=\"nofollow noopener\">Sanda Dejus<\/a>, Madara Kivkuc\u0101ne un <a href=\"https:\/\/www.apollo.lv\/term\/636015\/beta-beidz\" class=\"topicLink\" target=\"_blank\" rel=\"nofollow noopener\">Beta Beidz<\/a>. Priek\u0161nesumus \u0161im vakaram sar\u016bp\u0113ju\u0161i Ventspils bigbends un Ventspils Kameror\u0137estris (diri\u0123ents Aigars Meri), <a href=\"https:\/\/www.apollo.lv\/term\/556407\/normunds-rutulis\" class=\"topicLink\" target=\"_blank\" rel=\"nofollow noopener\">Normunds Rutulis<\/a>, &#8220;Dzeguz\u012bte&#8221;, &#8220;Apvedce\u013c\u0161&#8221;, &#8220;Dzelzs vilks&#8221;, &#8220;Baltic Groove Orchestra&#8221; (diri\u0123ents J\u0101nis Ivu\u0161k\u0101ns), <a href=\"https:\/\/www.apollo.lv\/term\/556344\/ivo-fomins\" class=\"topicLink\" target=\"_blank\" rel=\"nofollow noopener\">Ivo Fomins<\/a> ar jaunas dziesmas pirmatska\u0146ojumu, &#8220;Very Cool People&#8221;, Emilija, &#8220;The Sound Poets&#8221;, &#8220;DAGAMBA&#8221;, &#8220;Musiqq&#8221;, &#8220;I\u013c\u0123i&#8221; un citi m\u0101kslinieki.<\/p>\n<p>Pas\u0101kum\u0101 gaid\u0101mi ar\u012b vair\u0101ki muzik\u0101li p\u0101rsteigumi, savuk\u0101rt p\u0113c ceremonijas pl\u0101nota ball\u012bte, kur\u0101 muzic\u0113s Atis Ievi\u0146\u0161 ar grupu &#8220;Rock Brothers&#8221;, &#8220;M\u0101ko\u0146st\u016bm\u0113ji&#8221; un DJ Maija Roz\u012bte.<\/p>\n<p>Ceremoniju kl\u0101tien\u0113 var\u0113s v\u0113rot pas\u0101kuma apmekl\u0113t\u0101ji, bet p\u0101r\u0113jie var\u0113s sekot l\u012bdzi tie\u0161raidei TV3 \u0113ter\u0101 plkst. 16.30.<\/p>\n","protected":false},"excerpt":{"rendered":"Uz skatuves ceremonijas laik\u0101 tiks pasniegti 20 &#8220;Zelta Mikrofoni&#8221; un skat\u012bt\u0101jus priec\u0113s vair\u0101k nek\u0101 12 m\u0101kslinieki un grupas,&hellip;\n","protected":false},"author":2,"featured_media":142350,"comment_status":"","ping_status":"","sticky":false,"template":"","format":"standard","meta":{"footnotes":"","_share_on_mastodon":"0"},"categories":[5],"tags":[30691,23,30689,28,29,101,24103,402,32,33,22,11396,5909,30,31,35,39,38,36,37,34,40,20,30690,26,27,6031,6856,24,25,10095,3974,21],"class_list":["post-142349","post","type-post","status-publish","format-standard","has-post-thumbnail","category-aktualitates","tag-musiqq","tag-aktualitates","tag-beta-beidz","tag-breaking-news","tag-breakingnews","tag-dagamba","tag-dzelzs-vilks","tag-emilija","tag-featured-news","tag-featurednews","tag-headlines","tag-ilgi","tag-ivo-fomins","tag-latest-news","tag-latestnews","tag-latvia","tag-latvian","tag-latviesu","tag-latviesu-valoda","tag-latviesuvaloda","tag-latvija","tag-lv","tag-news","tag-normunds-rutulis","tag-popularakas-zinas","tag-popularakaszinas","tag-sanda-dejus","tag-the-sound-poets","tag-top-stories","tag-topstories","tag-very-cool-people","tag-zelta-mikrofons","tag-zinas"],"share_on_mastodon":{"url":"https:\/\/pubeurope.com\/@lv\/116148492308287332","error":""},"_links":{"self":[{"href":"https:\/\/www.europesays.com\/lv\/wp-json\/wp\/v2\/posts\/142349","targetHints":{"allow":["GET"]}}],"collection":[{"href":"https:\/\/www.europesays.com\/lv\/wp-json\/wp\/v2\/posts"}],"about":[{"href":"https:\/\/www.europesays.com\/lv\/wp-json\/wp\/v2\/types\/post"}],"author":[{"embeddable":true,"href":"https:\/\/www.europesays.com\/lv\/wp-json\/wp\/v2\/users\/2"}],"replies":[{"embeddable":true,"href":"https:\/\/www.europesays.com\/lv\/wp-json\/wp\/v2\/comments?post=142349"}],"version-history":[{"count":0,"href":"https:\/\/www.europesays.com\/lv\/wp-json\/wp\/v2\/posts\/142349\/revisions"}],"wp:featuredmedia":[{"embeddable":true,"href":"https:\/\/www.europesays.com\/lv\/wp-json\/wp\/v2\/media\/142350"}],"wp:attachment":[{"href":"https:\/\/www.europesays.com\/lv\/wp-json\/wp\/v2\/media?parent=142349"}],"wp:term":[{"taxonomy":"category","embeddable":true,"href":"https:\/\/www.europesays.com\/lv\/wp-json\/wp\/v2\/categories?post=142349"},{"taxonomy":"post_tag","embeddable":true,"href":"https:\/\/www.europesays.com\/lv\/wp-json\/wp\/v2\/tags?post=142349"}],"curies":[{"name":"wp","href":"https:\/\/api.w.org\/{rel}","templated":true}]}}