{"id":14254,"date":"2025-10-06T16:48:11","date_gmt":"2025-10-06T16:48:11","guid":{"rendered":"https:\/\/www.europesays.com\/lv\/14254\/"},"modified":"2025-10-06T16:48:11","modified_gmt":"2025-10-06T16:48:11","slug":"rigas-siltuma-akcionaru-sapulce-neatbalsta-em-priekslikumu-un-kompanijas-padomes-vaditajus-neatbrivos","status":"publish","type":"post","link":"https:\/\/www.europesays.com\/lv\/14254\/","title":{"rendered":"&#8220;R\u012bgas siltuma&#8221; akcion\u0101ru sapulce neatbalsta EM priek\u0161likumu un komp\u0101nijas padomes vad\u012bt\u0101jus neatbr\u012bvos"},"content":{"rendered":"<p>EM bija rosin\u0101jusi atbr\u012bvot no amata padomes priek\u0161s\u0113d\u0113t\u0101ju Jevgeniju Belezjaku un vi\u0146a vietnieku Gati Sniedzi\u0146u.<\/p>\n<p>Valainis nor\u0101da, ka EM atkal rosin\u0101s atbr\u012bvot no amata visu komp\u0101nijas padomi.<\/p>\n<p>Uz\u0146\u0113muma padom\u0113 str\u0101d\u0101 ar\u012b padomes locek\u013ci M\u0101rti\u0146\u0161 Lazdovskis, Art\u016brs Veics un Mat\u012bss Paegle.<\/p>\n<p>K\u0101 zi\u0146ots, EM piepras\u012bjusi sasaukt akcion\u0101ru sapulci, kur\u0101 mudina atlaist &#8220;R\u012bgas siltuma&#8221; padomes locek\u013cus.<\/p>\n<p>EM uzskata, ka &#8220;R\u012bgas siltuma&#8221; padome nebija pietiekami ambicioza un neizr\u0101d\u012bja s\u0101kotn\u0113jo iniciat\u012bvu akt\u012bvai iesaistei, lai siltumtarifi netiktu paaugstin\u0101ti.<\/p>\n<p>EM no uz\u0146\u0113muma vad\u012bbas sagaida darb\u012bbas efektivit\u0101tes programmas izstr\u0101di un ievie\u0161anu, infrastrukt\u016bras ilgtermi\u0146a att\u012bst\u012bbas pl\u0101na izstr\u0101di un realiz\u0113\u0161anu, redz\u0113jumu par ilgtermi\u0146a tarifu att\u012bst\u012bbas dinamiku &#8211; tirgus mode\u013ca uzlabojumi un siltumener\u0123ijas ra\u017eo\u0161anas strukt\u016bra n\u0101kotn\u0113.<\/p>\n<p>Jau zi\u0146ots, ka \u0161ovasar tika kritiz\u0113ti &#8220;R\u012bgas siltuma&#8221; pl\u0101ni ruden\u012b celt siltuma tarifus galvaspils\u0113t\u0101.<\/p>\n<p>&#8220;R\u012bgas siltuma&#8221; padome 4.septembr\u012b izteikusi neuztic\u012bbu valdes priek\u0161s\u0113d\u0113t\u0101jam Ilvaram P\u0113tersonam par proakt\u012bvas r\u012bc\u012bbas tr\u016bkumu tarifa sagatavo\u0161anas un apstiprin\u0101\u0161anas procesa gait\u0101. No 5.septembra uz\u0146\u0113muma valdes priek\u0161s\u0113d\u0113t\u0101ja amat\u0101 iecelts l\u012bdz\u0161in\u0113jais valdes loceklis Kalvis Kalni\u0146\u0161, kur\u0161 papildus l\u012bdz\u0161in\u0113jiem pien\u0101kumiem p\u0101r\u0146ems ar\u012b P\u0113tersona atbild\u012bbas jomas.<\/p>\n","protected":false},"excerpt":{"rendered":"EM bija rosin\u0101jusi atbr\u012bvot no amata padomes priek\u0161s\u0113d\u0113t\u0101ju Jevgeniju Belezjaku un vi\u0146a vietnieku Gati Sniedzi\u0146u. Valainis nor\u0101da, ka&hellip;\n","protected":false},"author":2,"featured_media":3144,"comment_status":"","ping_status":"","sticky":false,"template":"","format":"standard","meta":{"footnotes":""},"categories":[5],"tags":[23,28,29,32,33,22,30,31,35,39,38,36,37,34,40,20,26,27,1595,1678,24,25,21],"class_list":{"0":"post-14254","1":"post","2":"type-post","3":"status-publish","4":"format-standard","5":"has-post-thumbnail","7":"category-aktualitates","8":"tag-aktualitates","9":"tag-breaking-news","10":"tag-breakingnews","11":"tag-featured-news","12":"tag-featurednews","13":"tag-headlines","14":"tag-latest-news","15":"tag-latestnews","16":"tag-latvia","17":"tag-latvian","18":"tag-latviesu","19":"tag-latviesu-valoda","20":"tag-latviesuvaloda","21":"tag-latvija","22":"tag-lv","23":"tag-news","24":"tag-popularakas-zinas","25":"tag-popularakaszinas","26":"tag-rigas-siltums","27":"tag-siltums","28":"tag-top-stories","29":"tag-topstories","30":"tag-zinas"},"share_on_mastodon":{"url":"","error":""},"_links":{"self":[{"href":"https:\/\/www.europesays.com\/lv\/wp-json\/wp\/v2\/posts\/14254","targetHints":{"allow":["GET"]}}],"collection":[{"href":"https:\/\/www.europesays.com\/lv\/wp-json\/wp\/v2\/posts"}],"about":[{"href":"https:\/\/www.europesays.com\/lv\/wp-json\/wp\/v2\/types\/post"}],"author":[{"embeddable":true,"href":"https:\/\/www.europesays.com\/lv\/wp-json\/wp\/v2\/users\/2"}],"replies":[{"embeddable":true,"href":"https:\/\/www.europesays.com\/lv\/wp-json\/wp\/v2\/comments?post=14254"}],"version-history":[{"count":0,"href":"https:\/\/www.europesays.com\/lv\/wp-json\/wp\/v2\/posts\/14254\/revisions"}],"wp:featuredmedia":[{"embeddable":true,"href":"https:\/\/www.europesays.com\/lv\/wp-json\/wp\/v2\/media\/3144"}],"wp:attachment":[{"href":"https:\/\/www.europesays.com\/lv\/wp-json\/wp\/v2\/media?parent=14254"}],"wp:term":[{"taxonomy":"category","embeddable":true,"href":"https:\/\/www.europesays.com\/lv\/wp-json\/wp\/v2\/categories?post=14254"},{"taxonomy":"post_tag","embeddable":true,"href":"https:\/\/www.europesays.com\/lv\/wp-json\/wp\/v2\/tags?post=14254"}],"curies":[{"name":"wp","href":"https:\/\/api.w.org\/{rel}","templated":true}]}}