{"id":142572,"date":"2026-03-01T00:55:14","date_gmt":"2026-03-01T00:55:14","guid":{"rendered":"https:\/\/www.europesays.com\/lv\/142572\/"},"modified":"2026-03-01T00:55:14","modified_gmt":"2026-03-01T00:55:14","slug":"sakas-indycar-sezona-palou-pec-piekta-titula-sumahers-debite-grozans-atgriezas-f1lv-blogs","status":"publish","type":"post","link":"https:\/\/www.europesays.com\/lv\/142572\/","title":{"rendered":"S\u0101kas &#8216;IndyCar&#8217; sezona: Palou p\u0113c piekt\u0101 titula, \u0160\u016bmahers debit\u0113, Gro\u017e\u0101ns atgrie\u017eas : F1LV Blogs"},"content":{"rendered":"<p>P\u0113c gandr\u012bz se\u0161u m\u0113ne\u0161u p\u0101rtraukuma \u0161aj\u0101 ned\u0113\u013cas nogal\u0113 s\u0101kas jaun\u0101 \u201cIndyCar\u201d \u010dempion\u0101ta sezona. Pirmais posms notiks sv\u0113tdien, un t\u0101s b\u016bs tradicion\u0101l\u0101s ugunskrist\u012bbas Floridas pils\u0113tas Sentp\u012btersb\u0113rgas iel\u0101s. Starts plkst. 19:29 p\u0113c Latvijas laika.<br \/>\nKalend\u0101r\u0101 18 posmi<\/p>\n<p>Kalend\u0101r\u0101 iek\u013cautas 18 sac\u012bkstes, no kur\u0101m \u010detras norisin\u0101sies mart\u0101, radot spriedzi jau pa\u0161\u0101 s\u0101kum\u0101. Tras\u0113 atgrie\u017eas biju\u0161ais F1 pilots Rom\u0113ns Gro\u017e\u0101ns, debiju piedz\u012bvos Miks \u0160\u016bmahers, bet Amerikas lietuvietis Deivids Malukas p\u0101rst\u0101v\u0113s sp\u0113c\u012bgo \u201cTeam Penske\u201d vien\u012bbu.<\/p>\n<p><a href=\"https:\/\/f1.lv\/wp-content\/uploads\/2026\/02\/624076218_18552873451000147_5291253883968987594_n.jpg\" rel=\"nofollow noopener\" target=\"_blank\"><img fetchpriority=\"high\" decoding=\"async\" class=\"alignnone size-large wp-image-76019\" src=\"https:\/\/www.europesays.com\/lv\/wp-content\/uploads\/2026\/03\/624076218_18552873451000147_5291253883968987594_n-819x1024.jpg\" alt=\"\" width=\"696\" height=\"870\"  \/><\/a><\/p>\n<p>Palou dodas p\u0113c piekt\u0101 titula<\/p>\n<p>Galvenais st\u0101sts, bez \u0161aub\u0101m, b\u016bs par Aleksa Palou m\u0113\u0123in\u0101jumu izc\u012bn\u012bt jau ceturto \u010dempiontitulu p\u0113c k\u0101rtas un piekto karjer\u0101. Sp\u0101\u0146u pilota dominance p\u0113d\u0113jos gados bijusi gandr\u012bz vai bied\u0113jo\u0161a. Palou turpin\u0101s p\u0101rst\u0101v\u0113t \u201cChip Ganassi Racing\u201d vien\u012bbu, ar ko kop\u0101 guvis visus l\u012bdz\u0161in\u0113jos titulus. \u0160obr\u012bd vi\u0146am tikpat \u010dempiontitulu k\u0101 Dario Frankiti, Sebastj\u0113nam Burd\u0113 un Mario Andreti, bet v\u0113sturiskaj\u0101 statistik\u0101 priek\u0161\u0101 ir tikai Skots Diksons (6) un Eid\u017eejs Foits (7).<\/p>\n<p>Par galveno Palou konkurentu pirms jaun\u0101s sezonas daudzi uzskata \u201cArrow McLaren\u201d zvaigzni Pato O\u2019Vardu. P\u0113c tam, kad 2025. gad\u0101 vi\u0146\u0161 palika otrais aiz Palou, meksik\u0101nis ir gatavs beidzot izlauzties l\u012bdz savam pirmajam titulam. O\u2019Vards ir par\u0101d\u012bjis izcilu \u0101trumu, ta\u010du vi\u0146a un komandas liel\u0101kais izaicin\u0101jums ir izvair\u012bties no s\u012bk\u0101m k\u013c\u016bd\u0101m un stabilit\u0101tes tr\u016bkuma, kas l\u012bdz \u0161im Palou padar\u012bjis neaizsniedzamu.<\/p>\n<p>Pauers pamet \u2018Penske\u2019, viet\u0101 n\u0101k lietuvietis<\/p>\n<p>Liel\u0101kais starpsezonas notikums ir Vila Pauera aizie\u0161ana no \u201cTeam Penske\u201d p\u0113c 17 kop\u0101 pavad\u012btiem gadiem. Austr\u0101lie\u0161a pievieno\u0161an\u0101s \u201cAndretti Global\u201d ir viena no noz\u012bm\u012bg\u0101kaj\u0101m brauc\u0113ju p\u0101rej\u0101m p\u0113d\u0113jos gados. Veter\u0101ns, kuram sv\u0113tdien aprit\u0113s 45 gadi, cer ienest milz\u012bgo pieredzi \u201cAndretti\u201d nometn\u0113, kas l\u012bdz \u0161im c\u012bn\u012bjusies ar stabilit\u0101tes tr\u016bkumu ielu tras\u0113s.<\/p>\n<p>Tikm\u0113r le\u0123end\u0101r\u0101 \u201cTeam Penske\u201d m\u0113\u0123ina atg\u016bties no smag\u0101s 2025. gada sezonas. Neviens no komandas brauc\u0113jiem p\u0113rn kopv\u0113rt\u0113jum\u0101 neiek\u013cuva lab\u0101ko astotniek\u0101, t\u0101pat sezonu aiz\u0113noja diskvalifik\u0101cijas un tehniski skand\u0101li. Pauera vietu ie\u0146\u0113mis jaunais talants Deivids Malukas, kur\u0161 testos F\u012bniks\u0101 uzr\u0101d\u012bja lab\u0101ko laiku. D\u017eozefs \u0145\u016bg\u0101rdens tikm\u0113r p\u0113c karjeras slikt\u0101k\u0101 sezonas fini\u0161a (12. vieta) ir gatavs atkal c\u012bn\u012bties par uzvar\u0101m.<\/p>\n<p>\u0160\u016bmahers debit\u0113 \u2018IndyCar\u2019<\/p>\n<p>Labas zi\u0146as F1 l\u012bdzjut\u0113jiem, jo \u0161ogad \u012bpa\u0161i var\u0113s pasekot l\u012bdzi da\u017eiem brauc\u0113jiem. P\u0113c vienas sezonas izlai\u0161anas uz starta atkal atgriezies Rom\u0113ns Gro\u017e\u0101ns, kur\u0161 pievienojies savai pirmajai komandai \u010dempion\u0101t\u0101 \u201cDale Coyne Racing\u201d. Vai franc\u016bzis beidzot izc\u012bn\u012bs pirmo uzvaru? L\u012bdz \u0161im vi\u0146a kont\u0101 \u010detru sezonu laik\u0101 ir se\u0161i \u201cTop 3\u201d rezult\u0101ti, bet neviens no tiem nav g\u016bts ov\u0101lu tras\u0113s.<\/p>\n<p>Tikm\u0113r sevi\u0161\u0137i tiek gaid\u012bta Mika \u0160\u016bmahera debija \u201cIndyCar\u201d. V\u0101cieti sav\u0101 pasp\u0101rn\u0113 pie\u0146\u0113musi \u201cRahal Letterman Lanigan Racing\u201d vien\u012bba. Vair\u0101ku gadu garum\u0101 nesp\u0113jis atgriezties uz starta F1 sac\u012bkst\u0113s, \u0160\u016bmahers tagad cent\u012bsies sevi pier\u0101d\u012bt Amerik\u0101. Vi\u0146\u0161 b\u016bs viens no trim sezonas debitantiem. P\u0101r\u0113jie ir Deniss Haugers un Kajo Kolets.<\/p>\n<p>Tum\u0161i m\u0101ko\u0146i virs \u2018Prema Racing\u2019<\/p>\n<p>Tikm\u0113r sezonas priek\u0161vakar\u0101 virs \u201cPrema Racing\u201d komandas, \u010dempion\u0101t\u0101 debit\u0113ja vien p\u0113rn, savilku\u0161ies tum\u0161i m\u0101ko\u0146i. P\u0113c \u012bpa\u0161nieku strukt\u016bras mai\u0146as janv\u0101r\u012b, komanda pazi\u0146ojusi, ka izlaid\u012bs pirmo posmu Sentp\u012btersb\u0113rg\u0101. Lai gan Roberts \u0160varcmans p\u0113rn izc\u012bn\u012bja v\u0113sturisku pirmo starta vietu \u201cIndy 500\u201d sacens\u012bb\u0101s k\u0101 debitants, \u0161obr\u012bd nav skaidrs, kad un vai visp\u0101r komandas formulas par\u0101d\u012bsies tras\u0113 2026. gad\u0101.<\/p>\n<p>Jaunas riepu pras\u012bbas ielu tras\u0113s<\/p>\n<p>Tehniskaj\u0101 front\u0113 b\u016btisk\u0101k\u0101s izmai\u0146as skars riepu strat\u0113\u0123iju pils\u0113tas tras\u0113s. No \u0161\u012b gada komand\u0101m oblig\u0101ti b\u016bs j\u0101izmanto divi m\u012bkst\u0101 sast\u0101va (alternate) riepu komplekti , nevis viens, k\u0101 iepriek\u0161. Tas dar\u012bts, lai da\u017e\u0101dotu strat\u0113\u0123ijas un rad\u012btu vair\u0101k apdz\u012b\u0161anas iesp\u0113ju, jo m\u012bkst\u0101s riepas nolietojas \u0101tr\u0101k, radot liel\u0101kas \u0101truma starp\u012bbas starp brauc\u0113jiem sac\u012bkstes gait\u0101.<\/p>\n<p><a href=\"https:\/\/f1.lv\/wp-content\/uploads\/2026\/02\/641783263_17925467016233967_5855849638317649474_n.jpg\" rel=\"nofollow noopener\" target=\"_blank\"><img loading=\"lazy\" decoding=\"async\" class=\"alignnone size-large wp-image-76025\" src=\"https:\/\/www.europesays.com\/lv\/wp-content\/uploads\/2026\/03\/641783263_17925467016233967_5855849638317649474_n-819x1024.jpg\" alt=\"\" width=\"696\" height=\"870\"  \/><br \/><\/a><\/p>\n<p><a href=\"https:\/\/www.patreon.com\/collection\/823319\" rel=\"nofollow noopener\" target=\"_blank\"><img loading=\"lazy\" decoding=\"async\" class=\"aligncenter size-full wp-image-74708\" src=\"https:\/\/www.europesays.com\/lv\/wp-content\/uploads\/2026\/03\/Banner300x250px.jpg\" alt=\"\" width=\"300\" height=\"250\"\/><\/a><\/p>\n","protected":false},"excerpt":{"rendered":"P\u0113c gandr\u012bz se\u0161u m\u0113ne\u0161u p\u0101rtraukuma \u0161aj\u0101 ned\u0113\u013cas nogal\u0113 s\u0101kas jaun\u0101 \u201cIndyCar\u201d \u010dempion\u0101ta sezona. Pirmais posms notiks sv\u0113tdien, un&hellip;\n","protected":false},"author":2,"featured_media":142573,"comment_status":"","ping_status":"","sticky":false,"template":"","format":"standard","meta":{"footnotes":"","_share_on_mastodon":"0"},"categories":[17],"tags":[30710,30711,35,39,38,36,37,34,40,30712,30713,30714,30715,67],"class_list":["post-142572","post","type-post","status-publish","format-standard","has-post-thumbnail","category-sports","tag-alekss-palou","tag-indycar","tag-latvia","tag-latvian","tag-latviesu","tag-latviesu-valoda","tag-latviesuvaloda","tag-latvija","tag-lv","tag-miks-sumahers","tag-penske","tag-prema","tag-romens-grozans","tag-sports"],"share_on_mastodon":{"url":"https:\/\/pubeurope.com\/@lv\/116151197565890870","error":""},"_links":{"self":[{"href":"https:\/\/www.europesays.com\/lv\/wp-json\/wp\/v2\/posts\/142572","targetHints":{"allow":["GET"]}}],"collection":[{"href":"https:\/\/www.europesays.com\/lv\/wp-json\/wp\/v2\/posts"}],"about":[{"href":"https:\/\/www.europesays.com\/lv\/wp-json\/wp\/v2\/types\/post"}],"author":[{"embeddable":true,"href":"https:\/\/www.europesays.com\/lv\/wp-json\/wp\/v2\/users\/2"}],"replies":[{"embeddable":true,"href":"https:\/\/www.europesays.com\/lv\/wp-json\/wp\/v2\/comments?post=142572"}],"version-history":[{"count":0,"href":"https:\/\/www.europesays.com\/lv\/wp-json\/wp\/v2\/posts\/142572\/revisions"}],"wp:featuredmedia":[{"embeddable":true,"href":"https:\/\/www.europesays.com\/lv\/wp-json\/wp\/v2\/media\/142573"}],"wp:attachment":[{"href":"https:\/\/www.europesays.com\/lv\/wp-json\/wp\/v2\/media?parent=142572"}],"wp:term":[{"taxonomy":"category","embeddable":true,"href":"https:\/\/www.europesays.com\/lv\/wp-json\/wp\/v2\/categories?post=142572"},{"taxonomy":"post_tag","embeddable":true,"href":"https:\/\/www.europesays.com\/lv\/wp-json\/wp\/v2\/tags?post=142572"}],"curies":[{"name":"wp","href":"https:\/\/api.w.org\/{rel}","templated":true}]}}