{"id":14265,"date":"2025-10-06T17:04:06","date_gmt":"2025-10-06T17:04:06","guid":{"rendered":"https:\/\/www.europesays.com\/lv\/14265\/"},"modified":"2025-10-06T17:04:06","modified_gmt":"2025-10-06T17:04:06","slug":"izraela-deportejusi-171-gazas-flotiles-aktivistu-tostarp-tunbergu","status":"publish","type":"post","link":"https:\/\/www.europesays.com\/lv\/14265\/","title":{"rendered":"Izra\u0113la deport\u0113jusi 171 Gazas flotiles akt\u012bvistu, tostarp T\u016bnbergu"},"content":{"rendered":"<p>&#8220;\u0160odien no Izra\u0113las uz Grie\u0137iju un Slov\u0101kiju tika deport\u0113ts v\u0113l 171 provokators no &#8220;Ham\u0101s&#8221;-&#8220;Sum\u016bdas&#8221; flotiles, ar\u012b Gr\u0113ta T\u016bnberga,&#8221; teikts ministrijas pazi\u0146ojum\u0101 platform\u0101 &#8220;X&#8221;, sasaistot kop\u0101 flotiles un palest\u012bnie\u0161u teroristu grup\u0113juma nosaukumus.<\/p>\n<p>Deport\u0113ti vair\u0101ku valstu, ar\u012b Grie\u0137ijas, It\u0101lijas, Francijas un ASV, pilso\u0146i, teikts pazi\u0146ojum\u0101.<\/p>\n<p>138 &#8220;Glob\u0101l\u0101s Sum\u016bdas flotiles&#8221; (GSF) akt\u012bvisti joproj\u0101m atrodas apcietin\u0101jum\u0101 Izra\u0113l\u0101, zi\u0146u a\u0123ent\u016brai AFP apliecin\u0101ja ministrija.<\/p>\n<p>Piektdien <a href=\"https:\/\/www.apollo.lv\/term\/555449\/izraela\" class=\"topicLink\" target=\"_blank\" rel=\"nofollow noopener\">Izra\u0113la<\/a> deport\u0113ja \u010detrus It\u0101lijas akt\u012bvistus, kas bija pirmie atbr\u012bvotie no vair\u0101k nek\u0101 400 aiztur\u0113tajiem flotiles dal\u012bbniekiem.<\/p>\n<p>Flotile, kur\u0101 bija aptuveni 45 ku\u0123i ar T\u016bnbergu un citiem akt\u012bvistiem, septembra s\u0101kum\u0101 izbrauca no Barselonas ar m\u0113r\u0137i p\u0101rraut Izra\u0113las \u012bstenoto Gazas joslas blok\u0101di.<\/p>\n<p>Tre\u0161dien flotile sasniedza Izra\u0113las j\u016bras sp\u0113ku \u012bstenot\u0101s blok\u0101des perimetru un 41 t\u0101s ku\u0123is tika aptur\u0113ts. Izra\u0113la, kas vair\u0101kk\u0101rt aps\u016bdz\u0113jusi \u0161o flotili k\u0101 grup\u0113juma &#8220;Ham\u0101s&#8221; oper\u0101ciju, pag\u0101ju\u0161as ned\u0113\u013cas s\u0101kum\u0101 pazi\u0146oja, ka ne\u013caus tai sasniegt Gazas joslu.<\/p>\n","protected":false},"excerpt":{"rendered":"&#8220;\u0160odien no Izra\u0113las uz Grie\u0137iju un Slov\u0101kiju tika deport\u0113ts v\u0113l 171 provokators no &#8220;Ham\u0101s&#8221;-&#8220;Sum\u016bdas&#8221; flotiles, ar\u012b Gr\u0113ta T\u016bnberga,&#8221;&hellip;\n","protected":false},"author":2,"featured_media":14266,"comment_status":"","ping_status":"","sticky":false,"template":"","format":"standard","meta":{"footnotes":""},"categories":[14],"tags":[23,57,28,29,5067,32,33,1274,3906,22,493,503,30,31,35,39,38,36,37,34,40,20,26,27,24,25,54,55,56,21,58],"class_list":{"0":"post-14265","1":"post","2":"type-post","3":"status-publish","4":"format-standard","5":"has-post-thumbnail","7":"category-zinas-no-arvalstim","8":"tag-aktualitates","9":"tag-arvalstim","10":"tag-breaking-news","11":"tag-breakingnews","12":"tag-deportacija","13":"tag-featured-news","14":"tag-featurednews","15":"tag-gazas-josla","16":"tag-greta-tunberga","17":"tag-headlines","18":"tag-izraela","19":"tag-izraelas-palestiniesu-konflikts","20":"tag-latest-news","21":"tag-latestnews","22":"tag-latvia","23":"tag-latvian","24":"tag-latviesu","25":"tag-latviesu-valoda","26":"tag-latviesuvaloda","27":"tag-latvija","28":"tag-lv","29":"tag-news","30":"tag-popularakas-zinas","31":"tag-popularakaszinas","32":"tag-top-stories","33":"tag-topstories","34":"tag-world","35":"tag-world-news","36":"tag-worldnews","37":"tag-zinas","38":"tag-zinas-no-arvalstim"},"share_on_mastodon":{"url":"","error":""},"_links":{"self":[{"href":"https:\/\/www.europesays.com\/lv\/wp-json\/wp\/v2\/posts\/14265","targetHints":{"allow":["GET"]}}],"collection":[{"href":"https:\/\/www.europesays.com\/lv\/wp-json\/wp\/v2\/posts"}],"about":[{"href":"https:\/\/www.europesays.com\/lv\/wp-json\/wp\/v2\/types\/post"}],"author":[{"embeddable":true,"href":"https:\/\/www.europesays.com\/lv\/wp-json\/wp\/v2\/users\/2"}],"replies":[{"embeddable":true,"href":"https:\/\/www.europesays.com\/lv\/wp-json\/wp\/v2\/comments?post=14265"}],"version-history":[{"count":0,"href":"https:\/\/www.europesays.com\/lv\/wp-json\/wp\/v2\/posts\/14265\/revisions"}],"wp:featuredmedia":[{"embeddable":true,"href":"https:\/\/www.europesays.com\/lv\/wp-json\/wp\/v2\/media\/14266"}],"wp:attachment":[{"href":"https:\/\/www.europesays.com\/lv\/wp-json\/wp\/v2\/media?parent=14265"}],"wp:term":[{"taxonomy":"category","embeddable":true,"href":"https:\/\/www.europesays.com\/lv\/wp-json\/wp\/v2\/categories?post=14265"},{"taxonomy":"post_tag","embeddable":true,"href":"https:\/\/www.europesays.com\/lv\/wp-json\/wp\/v2\/tags?post=14265"}],"curies":[{"name":"wp","href":"https:\/\/api.w.org\/{rel}","templated":true}]}}