{"id":14273,"date":"2025-10-06T17:12:07","date_gmt":"2025-10-06T17:12:07","guid":{"rendered":"https:\/\/www.europesays.com\/lv\/14273\/"},"modified":"2025-10-06T17:12:07","modified_gmt":"2025-10-06T17:12:07","slug":"pec-tragedijas-imanta-rigas-dome-varetu-rosinat-izmainas-parbrauktuves-barjeras-darba","status":"publish","type":"post","link":"https:\/\/www.europesays.com\/lv\/14273\/","title":{"rendered":"P\u0113c tra\u0123\u0113dijas Imant\u0101 R\u012bgas dome var\u0113tu rosin\u0101t izmai\u0146as p\u0101rbrauktuves barjeras darb\u0101"},"content":{"rendered":"<p>S\u0113des s\u0101kum\u0101 komitejas darba k\u0101rt\u012bba tika papildin\u0101ta ar jaut\u0101jumu par dzelzce\u013ca p\u0101rbrauktuvju dro\u0161\u012bbu.<\/p>\n<p>Kauli\u0146\u0161 atzina, ka p\u0113c negad\u012bjuma, kad uz dzelzce\u013ca dz\u012bv\u012bbu zaud\u0113ja divas meitenes, ir sa\u0146emts uzdevums no pils\u0113tas m\u0113ra Viestura Kleinberga (P) apzin\u0101t dzelzce\u013ca \u0161\u0137\u0113rso\u0161anas vietas g\u0101j\u0113jiem galvaspils\u0113t\u0101. Tad var\u0113tu apjaust probl\u0113mas un to risin\u0101\u0161anai nepiecie\u0161amo finans\u0113jumu.<\/p>\n<p>Vienlaikus Kauli\u0146\u0161 uzsv\u0113ra, ka pils\u0113ta nav atbild\u012bga par \u0161\u012bs infrastrukt\u016bras uztur\u0113\u0161anu, bet par to atbild LDz.<\/p>\n<p>J\u016blija Stepa\u0146enko (SV\/AJ) aicin\u0101ja pa\u0161vald\u012bbu iesaist\u012bt Satiksmes ministriju un LDz situ\u0101cijas uzlabo\u0161anai Imant\u0101. Vi\u0146a sac\u012bja, ka p\u0101rbrauktuves barjera neaizveras l\u012bdz galam, t\u0101p\u0113c p\u0101riet p\u0101ri dzelzce\u013ca slied\u0113m iesp\u0113jams ar\u012b pie aizvertas barjeras, ko cilv\u0113ki ar\u012b izmanto. T\u0101p\u0113c b\u016btu j\u0101uzlabo barjeras darbs un j\u0101ier\u012bko no\u017eogots labirints g\u0101j\u0113jiem slie\u017eu p\u0101rejai.<\/p>\n<p>Kauli\u0146\u0161 sac\u012bja, pa pa\u0161vald\u012bba var inici\u0113t ministrijai un LDz \u0161\u0101du risin\u0101jumu. Vienlaikus vi\u0146\u0161 atzina, ka pa\u0161vald\u012bba v\u0113las &#8220;ieg\u016bt kopbildi, lai m\u0113s neejam no gad\u012bjuma uz gad\u012bjumu, bet sist\u0113miski risin\u0101m probl\u0113mu&#8221;.<\/p>\n<p>LETA jau zi\u0146oja, ka R\u012bg\u0101, pie Imantas dzelzce\u013ca stacijas, pak\u013c\u016bstot zem vilciena, tre\u0161dien, 1.oktobr\u012b, g\u0101ja boj\u0101 divas meitenes. Meitenes zaud\u0113ju\u0161as dz\u012bv\u012bbu p\u0113c tam, kad vi\u0146u vad\u012bto nomas elektrosk\u016bteri aiz\u0137\u0113ra vilciens.<\/p>\n","protected":false},"excerpt":{"rendered":"S\u0113des s\u0101kum\u0101 komitejas darba k\u0101rt\u012bba tika papildin\u0101ta ar jaut\u0101jumu par dzelzce\u013ca p\u0101rbrauktuvju dro\u0161\u012bbu. Kauli\u0146\u0161 atzina, ka p\u0113c negad\u012bjuma,&hellip;\n","protected":false},"author":2,"featured_media":14274,"comment_status":"","ping_status":"","sticky":false,"template":"","format":"standard","meta":{"footnotes":""},"categories":[5],"tags":[23,28,29,32,33,22,4037,30,31,35,39,38,36,37,34,3343,40,20,26,27,24,25,21],"class_list":{"0":"post-14273","1":"post","2":"type-post","3":"status-publish","4":"format-standard","5":"has-post-thumbnail","7":"category-aktualitates","8":"tag-aktualitates","9":"tag-breaking-news","10":"tag-breakingnews","11":"tag-featured-news","12":"tag-featurednews","13":"tag-headlines","14":"tag-imanta","15":"tag-latest-news","16":"tag-latestnews","17":"tag-latvia","18":"tag-latvian","19":"tag-latviesu","20":"tag-latviesu-valoda","21":"tag-latviesuvaloda","22":"tag-latvija","23":"tag-latvijas-dzelzcels","24":"tag-lv","25":"tag-news","26":"tag-popularakas-zinas","27":"tag-popularakaszinas","28":"tag-top-stories","29":"tag-topstories","30":"tag-zinas"},"share_on_mastodon":{"url":"","error":""},"_links":{"self":[{"href":"https:\/\/www.europesays.com\/lv\/wp-json\/wp\/v2\/posts\/14273","targetHints":{"allow":["GET"]}}],"collection":[{"href":"https:\/\/www.europesays.com\/lv\/wp-json\/wp\/v2\/posts"}],"about":[{"href":"https:\/\/www.europesays.com\/lv\/wp-json\/wp\/v2\/types\/post"}],"author":[{"embeddable":true,"href":"https:\/\/www.europesays.com\/lv\/wp-json\/wp\/v2\/users\/2"}],"replies":[{"embeddable":true,"href":"https:\/\/www.europesays.com\/lv\/wp-json\/wp\/v2\/comments?post=14273"}],"version-history":[{"count":0,"href":"https:\/\/www.europesays.com\/lv\/wp-json\/wp\/v2\/posts\/14273\/revisions"}],"wp:featuredmedia":[{"embeddable":true,"href":"https:\/\/www.europesays.com\/lv\/wp-json\/wp\/v2\/media\/14274"}],"wp:attachment":[{"href":"https:\/\/www.europesays.com\/lv\/wp-json\/wp\/v2\/media?parent=14273"}],"wp:term":[{"taxonomy":"category","embeddable":true,"href":"https:\/\/www.europesays.com\/lv\/wp-json\/wp\/v2\/categories?post=14273"},{"taxonomy":"post_tag","embeddable":true,"href":"https:\/\/www.europesays.com\/lv\/wp-json\/wp\/v2\/tags?post=14273"}],"curies":[{"name":"wp","href":"https:\/\/api.w.org\/{rel}","templated":true}]}}