{"id":14315,"date":"2025-10-06T18:15:07","date_gmt":"2025-10-06T18:15:07","guid":{"rendered":"https:\/\/www.europesays.com\/lv\/14315\/"},"modified":"2025-10-06T18:15:07","modified_gmt":"2025-10-06T18:15:07","slug":"riga-tiek-atklata-starptautiska-arzemju-izglitibas-izstade-dienas-bizness","status":"publish","type":"post","link":"https:\/\/www.europesays.com\/lv\/14315\/","title":{"rendered":"R\u012bg\u0101 tiek atkl\u0101ta starptautisk\u0101 \u0101rzemju izgl\u012bt\u012bbas izst\u0101de! :: Dienas Bizness"},"content":{"rendered":"<p class=\"text-font font-size--text-xlarge margin-3--bottom font-weight--bold padding-1--top\">Rudens liel\u0101kais notikums izgl\u012bt\u012bbas jom\u0101 \u2013 vair\u0101k nek\u0101 50 universit\u0101\u0161u, koled\u017eu un skolu no Eiropas, ASV un Kan\u0101das.<\/p>\n<p class=\"text-font font-size--text-xlarge margin-3--bottom\">11. oktobr\u012b konferen\u010du centr\u0101 Radisson Blu Hotel Latvija (Elizabetes iela 55, R\u012bga) norisin\u0101sies gada noz\u012bm\u012bg\u0101kais pas\u0101kums \u0101rzemju izgl\u012bt\u012bbas jom\u0101 \u2013 starptautisk\u0101 izst\u0101de \u201cDays of International Education\u201d (\u201cStarptautisk\u0101s izgl\u012bt\u012bbas dienas\u201d), ko organiz\u0113 uz\u0146\u0113mums Baltic Council for International Education.<\/p>\n<p class=\"text-font font-size--text-xlarge margin-3--bottom\">Vienuviet pulc\u0113sies vair\u0101k nek\u0101 50 vado\u0161o izgl\u012bt\u012bbas iest\u0101\u017eu p\u0101rst\u0101vji no Eiropas, Lielbrit\u0101nijas, ASV, Kan\u0101das un cit\u0101m valst\u012bm. Apmekl\u0113t\u0101jiem b\u016bs iesp\u0113ja person\u012bgi tikties ar universit\u0101\u0161u, koled\u017eu, vidusskolu, biznesa skolu un valodu centru p\u0101rst\u0101vjiem, k\u0101 ar\u012b uzzin\u0101t par m\u0101c\u012bbu iesp\u0113j\u0101m, uz\u0146em\u0161anas nosac\u012bjumiem, finans\u0113jumu un karjeras veido\u0161anu \u0101rvalst\u012bs.<\/p>\n<p class=\"text-font font-size--text-xlarge margin-3--bottom\">Kas iek\u013cauts izst\u0101des programm\u0101?<\/p>\n<p class=\"text-font font-size--text-xlarge margin-3--bottom\">\u2022 Programmas vid\u0113j\u0101s, profesion\u0101l\u0101s un augst\u0101k\u0101s izgl\u012bt\u012bbas ieg\u016b\u0161anai (bakalaura, ma\u0123istra, MBA, doktorant\u016bras l\u012bmen\u012b)<\/p>\n<p class=\"text-font font-size--text-xlarge margin-3--bottom\">\u2022 Sagatavo\u0161anas un valodu kursi, k\u0101 ar\u012b vasaras akad\u0113misk\u0101s nometnes<\/p>\n<p class=\"text-font font-size--text-xlarge margin-3--bottom\">\u2022 Sagatavo\u0161an\u0101s kursi IELTS un Cambridge English eks\u0101meniem<\/p>\n<p class=\"text-font font-size--text-xlarge margin-3--bottom\">\u2022 Inform\u0101cija par stipendij\u0101m un bezmaksas studiju iesp\u0113j\u0101m<\/p>\n<p class=\"text-font font-size--text-xlarge margin-3--bottom\">\u2022 Individu\u0101las konsult\u0101cijas par piem\u0113rot\u0101ko izgl\u012bt\u012bbas iest\u0101di un studiju virzienu<\/p>\n<p class=\"text-font font-size--text-xlarge margin-3--bottom\">Semin\u0101ri un prezent\u0101cijas<\/p>\n<p class=\"text-font font-size--text-xlarge margin-3--bottom\">Izst\u0101des laik\u0101 izst\u0101des apmekl\u0113t\u0101jiem b\u016bs pieejama pla\u0161a bezmaksas semin\u0101ru un prezent\u0101ciju programma, kur\u0101 tiks apl\u016bkotas \u0161\u0101das t\u0113mas:<\/p>\n<p class=\"text-font font-size--text-xlarge margin-3--bottom\">\u2022 Studijas Eirop\u0101 ang\u013cu valod\u0101<\/p>\n<p class=\"text-font font-size--text-xlarge margin-3--bottom\">\u2022 K\u0101 izv\u0113l\u0113ties n\u0101kotnes profesiju<\/p>\n<p class=\"text-font font-size--text-xlarge margin-3--bottom\">\u2022 Starptautiskie eks\u0101meni IELTS un Cambridge English<\/p>\n<p class=\"text-font font-size--text-xlarge margin-3--bottom\">\u2022 Rado\u0161\u0101 portfolio sagatavo\u0161ana<\/p>\n<p class=\"text-font font-size--text-xlarge margin-3--bottom\">\u2022 Studijas un darbs \u012arij\u0101<\/p>\n<p class=\"text-font font-size--text-xlarge margin-3--bottom\">\u2022 Izgl\u012bt\u012bbas iesp\u0113jas N\u012bderland\u0113<\/p>\n<p class=\"text-font font-size--text-xlarge margin-3--bottom\">Karjeras konsult\u0101ciju zona<\/p>\n<p class=\"text-font font-size--text-xlarge margin-3--bottom\">Izst\u0101d\u0113 darbosies karjeras konsult\u0101ciju zona, kur ikviens interesents var\u0113s:<\/p>\n<p class=\"text-font font-size--text-xlarge margin-3--bottom\">\u2022 Veikt \u0101tru talantu un profesion\u0101lo intere\u0161u diagnostiku<\/p>\n<p class=\"text-font font-size--text-xlarge margin-3--bottom\">\u2022 Sa\u0146emt ieteikumus par piem\u0113rot\u0101ko profesiju un studiju virzienu<\/p>\n<p class=\"text-font font-size--text-xlarge margin-3--bottom\">Starptautiski atz\u012bts pas\u0101kums<\/p>\n<p class=\"text-font font-size--text-xlarge margin-3--bottom\">Izst\u0101des projekts tika aizs\u0101kts Latvij\u0101 jau 2005. gad\u0101 un laika gait\u0101 ir k\u013cuvis par vienu no atz\u012bt\u0101kajiem izgl\u012bt\u012bbas pas\u0101kumiem Eirop\u0101.<\/p>\n<p class=\"text-font font-size--text-xlarge margin-3--bottom\">\u0160obr\u012bd tas ar pan\u0101kumiem tiek organiz\u0113ts ne tikai Latvij\u0101, bet ar\u012b Lietuv\u0101, Igaunij\u0101, Polij\u0101, Ung\u0101rij\u0101 un Slov\u0101kij\u0101, apvienojot simtiem izgl\u012bt\u012bbas iest\u0101\u017eu un t\u016bksto\u0161iem apmekl\u0113t\u0101ju.<\/p>\n<p class=\"text-font font-size--text-xlarge margin-3--bottom\">Kad un kur?<\/p>\n<p class=\"text-font font-size--text-xlarge margin-3--bottom\">R\u012bga \u2013 2025. gada 11. oktobr\u012b<\/p>\n<p class=\"text-font font-size--text-xlarge margin-3--bottom\">Radisson Blu Hotel Latvija, Elizabetes iela 55<\/p>\n<p class=\"text-font font-size--text-xlarge margin-3--bottom\">10:00\u201317:00<\/p>\n<p class=\"text-font font-size--text-xlarge margin-3--bottom\">Ieeja bez maksas<\/p>\n<p class=\"text-font font-size--text-xlarge margin-3--bottom\">Papildu inform\u0101cija par izst\u0101di, t\u0101s dal\u012bbniekiem, semin\u0101ru programmu un laikiem pieejama ofici\u0101laj\u0101 organizatoru m\u0101jaslap\u0101: <a href=\"https:\/\/www.balticcouncil.lv\/lv\/sakums\/\" title=\"\" target=\"_blank\" rel=\"nofollow noopener\">www.balticcouncil.lv <\/a><\/p>\n<p>Skat\u012bties p\u0101r\u0113jos att\u0113lus<\/p>\n","protected":false},"excerpt":{"rendered":"Rudens liel\u0101kais notikums izgl\u012bt\u012bbas jom\u0101 \u2013 vair\u0101k nek\u0101 50 universit\u0101\u0161u, koled\u017eu un skolu no Eiropas, ASV un Kan\u0101das.&hellip;\n","protected":false},"author":2,"featured_media":14316,"comment_status":"","ping_status":"","sticky":false,"template":"","format":"standard","meta":{"footnotes":""},"categories":[16],"tags":[869,77,870,76,867,35,39,38,36,37,34,871,868,40,21],"class_list":{"0":"post-14315","1":"post","2":"type-post","3":"status-publish","4":"format-standard","5":"has-post-thumbnail","7":"category-bizness","8":"tag-biznesa-zinas","9":"tag-bizness","10":"tag-bizness-latvija","11":"tag-business","12":"tag-dienas-zinas","13":"tag-latvia","14":"tag-latvian","15":"tag-latviesu","16":"tag-latviesu-valoda","17":"tag-latviesuvaloda","18":"tag-latvija","19":"tag-latvijas-biznesa-zinas","20":"tag-latvijas-zinas","21":"tag-lv","22":"tag-zinas"},"share_on_mastodon":{"url":"","error":""},"_links":{"self":[{"href":"https:\/\/www.europesays.com\/lv\/wp-json\/wp\/v2\/posts\/14315","targetHints":{"allow":["GET"]}}],"collection":[{"href":"https:\/\/www.europesays.com\/lv\/wp-json\/wp\/v2\/posts"}],"about":[{"href":"https:\/\/www.europesays.com\/lv\/wp-json\/wp\/v2\/types\/post"}],"author":[{"embeddable":true,"href":"https:\/\/www.europesays.com\/lv\/wp-json\/wp\/v2\/users\/2"}],"replies":[{"embeddable":true,"href":"https:\/\/www.europesays.com\/lv\/wp-json\/wp\/v2\/comments?post=14315"}],"version-history":[{"count":0,"href":"https:\/\/www.europesays.com\/lv\/wp-json\/wp\/v2\/posts\/14315\/revisions"}],"wp:featuredmedia":[{"embeddable":true,"href":"https:\/\/www.europesays.com\/lv\/wp-json\/wp\/v2\/media\/14316"}],"wp:attachment":[{"href":"https:\/\/www.europesays.com\/lv\/wp-json\/wp\/v2\/media?parent=14315"}],"wp:term":[{"taxonomy":"category","embeddable":true,"href":"https:\/\/www.europesays.com\/lv\/wp-json\/wp\/v2\/categories?post=14315"},{"taxonomy":"post_tag","embeddable":true,"href":"https:\/\/www.europesays.com\/lv\/wp-json\/wp\/v2\/tags?post=14315"}],"curies":[{"name":"wp","href":"https:\/\/api.w.org\/{rel}","templated":true}]}}