{"id":14329,"date":"2025-10-06T18:31:09","date_gmt":"2025-10-06T18:31:09","guid":{"rendered":"https:\/\/www.europesays.com\/lv\/14329\/"},"modified":"2025-10-06T18:31:09","modified_gmt":"2025-10-06T18:31:09","slug":"subaru-atjaunojis-logotipu-sperot-planotu-soli-pretim-elektriskajai-nakotnei-lente-lv","status":"publish","type":"post","link":"https:\/\/www.europesays.com\/lv\/14329\/","title":{"rendered":"Subaru atjaunojis logotipu, sperot pl\u0101notu soli pretim elektriskajai n\u0101kotnei\u00a0\u2014\u00a0Lente.lv"},"content":{"rendered":"<p>Subaru atjaunojis savu ikonisko logotipu, gatavojoties elektriskajai n\u0101kotnei<\/p>\n<p>Jap\u0101\u0146u autora\u017eot\u0101js Subaru ir publiskojis savu moderniz\u0113to logotipu, kas simboliz\u0113 uz\u0146\u0113muma p\u0101reju uz piln\u012bb\u0101 elektrisko transportl\u012bdzek\u013cu (EV) laikmetu. \u0160\u012bs izmai\u0146as sakr\u012bt ar ambicioziem pl\u0101niem n\u0101kotn\u0113, tostarp pl\u0101niem ieviest tr\u012bs jaunus, piln\u012bb\u0101 elektriskus mode\u013cus, kas paredz\u0113ti, lai nostiprin\u0101tu Subaru poz\u012bcijas main\u012bgaj\u0101 auto industrijas vid\u0113.<\/p>\n<p>Logotipa evol\u016bcija: no zvaigzn\u0113m uz progresu<\/p>\n<p>Subaru logotipa v\u0113sture ir bag\u0101ta un cie\u0161i saist\u012bta ar zvaig\u017e\u0146u kopu Plej\u0101das, kas jap\u0101\u0146u valod\u0101 noz\u012bm\u0113 \u201cSubaru\u201d. \u0160\u012b zvaig\u017e\u0146u kopa, kas sast\u0101v no septi\u0146\u0101m zvaigzn\u0113m, no kur\u0101m redzamas se\u0161as, ir bijusi iedvesmas avots z\u012bmola simbolikai kop\u0161 t\u0101 pirms\u0101kumiem 1953. gad\u0101. S\u0101kotn\u0113ji logotips att\u0113loja piecas apvienoju\u0161\u0101s firmas, kas veidoja \u201cFuji Heavy Industries\u201d, un sesto zvaigzni, kas simboliz\u0113ja pa\u0161u uz\u0146\u0113mumu. Laika gait\u0101 dizains ir piedz\u012bvojis vair\u0101kas transform\u0101cijas, piel\u0101gojoties gan tehnolo\u0123iskaj\u0101m inov\u0101cij\u0101m, gan main\u012bgaj\u0101m dizaina tendenc\u0113m. No vienk\u0101r\u0161\u0101m sudraba zvaigzn\u0113m uz neitr\u0101la fona l\u012bdz dinamisk\u0101k\u0101m 3D form\u0101m ar gradientiem un pies\u0101tin\u0101t\u0101k\u0101m kr\u0101s\u0101m, katrs solis ir atspogu\u013cojis Subaru att\u012bst\u012bbu. P\u0113d\u0113j\u0101s izmai\u0146as, kas notika 2003. gad\u0101, ieviesa dzi\u013c\u0101ku tr\u012bsdimensiju efektu un atspogu\u013coja \u201csubaru\u201d zvaig\u017e\u0146u kopas dzi\u013cumu un mirdzumu. Tagad, saska\u0146\u0101 ar jaunajiem att\u012bst\u012bbas pl\u0101niem, logotips ir atkal moderniz\u0113ts, lai v\u0113l spilgt\u0101k izceltu z\u012bmola gatav\u012bbu n\u0101kotnei.<\/p>\n<p>Ce\u013c\u0161 uz elektrifik\u0101ciju: ambiciozi m\u0113r\u0137i un strat\u0113\u0123ija<\/p>\n<p>Subaru ir ap\u0146\u0113mies strauji virz\u012bties uz priek\u0161u elektrisko transportl\u012bdzek\u013cu jom\u0101. L\u012bdz 2030. gadam uz\u0146\u0113mums pl\u0101no, ka piln\u012bb\u0101 elektriskie transportl\u012bdzek\u013ci veidos 50% no t\u0101 kop\u0113j\u0101 glob\u0101l\u0101 p\u0101rdo\u0161anas apjoma. Tas noz\u012bm\u0113 aptuveni 600 000 piln\u012bb\u0101 elektrisku automa\u0161\u012bnu p\u0101rdo\u0161anu gad\u0101, kas ir iev\u0113rojams l\u0113ciens sal\u012bdzin\u0101jum\u0101 ar iepriek\u0161\u0113jiem m\u0113r\u0137iem. \u0160o ambiciozo m\u0113r\u0137u sasnieg\u0161anai Subaru pl\u0101no invest\u0113t gandr\u012bz 10,5 miljardus dol\u0101ru transportl\u012bdzek\u013cu elektrifik\u0101cij\u0101 l\u012bdz 2030. gadam. Ra\u017eo\u0161anas procesi tiks piel\u0101goti, lai nodro\u0161in\u0101tu gan iek\u0161dedzes dzin\u0113ju, gan hibr\u012bdu, gan piln\u012bb\u0101 elektrisko sp\u0113krata mode\u013cu ra\u017eo\u0161anu. Jap\u0101n\u0101 eso\u0161\u0101s Yajima r\u016bpn\u012bcas jau no 2025. gada s\u0101ks ra\u017eot elektriskos transportl\u012bdzek\u013cus, sasniedzot 200 000 vien\u012bbu gad\u0101. Tuv\u0101kajos gados pl\u0101nots att\u012bst\u012bt ar\u012b jaunas BEV platformas un ieviest asto\u0146us piln\u012bb\u0101 elektriskus mode\u013cus l\u012bdz 2028. gada beig\u0101m, no kuriem \u010detri b\u016bs SUV tipa automa\u0161\u012bnas, kas paredz\u0113tas lai\u0161anai tirg\u016b l\u012bdz 2026. gadam. Lai gan s\u0101kotn\u0113ji tika pl\u0101nots, ka hibr\u012bdi un BEV veidos 40% no kop\u0113j\u0101 p\u0101rdo\u0161anas apjoma l\u012bdz 2030. gadam, jaunais strat\u0113\u0123ijas mai\u0146as pl\u0101ns paredz iev\u0113rojami palielin\u0101t \u0161o \u012bpatsvaru.<\/p>\n<p>Jaunie elektriskie mode\u013ci un tehnolo\u0123isk\u0101s inov\u0101cijas<\/p>\n<p>\u0160obr\u012bd Subaru tirg\u016b ir pieejams pirmais piln\u012bb\u0101 elektriskais modelis \u2013 Solterra SUV. Tom\u0113r uz\u0146\u0113mums ir ap\u0146\u0113m\u012bbas pilns papla\u0161in\u0101t savu elektrisko mode\u013cu kl\u0101stu. Tiek prognoz\u0113ts, ka l\u012bdz 2026. gada beig\u0101m Subaru iepaz\u012bstin\u0101s pasauli ar trim vai \u010detriem jauniem piln\u012bb\u0101 elektriskiem krosoveriem. Lai gan detaliz\u0113ta inform\u0101cija par \u0161iem mode\u013ciem v\u0113l nav sniegta, ir sagaid\u0101ms, ka tie papildin\u0101s eso\u0161o mode\u013cu kl\u0101stu, piem\u0113ram, Crosstrek, Forester, Outback un Ascent. Jauno mode\u013cu pamat\u0101 b\u016bs platformas, kas l\u012bdz\u012bgas t\u0101m, kuras izmanto Subaru Solterra un Toyota bZ4X, nodro\u0161inot efekt\u012bvu un jaud\u012bgu brauk\u0161anas pieredzi. Subaru pl\u0101no ar\u012b turpin\u0101t pilnveidot savu paz\u012bstamo pilnpiedzi\u0146as sist\u0113mu (AWD), nodro\u0161inot, ka jaunie elektriskie transportl\u012bdzek\u013ci saglab\u0101 z\u012bmolam rakstur\u012bgo veiktsp\u0113ju un dro\u0161\u012bbu. Lai gan Subaru ir bijis nedaudz piesardz\u012bg\u0101ks attiec\u012bb\u0101 uz EV izstr\u0101di sal\u012bdzin\u0101jum\u0101 ar da\u017eiem konkurentiem, jaunie m\u0113r\u0137i un pl\u0101ni liecina par stingru ap\u0146em\u0161anos main\u012bt \u0161o tendenci un k\u013c\u016bt par noz\u012bm\u012bgu sp\u0113l\u0113t\u0101ju elektrisko transportl\u012bdzek\u013cu tirg\u016b.<\/p>\n<p>Stabilit\u0101te un uzticam\u012bba k\u0101 z\u012bmola v\u0113rt\u012bbas<\/p>\n<p>Neskatoties uz straujo p\u0101reju uz elektrisko mobilit\u0101ti, Subaru apliecina, ka t\u0101 pamatv\u0113rt\u012bbas \u2013 uzticam\u012bba, dro\u0161\u012bba un klientu orient\u0101cija \u2013 paliks nemain\u012bgas. Uz\u0146\u0113muma jaunais prezidents Atsushi Osaki uzsv\u0113ris, ka Subaru turpin\u0101s piev\u0113rst uzman\u012bbu klientu atsauksm\u0113m, uztur\u0113t augstu kvalit\u0101ti un nodro\u0161in\u0101t izcilu dro\u0161\u012bbas l\u012bmeni visos savos transportl\u012bdzek\u013cos. Z\u012bmols \u201cSubaru Love Promise\u201d turpin\u0101s apliecin\u0101t uz\u0146\u0113muma ap\u0146em\u0161anos veicin\u0101t pozit\u012bvas p\u0101rmai\u0146as sabiedr\u012bb\u0101. Ar nep\u0101rtrauktu inov\u0101ciju un centieniem uzlabot ra\u017eo\u0161anas procesus, Subaru ir gatavs ne tikai main\u012bties, bet ar\u012b noteikt jaunus standartus auto industrij\u0101, saglab\u0101jot savu unik\u0101lo identit\u0101ti un uztic\u012bbu saviem klientiem.<\/p>\n","protected":false},"excerpt":{"rendered":"Subaru atjaunojis savu ikonisko logotipu, gatavojoties elektriskajai n\u0101kotnei Jap\u0101\u0146u autora\u017eot\u0101js Subaru ir publiskojis savu moderniz\u0113to logotipu, kas simboliz\u0113&hellip;\n","protected":false},"author":2,"featured_media":14330,"comment_status":"","ping_status":"","sticky":false,"template":"","format":"standard","meta":{"footnotes":""},"categories":[19],"tags":[5081,5080,89,3394,90,35,39,38,36,37,34,5079,40,5078],"class_list":{"0":"post-14329","1":"post","2":"type-post","3":"status-publish","4":"format-standard","5":"has-post-thumbnail","7":"category-izklaide","8":"tag-autorazotajs","9":"tag-elektriskie-transportlidzekli","10":"tag-entertainment","11":"tag-ev","12":"tag-izklaide","13":"tag-latvia","14":"tag-latvian","15":"tag-latviesu","16":"tag-latviesu-valoda","17":"tag-latviesuvaloda","18":"tag-latvija","19":"tag-logotips","20":"tag-lv","21":"tag-subaru"},"share_on_mastodon":{"url":"","error":""},"_links":{"self":[{"href":"https:\/\/www.europesays.com\/lv\/wp-json\/wp\/v2\/posts\/14329","targetHints":{"allow":["GET"]}}],"collection":[{"href":"https:\/\/www.europesays.com\/lv\/wp-json\/wp\/v2\/posts"}],"about":[{"href":"https:\/\/www.europesays.com\/lv\/wp-json\/wp\/v2\/types\/post"}],"author":[{"embeddable":true,"href":"https:\/\/www.europesays.com\/lv\/wp-json\/wp\/v2\/users\/2"}],"replies":[{"embeddable":true,"href":"https:\/\/www.europesays.com\/lv\/wp-json\/wp\/v2\/comments?post=14329"}],"version-history":[{"count":0,"href":"https:\/\/www.europesays.com\/lv\/wp-json\/wp\/v2\/posts\/14329\/revisions"}],"wp:featuredmedia":[{"embeddable":true,"href":"https:\/\/www.europesays.com\/lv\/wp-json\/wp\/v2\/media\/14330"}],"wp:attachment":[{"href":"https:\/\/www.europesays.com\/lv\/wp-json\/wp\/v2\/media?parent=14329"}],"wp:term":[{"taxonomy":"category","embeddable":true,"href":"https:\/\/www.europesays.com\/lv\/wp-json\/wp\/v2\/categories?post=14329"},{"taxonomy":"post_tag","embeddable":true,"href":"https:\/\/www.europesays.com\/lv\/wp-json\/wp\/v2\/tags?post=14329"}],"curies":[{"name":"wp","href":"https:\/\/api.w.org\/{rel}","templated":true}]}}