{"id":14334,"date":"2025-10-06T18:37:13","date_gmt":"2025-10-06T18:37:13","guid":{"rendered":"https:\/\/www.europesays.com\/lv\/14334\/"},"modified":"2025-10-06T18:37:13","modified_gmt":"2025-10-06T18:37:13","slug":"grupa-trianas-parks-izdod-videoklipu-dziesmai-kalnaina-ainava","status":"publish","type":"post","link":"https:\/\/www.europesays.com\/lv\/14334\/","title":{"rendered":"Grupa &#8220;Tri\u0101nas Parks&#8221; izdod videoklipu dziesmai &#8220;Kalnaina ainava&#8221;"},"content":{"rendered":"<p>Dziesma &#8220;Kalnaina ainava&#8221; ir viens no albuma sentiment\u0101l\u0101kajiem ska\u0146darbiem. Taj\u0101 dzirdam\u0101s kora partijas simboliz\u0113 gar\u012bgos mekl\u0113jumus un cilv\u0113ku v\u0113lmi doties dzi\u013cum\u0101.<\/p>\n<blockquote class=\"quote ck-widget\" contenteditable=\"false\">\n<p>&#8220;Kora elementiem ir liela noz\u012bme, un Tri\u0101nas parka dai\u013crad\u0113 tie par\u0101d\u0101s arvien vair\u0101k. To liel\u0101 m\u0113r\u0101 ietekm\u0113jusi koncertu pieredze bazn\u012bc\u0101s,&#8221;<\/p>\n<\/blockquote>\n<p>st\u0101sta grupas soliste Agnese Rakovska.<\/p>\n<p>Albums Vientu\u013co dzejnieku sala ir konceptu\u0101ls darbs, kas p\u0113ta vientul\u012bbas un cilv\u0113ka dv\u0113seles antropolo\u0123iju. M\u016bzikas stilistiskais spektrs s\u0101kas ar minim\u0101lismu \u2013 jaut\u0101jumu, kas ved cauri izklaides un modern\u0101s pasaules pras\u012bb\u0101m, bet nosl\u0113dzas ar kompoz\u012bciju &#8220;Kalnaina ainava&#8221;, kas atkl\u0101j nenov\u0113r\u0161amu satik\u0161anos ar sevi.<\/p>\n<p>Videoklips tapis Agneses Rakovskas m\u016bzikas un izgl\u012bt\u012bbas platformas &#8220;Zvaigzn\u0101js&#8221; telp\u0101s, kur ierakst\u012bts ar\u012b pats albums. Platforma Zvaigzn\u0101js sniedz iesp\u0113ju apg\u016bt m\u016bzikas digit\u0101l\u0101s tehnolo\u0123ijas un realiz\u0113t rado\u0161as ieceres gan audio, gan video form\u0101t\u0101. \u0160\u012b vide rada dro\u0161\u012bbu un m\u0101j\u012bgumu gan jaunajiem, gan pieredz\u0113ju\u0161ajiem m\u0101ksliniekiem. Videoklipa re\u017eiju veidojusi Beatrise Be\u0101te Zviedre.<\/p>\n<p>Agnese dal\u0101s saj\u016bt\u0101s: &#8220;Jaunais m\u016bzikas videoklips man\u012b raisa dzi\u013cas p\u0101rdomas par grup\u0101 piedz\u012bvoto. <a href=\"https:\/\/sejas.tvnet.lv\/term\/556401\/trianas-parks\" class=\"topicLink\" target=\"_blank\" rel=\"nofollow noopener\">Tri\u0101nas parks<\/a> past\u0101v jau vair\u0101k nek\u0101 15 gadu \u2013 tas ir \u012bpa\u0161s un noz\u012bm\u012bgs posms man\u0101 dz\u012bv\u0113, v\u0113los to atz\u012bm\u0113t ar skaistu koncertu.&#8221;<\/p>\n<p>Jau 8. oktobr\u012b grupa &#8220;Tri\u0101nas Parks&#8221; aicina uz koncertu koncertz\u0101l\u0113 &#8220;Palladium&#8221;, bet 17. oktobr\u012b \u2013 Liep\u0101jas kult\u016bras nam\u0101 &#8220;Wiktorija&#8221;.<\/p>\n<p>Vair\u0101k inform\u0101cijas un bi\u013cetes grupas <a target=\"_blank\" rel=\"noopener noreferrer nofollow\" href=\"https:\/\/www.trianasparks.lv\/\">t\u012bmek\u013ca vietn\u0113<\/a>.<\/p>\n","protected":false},"excerpt":{"rendered":"Dziesma &#8220;Kalnaina ainava&#8221; ir viens no albuma sentiment\u0101l\u0101kajiem ska\u0146darbiem. Taj\u0101 dzirdam\u0101s kora partijas simboliz\u0113 gar\u012bgos mekl\u0113jumus un cilv\u0113ku&hellip;\n","protected":false},"author":2,"featured_media":14335,"comment_status":"","ping_status":"","sticky":false,"template":"","format":"standard","meta":{"footnotes":""},"categories":[19],"tags":[89,90,5083,35,39,38,36,37,34,40,1337,4635,5082],"class_list":{"0":"post-14334","1":"post","2":"type-post","3":"status-publish","4":"format-standard","5":"has-post-thumbnail","7":"category-izklaide","8":"tag-entertainment","9":"tag-izklaide","10":"tag-kulturas-nams-wiktorija","11":"tag-latvia","12":"tag-latvian","13":"tag-latviesu","14":"tag-latviesu-valoda","15":"tag-latviesuvaloda","16":"tag-latvija","17":"tag-lv","18":"tag-palladium","19":"tag-palladium-riga","20":"tag-trianas-parks"},"share_on_mastodon":{"url":"","error":""},"_links":{"self":[{"href":"https:\/\/www.europesays.com\/lv\/wp-json\/wp\/v2\/posts\/14334","targetHints":{"allow":["GET"]}}],"collection":[{"href":"https:\/\/www.europesays.com\/lv\/wp-json\/wp\/v2\/posts"}],"about":[{"href":"https:\/\/www.europesays.com\/lv\/wp-json\/wp\/v2\/types\/post"}],"author":[{"embeddable":true,"href":"https:\/\/www.europesays.com\/lv\/wp-json\/wp\/v2\/users\/2"}],"replies":[{"embeddable":true,"href":"https:\/\/www.europesays.com\/lv\/wp-json\/wp\/v2\/comments?post=14334"}],"version-history":[{"count":0,"href":"https:\/\/www.europesays.com\/lv\/wp-json\/wp\/v2\/posts\/14334\/revisions"}],"wp:featuredmedia":[{"embeddable":true,"href":"https:\/\/www.europesays.com\/lv\/wp-json\/wp\/v2\/media\/14335"}],"wp:attachment":[{"href":"https:\/\/www.europesays.com\/lv\/wp-json\/wp\/v2\/media?parent=14334"}],"wp:term":[{"taxonomy":"category","embeddable":true,"href":"https:\/\/www.europesays.com\/lv\/wp-json\/wp\/v2\/categories?post=14334"},{"taxonomy":"post_tag","embeddable":true,"href":"https:\/\/www.europesays.com\/lv\/wp-json\/wp\/v2\/tags?post=14334"}],"curies":[{"name":"wp","href":"https:\/\/api.w.org\/{rel}","templated":true}]}}