{"id":14338,"date":"2025-10-06T18:40:08","date_gmt":"2025-10-06T18:40:08","guid":{"rendered":"https:\/\/www.europesays.com\/lv\/14338\/"},"modified":"2025-10-06T18:40:08","modified_gmt":"2025-10-06T18:40:08","slug":"kremli-jau-spriez-par-iespejamu-iebrukumu-nato-dalibvalsti-pazino-eiropas-komisars","status":"publish","type":"post","link":"https:\/\/www.europesays.com\/lv\/14338\/","title":{"rendered":"Kreml\u012b jau sprie\u017e par iesp\u0113jamu iebrukumu NATO dal\u012bbvalst\u012b, pazi\u0146o Eiropas komis\u0101rs"},"content":{"rendered":"<p>\u201cEs uzticos izl\u016bkdienestiem. Un V\u0101cijas izl\u016bkdienests uzsver, ka ir pier\u0101d\u012bjumi tam, ka Kremlis apsprie\u017e iesp\u0113jamu uzbrukumu NATO. Ja vi\u0146i par to run\u0101, vai vi\u0146i pl\u0101no \u0161\u0101du uzbrukumu? To m\u0113s nezin\u0101m. Bet pret t\u0101diem sign\u0101liem j\u0101attiecas pietiekami nopietni. Vi\u0146i tik tie\u0161\u0101m var b\u016bt gatavi karam. Ar\u012b mums ir j\u0101b\u016bt gataviem, un m\u0101c\u012bties ne tikai no ukrai\u0146u, bet ar\u012b no pa\u0161u krievu pieredzes,\u201d sac\u012bja Kubi\u013cus.<\/p>\n<p>Vi\u0146\u0161 atzina, ka Krievijas armija ir iestr\u0113gusi Ukrain\u0101, un Kreml\u012b \u0161\u0101ds variants nevienu neapmierina. Taj\u0101 pa\u0161\u0101 laik\u0101 <a href=\"https:\/\/www.tvnet.lv\/term\/555452\/krievija\" class=\"topicLink\" target=\"_blank\" rel=\"nofollow noopener\">Krievija<\/a> ir adapt\u0113jusies m\u016bsdienu kara taktikai un ra\u017eo milz\u012bgu daudzumu iero\u010du.<\/p>\n<p>Eiropas komis\u0101rs piebilda, ka Ukraina ir gatava pal\u012bdz\u0113t Rietumvalstu sabiedrotajiem sagatavoties iesp\u0113jamajam Krievijas iebrukumam. Tom\u0113r Kubi\u013cus bilst, ka ar p\u0101rtv\u0113r\u0113jdronu ieg\u0101di un iem\u0101c\u012b\u0161anos to vad\u012bt neb\u016bs gana.<\/p>\n<p>\u201cMums ir j\u0101m\u0101c\u0101s no ukrai\u0146iem elast\u012bgums. Paskatieties uz vi\u0146u aizsardz\u012bbas r\u016bpniec\u012bbu. Pa\u0161laik t\u0101 b\u0101z\u0113jas uz jaunuz\u0146\u0113mumiem. Vi\u0146i ne tikai ra\u017eo apr\u012bkojumu, vi\u0146i ar\u012b v\u0113ro, k\u0101 tas tiek izmantots kaujas lauk\u0101, un tas past\u0101v\u012bgi tiek pilnveidots. Komp\u0101nijas, kas ra\u017eo dronus, pa\u0161as var lepoties ar atsevi\u0161\u0137iem dronu bataljoniem. Ir apbr\u012bnojami, k\u0101 ukrai\u0146i ir atbr\u012bvoju\u0161ies no birokr\u0101tijas sloga Krievijas uzbrukuma priek\u0161\u0101,\u201d sac\u012bja Kubi\u013cus.<\/p>\n<p>Iepriek\u0161 biju\u0161ais NATO \u0123ener\u0101lsekret\u0101rs D\u017eord\u017es Robertsons aicin\u0101ja britus izbeigt miera laika dom\u0101\u0161anu un s\u0101kt gatavoties \u201clielam konfliktam\u201d, gatavo\u0161anos s\u0101kot jau sadz\u012bves l\u012bmen\u012b, piem\u0113ram, iep\u0113rkot sveces.<\/p>\n<p>T\u0101pat NATO valstis s\u0101k audz\u0113t savus milit\u0101ros izdevumus un moderniz\u0113t kara tehniku, k\u0101 ar\u012b papla\u0161in\u0101t tanku apjomu, lai gan kar\u0161 Ukrain\u0101 pier\u0101da, ka bru\u0146utehnikas loma nav noteico\u0161\u0101.<\/p>\n","protected":false},"excerpt":{"rendered":"\u201cEs uzticos izl\u016bkdienestiem. Un V\u0101cijas izl\u016bkdienests uzsver, ka ir pier\u0101d\u012bjumi tam, ka Kremlis apsprie\u017e iesp\u0113jamu uzbrukumu NATO. Ja&hellip;\n","protected":false},"author":2,"featured_media":14339,"comment_status":"","ping_status":"","sticky":false,"template":"","format":"standard","meta":{"footnotes":""},"categories":[14],"tags":[23,57,28,29,32,33,22,234,74,30,31,35,39,38,36,37,34,40,20,26,27,24,25,54,55,56,21,58],"class_list":{"0":"post-14338","1":"post","2":"type-post","3":"status-publish","4":"format-standard","5":"has-post-thumbnail","7":"category-zinas-no-arvalstim","8":"tag-aktualitates","9":"tag-arvalstim","10":"tag-breaking-news","11":"tag-breakingnews","12":"tag-featured-news","13":"tag-featurednews","14":"tag-headlines","15":"tag-krievija","16":"tag-krievijas-iebrukums-ukraina","17":"tag-latest-news","18":"tag-latestnews","19":"tag-latvia","20":"tag-latvian","21":"tag-latviesu","22":"tag-latviesu-valoda","23":"tag-latviesuvaloda","24":"tag-latvija","25":"tag-lv","26":"tag-news","27":"tag-popularakas-zinas","28":"tag-popularakaszinas","29":"tag-top-stories","30":"tag-topstories","31":"tag-world","32":"tag-world-news","33":"tag-worldnews","34":"tag-zinas","35":"tag-zinas-no-arvalstim"},"share_on_mastodon":{"url":"","error":""},"_links":{"self":[{"href":"https:\/\/www.europesays.com\/lv\/wp-json\/wp\/v2\/posts\/14338","targetHints":{"allow":["GET"]}}],"collection":[{"href":"https:\/\/www.europesays.com\/lv\/wp-json\/wp\/v2\/posts"}],"about":[{"href":"https:\/\/www.europesays.com\/lv\/wp-json\/wp\/v2\/types\/post"}],"author":[{"embeddable":true,"href":"https:\/\/www.europesays.com\/lv\/wp-json\/wp\/v2\/users\/2"}],"replies":[{"embeddable":true,"href":"https:\/\/www.europesays.com\/lv\/wp-json\/wp\/v2\/comments?post=14338"}],"version-history":[{"count":0,"href":"https:\/\/www.europesays.com\/lv\/wp-json\/wp\/v2\/posts\/14338\/revisions"}],"wp:featuredmedia":[{"embeddable":true,"href":"https:\/\/www.europesays.com\/lv\/wp-json\/wp\/v2\/media\/14339"}],"wp:attachment":[{"href":"https:\/\/www.europesays.com\/lv\/wp-json\/wp\/v2\/media?parent=14338"}],"wp:term":[{"taxonomy":"category","embeddable":true,"href":"https:\/\/www.europesays.com\/lv\/wp-json\/wp\/v2\/categories?post=14338"},{"taxonomy":"post_tag","embeddable":true,"href":"https:\/\/www.europesays.com\/lv\/wp-json\/wp\/v2\/tags?post=14338"}],"curies":[{"name":"wp","href":"https:\/\/api.w.org\/{rel}","templated":true}]}}