{"id":14346,"date":"2025-10-06T18:47:08","date_gmt":"2025-10-06T18:47:08","guid":{"rendered":"https:\/\/www.europesays.com\/lv\/14346\/"},"modified":"2025-10-06T18:47:08","modified_gmt":"2025-10-06T18:47:08","slug":"video-%e2%9f%a9-pieejamas-vadlinijas-maksliga-intelekta-izmantosanai-skolas","status":"publish","type":"post","link":"https:\/\/www.europesays.com\/lv\/14346\/","title":{"rendered":"VIDEO \u27e9 Pieejamas vadl\u012bnijas m\u0101ksl\u012bg\u0101 intelekta izmanto\u0161anai skol\u0101s"},"content":{"rendered":"<p><a href=\"https:\/\/www.apollo.lv\/term\/561232\/izglitibas-ministrija\" class=\"topicLink\" target=\"_blank\" rel=\"nofollow noopener\">Izgl\u012bt\u012bbas ministrija<\/a> apl\u0113susi, ka \u0161obr\u012bd m\u0101ksl\u012bg\u0101 intelekta r\u012bku pied\u0101v\u0101t\u0101s iesp\u0113jas izmanto vair\u0101k nek\u0101 puse skol\u0113nu Latvij\u0101. \u0160o r\u012bku popularit\u0101tei augot, ne tikai skol\u0113ni, bet ar\u012b pedagogi sask\u0101ru\u0161ies ar probl\u0113mu \u2013 neviens \u012bsti nezina, cik pla\u0161i \u0161\u0101dus r\u012bkus izmantot dr\u012bkst. Lai iedro\u0161in\u0101tu pedagogus un skol\u0113nus izmantot m\u0101ksl\u012bgo intelektu, Latvijas dro\u0161\u0101ka interneta centrs kop\u0101 ar Izgl\u012bt\u012bbas ministriju un jomas ekspertiem izstr\u0101d\u0101jis vienotas vadl\u012bnijas, k\u0101 \u0161os r\u012bkus pareizi lietot m\u0101c\u012bbu darb\u0101.<\/p>\n<p>Vadl\u012bnij\u0101s raksturoti m\u0101ksl\u012bg\u0101 intelekta izmanto\u0161anas principi izgl\u012bt\u012bb\u0101, skol\u0113nu un skolot\u0101ju m\u0101ksl\u012bg\u0101 intelekta prat\u012bba, sniegti izmanto\u0161anas ieteikumi, k\u0101 ar\u012b skol\u0113nu, skolot\u0101ju, izgl\u012bt\u012bbas iest\u0101\u017eu un vec\u0101ku pien\u0101kumi un atbild\u012bba. Vadl\u012bnij\u0101m ir ieteikuma raksturs.<\/p>\n<p>Lai gan MI r\u012bkus iesaka izmantot k\u0101 pal\u012bgu m\u0101c\u012bb\u0101s, nek\u0101d\u0101 gad\u012bjum\u0101 tiem nedr\u012bkst pras\u012bt atbildes kontroldarbos.<\/p>\n<p>Pla\u0161\u0101k skaties si\u017eet\u0101!<\/p>\n","protected":false},"excerpt":{"rendered":"Izgl\u012bt\u012bbas ministrija apl\u0113susi, ka \u0161obr\u012bd m\u0101ksl\u012bg\u0101 intelekta r\u012bku pied\u0101v\u0101t\u0101s iesp\u0113jas izmanto vair\u0101k nek\u0101 puse skol\u0113nu Latvij\u0101. \u0160o r\u012bku&hellip;\n","protected":false},"author":2,"featured_media":14347,"comment_status":"","ping_status":"","sticky":false,"template":"","format":"standard","meta":{"footnotes":""},"categories":[12],"tags":[23,28,29,32,33,22,3312,30,31,35,39,38,36,37,34,40,87,20,26,27,1913,24,25,21],"class_list":{"0":"post-14346","1":"post","2":"type-post","3":"status-publish","4":"format-standard","5":"has-post-thumbnail","7":"category-latvija","8":"tag-aktualitates","9":"tag-breaking-news","10":"tag-breakingnews","11":"tag-featured-news","12":"tag-featurednews","13":"tag-headlines","14":"tag-izglitibas-ministrija","15":"tag-latest-news","16":"tag-latestnews","17":"tag-latvia","18":"tag-latvian","19":"tag-latviesu","20":"tag-latviesu-valoda","21":"tag-latviesuvaloda","22":"tag-latvija","23":"tag-lv","24":"tag-maksligais-intelekts","25":"tag-news","26":"tag-popularakas-zinas","27":"tag-popularakaszinas","28":"tag-skolas-un-izglitiba","29":"tag-top-stories","30":"tag-topstories","31":"tag-zinas"},"share_on_mastodon":{"url":"","error":""},"_links":{"self":[{"href":"https:\/\/www.europesays.com\/lv\/wp-json\/wp\/v2\/posts\/14346","targetHints":{"allow":["GET"]}}],"collection":[{"href":"https:\/\/www.europesays.com\/lv\/wp-json\/wp\/v2\/posts"}],"about":[{"href":"https:\/\/www.europesays.com\/lv\/wp-json\/wp\/v2\/types\/post"}],"author":[{"embeddable":true,"href":"https:\/\/www.europesays.com\/lv\/wp-json\/wp\/v2\/users\/2"}],"replies":[{"embeddable":true,"href":"https:\/\/www.europesays.com\/lv\/wp-json\/wp\/v2\/comments?post=14346"}],"version-history":[{"count":0,"href":"https:\/\/www.europesays.com\/lv\/wp-json\/wp\/v2\/posts\/14346\/revisions"}],"wp:featuredmedia":[{"embeddable":true,"href":"https:\/\/www.europesays.com\/lv\/wp-json\/wp\/v2\/media\/14347"}],"wp:attachment":[{"href":"https:\/\/www.europesays.com\/lv\/wp-json\/wp\/v2\/media?parent=14346"}],"wp:term":[{"taxonomy":"category","embeddable":true,"href":"https:\/\/www.europesays.com\/lv\/wp-json\/wp\/v2\/categories?post=14346"},{"taxonomy":"post_tag","embeddable":true,"href":"https:\/\/www.europesays.com\/lv\/wp-json\/wp\/v2\/tags?post=14346"}],"curies":[{"name":"wp","href":"https:\/\/api.w.org\/{rel}","templated":true}]}}