{"id":14353,"date":"2025-10-06T18:53:10","date_gmt":"2025-10-06T18:53:10","guid":{"rendered":"https:\/\/www.europesays.com\/lv\/14353\/"},"modified":"2025-10-06T18:53:10","modified_gmt":"2025-10-06T18:53:10","slug":"normativaja-regulejuma-rosinas-ieklaut-stingrakas-prasibas-pasgajeju-velosipediem","status":"publish","type":"post","link":"https:\/\/www.europesays.com\/lv\/14353\/","title":{"rendered":"Normat\u012bvaj\u0101 regul\u0113jum\u0101 rosin\u0101s iek\u013caut stingr\u0101kas pras\u012bbas pa\u0161g\u0101j\u0113ju velosip\u0113diem"},"content":{"rendered":"<p>SM p\u0101rst\u0101vji nor\u0101d\u012bja, ka ministrijas ieskat\u0101 situ\u0101cija ir nopietna, vienlaikus dro\u0161a satiksme ir visu iesaist\u012bto pu\u0161u atbild\u012bba, un uzlabojumi b\u016bs, vis\u0101m pus\u0113m iesaistoties. SM jau ir veikusi sagatavo\u0161anas darbus un virza normat\u012bv\u0101 regul\u0113juma groz\u012bjumus ce\u013cu satiksmes dro\u0161\u012bbas uzlabo\u0161anai, tai skait\u0101, lai pasarg\u0101tu b\u0113rnus un jaunie\u0161us.<\/p>\n<p>Tuv\u0101kaj\u0101 laik\u0101 Saeim\u0101 tre\u0161aj\u0101 las\u012bjum\u0101 tiks skat\u012bti SM virz\u012btie groz\u012bjumi Ce\u013cu satiksmes likum\u0101 par stingr\u0101ku vecuma p\u0101rbaudi, vad\u012bt\u0101ja apliec\u012bbas esam\u012bbu un alkohola vai citu apreibino\u0161u vielu testu koplieto\u0161anas transportl\u012bdzek\u013cu izmanto\u0161anai.<\/p>\n<p>T\u0101pat par likumdo\u0161anas pilnveido\u0161anu satiksmes dro\u0161\u012bbas uzlabo\u0161anai SM ir diskut\u0113jusi ar nevalstiskaj\u0101m organiz\u0101cij\u0101m. Tiekoties ar R\u012bgas domes vad\u012bbu, ir p\u0101rrun\u0101ti iesp\u0113jamie risin\u0101jumi situ\u0101cijas uzlabo\u0161anai, tostarp nepiecie\u0161amie groz\u012bjumi likumdo\u0161an\u0101 un ikdienas kontroles pastiprin\u0101\u0161ana.<\/p>\n<p>Ministrij\u0101 nor\u0101d\u012bja, ka Saeimas Tautsaimniec\u012bbas, agr\u0101r\u0101s, vides un re\u0123ion\u0101l\u0101s politikas komisij\u0101 8.oktobr\u012b tiks izskat\u012bti SM iesniegtie priek\u0161likumi par groz\u012bjumiem normat\u012bvaj\u0101 regul\u0113jum\u0101 par jaunajam Eiropas Savien\u012bbas (ES) regul\u0113jumam atbilsto\u0161u defin\u012bciju velosip\u0113diem, elektrovelosip\u0113diem un pa\u0161g\u0101j\u0113ju velosip\u0113diem. K\u0101 skaidroja ministrij\u0101, tas ir priek\u0161noteikums, lai virz\u012btu groz\u012bjumus normat\u012bvaj\u0101 regul\u0113jum\u0101, nosakot stingr\u0101kas pras\u012bbas, tostarp ar\u012b pa\u0161g\u0101j\u0113ju velosip\u0113diem.<\/p>\n","protected":false},"excerpt":{"rendered":"SM p\u0101rst\u0101vji nor\u0101d\u012bja, ka ministrijas ieskat\u0101 situ\u0101cija ir nopietna, vienlaikus dro\u0161a satiksme ir visu iesaist\u012bto pu\u0161u atbild\u012bba, un&hellip;\n","protected":false},"author":2,"featured_media":14354,"comment_status":"","ping_status":"","sticky":false,"template":"","format":"standard","meta":{"footnotes":""},"categories":[12],"tags":[23,28,29,32,33,22,30,31,35,39,38,36,37,34,40,20,26,27,5088,1528,956,24,25,5087,21],"class_list":{"0":"post-14353","1":"post","2":"type-post","3":"status-publish","4":"format-standard","5":"has-post-thumbnail","7":"category-latvija","8":"tag-aktualitates","9":"tag-breaking-news","10":"tag-breakingnews","11":"tag-featured-news","12":"tag-featurednews","13":"tag-headlines","14":"tag-latest-news","15":"tag-latestnews","16":"tag-latvia","17":"tag-latvian","18":"tag-latviesu","19":"tag-latviesu-valoda","20":"tag-latviesuvaloda","21":"tag-latvija","22":"tag-lv","23":"tag-news","24":"tag-popularakas-zinas","25":"tag-popularakaszinas","26":"tag-regulejums","27":"tag-satiksmes-drosiba","28":"tag-satiksmes-ministrija","29":"tag-top-stories","30":"tag-topstories","31":"tag-velosipeds","32":"tag-zinas"},"share_on_mastodon":{"url":"","error":""},"_links":{"self":[{"href":"https:\/\/www.europesays.com\/lv\/wp-json\/wp\/v2\/posts\/14353","targetHints":{"allow":["GET"]}}],"collection":[{"href":"https:\/\/www.europesays.com\/lv\/wp-json\/wp\/v2\/posts"}],"about":[{"href":"https:\/\/www.europesays.com\/lv\/wp-json\/wp\/v2\/types\/post"}],"author":[{"embeddable":true,"href":"https:\/\/www.europesays.com\/lv\/wp-json\/wp\/v2\/users\/2"}],"replies":[{"embeddable":true,"href":"https:\/\/www.europesays.com\/lv\/wp-json\/wp\/v2\/comments?post=14353"}],"version-history":[{"count":0,"href":"https:\/\/www.europesays.com\/lv\/wp-json\/wp\/v2\/posts\/14353\/revisions"}],"wp:featuredmedia":[{"embeddable":true,"href":"https:\/\/www.europesays.com\/lv\/wp-json\/wp\/v2\/media\/14354"}],"wp:attachment":[{"href":"https:\/\/www.europesays.com\/lv\/wp-json\/wp\/v2\/media?parent=14353"}],"wp:term":[{"taxonomy":"category","embeddable":true,"href":"https:\/\/www.europesays.com\/lv\/wp-json\/wp\/v2\/categories?post=14353"},{"taxonomy":"post_tag","embeddable":true,"href":"https:\/\/www.europesays.com\/lv\/wp-json\/wp\/v2\/tags?post=14353"}],"curies":[{"name":"wp","href":"https:\/\/api.w.org\/{rel}","templated":true}]}}