{"id":14371,"date":"2025-10-06T19:16:07","date_gmt":"2025-10-06T19:16:07","guid":{"rendered":"https:\/\/www.europesays.com\/lv\/14371\/"},"modified":"2025-10-06T19:16:07","modified_gmt":"2025-10-06T19:16:07","slug":"cehijas-velesanu-iznakums-var-mazinat-atbalstu-ukrainai","status":"publish","type":"post","link":"https:\/\/www.europesays.com\/lv\/14371\/","title":{"rendered":"\u010cehijas v\u0113l\u0113\u0161anu izn\u0101kums var mazin\u0101t atbalstu Ukrainai"},"content":{"rendered":"<p>Eksperts nor\u0101d\u012bja, ka iz\u0161\u0137iro\u0161s b\u016bs jaut\u0101jums par to, k\u0101du koal\u012bciju Babi\u0161s sp\u0113s izveidot un k\u0101das b\u016bs vi\u0146a attiec\u012bbas ar prezidentu Pavelu, kur\u0161 ir biju\u0161ais \u0123ener\u0101lis un Ukrainas atbalst\u012bt\u0101js.<\/p>\n<blockquote class=\"quote ck-widget\" contenteditable=\"false\">\n<p>&#8220;Visticam\u0101k, \u010cehija k\u013c\u016bs par v\u0113l vienu probl\u0113mvalsti ES &#8211; ne tikai saist\u012bb\u0101 ar \u0101rpolitiku un attiec\u012bb\u0101m ar Ukrainu vai Krieviju, bet ar\u012b iek\u0161\u0113jiem jaut\u0101jumiem,&#8221; sac\u012bja And\u017e\u0101ns.<\/p>\n<\/blockquote>\n<p>P\u0113c vi\u0146a teikt\u0101, Babi\u0161s nav liel\u0101kais ES piekrit\u0113js, un t\u0101p\u0113c domstarp\u012bbas var rasties ar\u012b vides un aizsardz\u012bbas politikas, k\u0101 ar\u012b citu ES iek\u0161\u0113jo jaut\u0101jumu kontekst\u0101.<\/p>\n<p>Jau rakst\u012bts, ka \u010cehijas populistu partijas &#8220;Neapmierin\u0101to pilso\u0146u akcija&#8221; (ANO) l\u012bderis Babi\u0161s p\u0113c sestdien notiku\u0161aj\u0101m parlamenta v\u0113l\u0113\u0161an\u0101m, kur\u0101s vi\u0146a politiskais sp\u0113ks ieguva visvair\u0101k balsu, pazi\u0146ojis, ka cent\u012bsies izveidot maz\u0101kuma vald\u012bbu.<\/p>\n<p>M\u0113r\u0137is ir izveidot vienas partijas vald\u012bbu, sestdienas vakar\u0101 atbalst\u012bt\u0101jiem sac\u012bja Babi\u0161s, nor\u0101dot, ka cent\u012bsies nodro\u0161in\u0101t \u0101r\u0113jo atbalstu no div\u0101m maz\u0101k\u0101m partij\u0101m &#8211; lab\u0113ji populistisk\u0101s partijas &#8220;Autobrauc\u0113ji sev&#8221; (AUTO) un gal\u0113ji lab\u0113j\u0101s partijas &#8220;Br\u012bv\u012bba un tie\u0161\u0101 demokr\u0101tija&#8221; (SPD).<\/p>\n<p>ANO ieguva 34,6% balsu, nodro\u0161inot 80 no 200 viet\u0101m parlament\u0101, liecina gal\u012bgie rezult\u0101ti. Savuk\u0101rt SPD sa\u0146\u0113musi 7,8%, nodro\u0161inot 15 vietas, bet AUTO &#8211; 6,8% un 13 vietas.<\/p>\n<p>Premjerministra Petra Fialas vad\u012bt\u0101 centriski lab\u0113j\u0101 koal\u012bcija &#8220;Kop\u0101&#8221; sa\u0146\u0113musi 23,4% balsu, un tai b\u016bs 52 vietas, bet l\u012bdz\u0161in\u0113j\u0101s koal\u012bcijas partneri liber\u0101li centrisk\u0101 partija &#8220;M\u0113ri un neatkar\u012bgie&#8221; (STAN) &#8211; 11,2% balsu un 22 vietas.<\/p>\n<p>Pir\u0101tu partija, kas l\u012bdz\u0161in\u0113j\u0101 koal\u012bcij\u0101 atrad\u0101s l\u012bdz pag\u0101ju\u0161ajam gadam, ir 9% balsu un 18 vietas parlament\u0101.<\/p>\n<p>\u010cehijas prezidents Pavels Pr\u0101gas pil\u012b sv\u0113tdien s\u0101cis konsult\u0101cijas ar partiju l\u012bderiem par jaunas vald\u012bbas veido\u0161anu, s\u0101kot ar Babi\u0161u.<\/p>\n<p>Konstit\u016bcija pie\u0161\u0137ir Pavelam iev\u0113rojamu r\u012bc\u012bbas br\u012bv\u012bbu lemt, kam uzdot veidot vald\u012bbu, lai gan parasti t\u0101 ir frakcija, kurai ir visvair\u0101k mand\u0101tu. Nav skaidrs, k\u0101d\u0101s jom\u0101s Babi\u0161am b\u016bs j\u0101piek\u0101pjas, lai nodro\u0161in\u0101tu atbalstu vald\u012bbai.<\/p>\n<p>SPD pieprasa ne tikai iesp\u0113ju r\u012bkot referendumu par izst\u0101\u0161anos no ES un NATO, ko Babi\u0161s noraida, bet ar\u012b vair\u0101k nek\u0101 383 000 Ukrainas b\u0113g\u013cu atgrie\u0161anos dzimten\u0113. Savuk\u0101rt partija AUTO iest\u0101jas pret ES za\u013co kursu, kas paredz iek\u0161dedzes dzin\u0113ju izskau\u0161anu.<\/p>\n","protected":false},"excerpt":{"rendered":"Eksperts nor\u0101d\u012bja, ka iz\u0161\u0137iro\u0161s b\u016bs jaut\u0101jums par to, k\u0101du koal\u012bciju Babi\u0161s sp\u0113s izveidot un k\u0101das b\u016bs vi\u0146a attiec\u012bbas&hellip;\n","protected":false},"author":2,"featured_media":14372,"comment_status":"","ping_status":"","sticky":false,"template":"","format":"standard","meta":{"footnotes":""},"categories":[14],"tags":[23,57,28,29,2561,32,33,22,30,31,35,39,38,36,37,34,40,20,26,27,24,25,276,2544,54,55,56,21,58],"class_list":{"0":"post-14371","1":"post","2":"type-post","3":"status-publish","4":"format-standard","5":"has-post-thumbnail","7":"category-zinas-no-arvalstim","8":"tag-aktualitates","9":"tag-arvalstim","10":"tag-breaking-news","11":"tag-breakingnews","12":"tag-cehija","13":"tag-featured-news","14":"tag-featurednews","15":"tag-headlines","16":"tag-latest-news","17":"tag-latestnews","18":"tag-latvia","19":"tag-latvian","20":"tag-latviesu","21":"tag-latviesu-valoda","22":"tag-latviesuvaloda","23":"tag-latvija","24":"tag-lv","25":"tag-news","26":"tag-popularakas-zinas","27":"tag-popularakaszinas","28":"tag-top-stories","29":"tag-topstories","30":"tag-ukraina","31":"tag-velesanas","32":"tag-world","33":"tag-world-news","34":"tag-worldnews","35":"tag-zinas","36":"tag-zinas-no-arvalstim"},"share_on_mastodon":{"url":"","error":""},"_links":{"self":[{"href":"https:\/\/www.europesays.com\/lv\/wp-json\/wp\/v2\/posts\/14371","targetHints":{"allow":["GET"]}}],"collection":[{"href":"https:\/\/www.europesays.com\/lv\/wp-json\/wp\/v2\/posts"}],"about":[{"href":"https:\/\/www.europesays.com\/lv\/wp-json\/wp\/v2\/types\/post"}],"author":[{"embeddable":true,"href":"https:\/\/www.europesays.com\/lv\/wp-json\/wp\/v2\/users\/2"}],"replies":[{"embeddable":true,"href":"https:\/\/www.europesays.com\/lv\/wp-json\/wp\/v2\/comments?post=14371"}],"version-history":[{"count":0,"href":"https:\/\/www.europesays.com\/lv\/wp-json\/wp\/v2\/posts\/14371\/revisions"}],"wp:featuredmedia":[{"embeddable":true,"href":"https:\/\/www.europesays.com\/lv\/wp-json\/wp\/v2\/media\/14372"}],"wp:attachment":[{"href":"https:\/\/www.europesays.com\/lv\/wp-json\/wp\/v2\/media?parent=14371"}],"wp:term":[{"taxonomy":"category","embeddable":true,"href":"https:\/\/www.europesays.com\/lv\/wp-json\/wp\/v2\/categories?post=14371"},{"taxonomy":"post_tag","embeddable":true,"href":"https:\/\/www.europesays.com\/lv\/wp-json\/wp\/v2\/tags?post=14371"}],"curies":[{"name":"wp","href":"https:\/\/api.w.org\/{rel}","templated":true}]}}