{"id":14395,"date":"2025-10-06T19:55:07","date_gmt":"2025-10-06T19:55:07","guid":{"rendered":"https:\/\/www.europesays.com\/lv\/14395\/"},"modified":"2025-10-06T19:55:07","modified_gmt":"2025-10-06T19:55:07","slug":"ciri-skarba-pieredze-ar-kriku-bandu-tiks-samazinata-lente-lv","status":"publish","type":"post","link":"https:\/\/www.europesays.com\/lv\/14395\/","title":{"rendered":"Ciri skarb\u0101 pieredze ar \u00abKriku\u00bb bandu tiks \u00absamazin\u0101ta\u00bb\u00a0\u2014\u00a0Lente.lv"},"content":{"rendered":"<p>Netflix piel\u0101go \u00ab\u0412\u0435\u0434\u044c\u043c\u0430\u043a\u00bb tum\u0161o ainu<\/p>\n<p>Dr\u012bzum\u0101 gaid\u0101maj\u0101 ceturtaj\u0101 \u00ab\u0412\u0435\u0434\u044c\u043c\u0430\u043a\u00bb sezon\u0101 gaid\u0101mas iev\u0113rojamas izmai\u0146as, \u012bpa\u0161\u0101 veid\u0101 pieskaroties Ciri t\u0113lam. K\u0101 v\u0113sta \u00abRedanian Intelligence\u00bb, straum\u0113\u0161anas gigants Netflix ir nol\u0113mis \u00absamazin\u0101t intensit\u0101ti\u00bb k\u0101dai \u013coti pretrun\u012bgai aizei no ori\u0123in\u0101lajiem And\u017eeja Sapkovska rom\u0101niem.<\/p>\n<p>Ciri ce\u013c\u0161 kop\u0101 ar \u00abKryk\u0101m\u00bb<\/p>\n<p>Ceturtaj\u0101 sezon\u0101 Ciri (Frejas Allanas atveidota) turpin\u0101s savu solo ce\u013cojumu, pievienojoties noziedznieku jaunie\u0161u grupai, kas paz\u012bstama k\u0101 \u00abKriku banda\u00bb (Band of the Rats). \u0160\u012b tik\u0161an\u0101s ir bijusi gaid\u012bta gan no fanu, gan seri\u0101la veidot\u0101ju puses, jo \u0161is periods Ciri dz\u012bv\u0113 rom\u0101nos ir \u012bpa\u0161i skarbs un p\u0101rmai\u0146\u0101m pilns.<\/p>\n<p>Ori\u0123in\u0101l\u0101 ainas b\u016bt\u012bba un izmai\u0146as<\/p>\n<p>Ori\u0123in\u0101lajos Sapkovska darbos \u0161is posms ietver vienu no visdiskutabl\u0101kaj\u0101m ain\u0101m: viens no \u00abKriku\u00bb dal\u012bbniekiem, v\u0101rd\u0101 Kajlejs, m\u0113\u0123ina izvarot Ciri. Lai gan vi\u0146u aptur cita bandas locekle, Mistle, vi\u0146a pati p\u0113c tam turpina s\u0101kto. \u0160\u012b ainas graujo\u0161\u0101 ietekme uz Ciri jaun\u012bbas un nevain\u012bbas zaud\u0113jum\u0101 ir bijusi noz\u012bm\u012bga t\u0113la att\u012bst\u012bb\u0101.<\/p>\n<p>Tom\u0113r Netflix ir izv\u0113l\u0113jies citu pieeju. Seri\u0101la adapt\u0101cij\u0101 Mistle Kajleju atvair\u012bs, ta\u010du tad pati piev\u0113rs\u012bsies Ciri, pied\u0101v\u0101jot vi\u0146ai palikt pa nakti. Neskatoties uz savu satraukumu un apjukumu, Ciri nevil\u0161us piekrit\u012bs. \u0160\u012b izmain\u012bt\u0101 tik\u0161an\u0101s noved\u012bs pie p\u0101ra izveido\u0161an\u0101s, kop\u012bgas tetov\u0113juma un attiec\u012bb\u0101m, kas ilgs l\u012bdz pat Le\u00f3 Bonarta iera\u0161an\u0101s br\u012bdim.<\/p>\n<blockquote><p> \u00abVi\u0146a pirmo reizi saskaras ar romantiku, ja to visp\u0101r var nosaukt par t\u0101du, jo t\u0101s nav labas attiec\u012bbas,\u00bb atkl\u0101ja Freja Allana pag\u0101ju\u0161\u0101 gada intervij\u0101. \u00abVi\u0146a ienirst \u013coti tum\u0161\u0101 sav\u0101 pus\u0113, kas, manupr\u0101t, b\u016bs bied\u0113jo\u0161i v\u0113rot.\u00bb <\/p><\/blockquote>\n<p>Mistle \u2013 sare\u017e\u0123\u012bta un iztur\u012bga<\/p>\n<p>Kristeles Elvinas atveidot\u0101 Mistle tiek raksturota k\u0101 \u00abp\u0101rsteidzo\u0161i sare\u017e\u0123\u012bta meitene, kura turpina savu ce\u013cu, neskatoties uz gr\u016bt\u012bb\u0101m\u00bb. Elvina uzsv\u0113ra, ka Mistle sp\u0113j m\u012bl\u0113t un veidot attiec\u012bbas pat pasaul\u0113, kas pret vi\u0146u bijusi ne\u017e\u0113l\u012bga, demonstr\u0113jot nep\u0101rvaramu sp\u0113ku.<\/p>\n<blockquote><p> \u00abMan n\u0101c\u0101s piln\u012bb\u0101 iejusties visos vi\u0146as ap\u0161aub\u0101majos l\u0113mumos, bet, kad tas viss izdev\u0101s, tas par\u0101d\u012bja, cik paties\u012bb\u0101 sp\u0113j\u012bga esmu uz l\u012bdzj\u016bt\u012bbu,\u00bb sac\u012bja aktrise. \u00abManupr\u0101t, l\u012bdzj\u016bt\u012bba, nevis nosod\u012bjums, ir, iesp\u0113jams, visnoder\u012bg\u0101kais r\u012bks, kas var b\u016bt aktierim.\u00bb <\/p><\/blockquote>\n<p>Ceturtais \u00ab\u0412\u0435\u0434\u044c\u043c\u0430\u043a\u00bb sezona un jaunumi<\/p>\n<p>Ceturtais \u00ab\u0412\u0435\u0434\u044c\u043c\u0430\u043a\u00bb sezonas pirmizr\u0101de paredz\u0113ta 2024. gada 30. oktobr\u012b. Tas b\u016bs pirmais sezonas, kur\u0101 Geralta lom\u0101 redz\u0113sim L\u012bamu Hemsvertu. Taj\u0101 pa\u0161\u0101 dien\u0101 gaid\u0101ms ar\u012b \u012bpa\u0161s izdevums par \u00abKriku\u00bb bandu, kas kalpos k\u0101 izvilkums no atcelt\u0101 miniseri\u0101la.<\/p>\n<p>Atg\u0101din\u0101m, ka nesen tika publiskots ar\u012b v\u0113sturisks fakts: And\u017eejs Sapkovskis pats ir nosaucis aktrises, kuras v\u0113l\u0113jies redz\u0113t Ciri un Jenneferes lom\u0101s seri\u0101la adapt\u0101cij\u0101.<\/p>\n","protected":false},"excerpt":{"rendered":"Netflix piel\u0101go \u00ab\u0412\u0435\u0434\u044c\u043c\u0430\u043a\u00bb tum\u0161o ainu Dr\u012bzum\u0101 gaid\u0101maj\u0101 ceturtaj\u0101 \u00ab\u0412\u0435\u0434\u044c\u043c\u0430\u043a\u00bb sezon\u0101 gaid\u0101mas iev\u0113rojamas izmai\u0146as, \u012bpa\u0161\u0101 veid\u0101 pieskaroties Ciri t\u0113lam.&hellip;\n","protected":false},"author":2,"featured_media":14396,"comment_status":"","ping_status":"","sticky":false,"template":"","format":"standard","meta":{"footnotes":""},"categories":[19],"tags":[5095,89,90,5097,5096,35,39,38,36,37,34,40,601,5094],"class_list":{"0":"post-14395","1":"post","2":"type-post","3":"status-publish","4":"format-standard","5":"has-post-thumbnail","7":"category-izklaide","8":"tag-ciri","9":"tag-entertainment","10":"tag-izklaide","11":"tag-izmainas-sezona","12":"tag-kriku-banda","13":"tag-latvia","14":"tag-latvian","15":"tag-latviesu","16":"tag-latviesu-valoda","17":"tag-latviesuvaloda","18":"tag-latvija","19":"tag-lv","20":"tag-netflix","21":"tag-5094"},"share_on_mastodon":{"url":"","error":""},"_links":{"self":[{"href":"https:\/\/www.europesays.com\/lv\/wp-json\/wp\/v2\/posts\/14395","targetHints":{"allow":["GET"]}}],"collection":[{"href":"https:\/\/www.europesays.com\/lv\/wp-json\/wp\/v2\/posts"}],"about":[{"href":"https:\/\/www.europesays.com\/lv\/wp-json\/wp\/v2\/types\/post"}],"author":[{"embeddable":true,"href":"https:\/\/www.europesays.com\/lv\/wp-json\/wp\/v2\/users\/2"}],"replies":[{"embeddable":true,"href":"https:\/\/www.europesays.com\/lv\/wp-json\/wp\/v2\/comments?post=14395"}],"version-history":[{"count":0,"href":"https:\/\/www.europesays.com\/lv\/wp-json\/wp\/v2\/posts\/14395\/revisions"}],"wp:featuredmedia":[{"embeddable":true,"href":"https:\/\/www.europesays.com\/lv\/wp-json\/wp\/v2\/media\/14396"}],"wp:attachment":[{"href":"https:\/\/www.europesays.com\/lv\/wp-json\/wp\/v2\/media?parent=14395"}],"wp:term":[{"taxonomy":"category","embeddable":true,"href":"https:\/\/www.europesays.com\/lv\/wp-json\/wp\/v2\/categories?post=14395"},{"taxonomy":"post_tag","embeddable":true,"href":"https:\/\/www.europesays.com\/lv\/wp-json\/wp\/v2\/tags?post=14395"}],"curies":[{"name":"wp","href":"https:\/\/api.w.org\/{rel}","templated":true}]}}