{"id":14426,"date":"2025-10-06T21:06:09","date_gmt":"2025-10-06T21:06:09","guid":{"rendered":"https:\/\/www.europesays.com\/lv\/14426\/"},"modified":"2025-10-06T21:06:09","modified_gmt":"2025-10-06T21:06:09","slug":"akcionaru-sapulce-neatbalsta-vadibas-mainu-lente-lv","status":"publish","type":"post","link":"https:\/\/www.europesays.com\/lv\/14426\/","title":{"rendered":"akcion\u0101ru sapulce neatbalsta vad\u012bbas mai\u0146u\u00a0\u2014\u00a0Lente.lv"},"content":{"rendered":"<p>R\u012bgas Siltums padome saglab\u0101 amatus, neskatoties uz Ekonomikas ministrijas iecer\u0113m<\/p>\n<p>R\u012bgas pils\u0113tas Siltuma akcion\u0101ru sapulc\u0113 \u0161odien, 2025. gada 6. oktobr\u012b, nav guvis atbalstu Ekonomikas ministrijas (EM) priek\u0161likums par uz\u0146\u0113muma padomes vad\u012bbas atbr\u012bvo\u0161anu no amata. L\u0113mums, kas tika publiskots ministra Viktora Valai\u0146a tviter\u012b, nor\u0101da uz spriedzi starp EM un uz\u0146\u0113muma padomi, radot jaut\u0101jumus par turpm\u0101ko uz\u0146\u0113muma p\u0101rvald\u012bbu un strat\u0113\u0123iju.<\/p>\n<p>Str\u012bd\u012bgs l\u0113mums un iepriek\u0161\u0113jie notikumi<\/p>\n<p>\u0160is l\u0113mums seko p\u0113c vair\u0101kiem satrauco\u0161iem notikumiem un diskusij\u0101m par &#8220;R\u012bgas siltuma&#8221; darb\u012bbu, \u012bpa\u0161i saist\u012bb\u0101 ar iepriek\u0161\u0113j\u0101s siltumener\u0123ijas tarifu pieaugumu. Jau septembra s\u0101kum\u0101 Ekonomikas ministrija publiski izteica nodomu rosin\u0101t padomes priek\u0161s\u0113d\u0113t\u0101ja un vi\u0146a vietnieka atbr\u012bvo\u0161anu, argument\u0113jot to ar nepiecie\u0161am\u012bbu uz\u0146emties atbild\u012bbu par uz\u0146\u0113muma darbu un it \u012bpa\u0161i par pasivit\u0101ti tarifu pieauguma proces\u0101. K\u0101 zin\u0101ms, &#8220;R\u012bgas siltuma&#8221; siltumener\u0123ijas tarifs no 2025. gada 1. oktobra pieauga par 11,9%, sasniedzot 83,01 eiro par megavatstundu (MWh). Lai gan s\u0101kotn\u0113ji tika prognoz\u0113ts v\u0113l liel\u0101ks pieaugums, eso\u0161ais tarifs joproj\u0101m ir viens no augst\u0101kajiem Baltijas valst\u012bs, radot ba\u017eas gan iedz\u012bvot\u0101jiem, gan pa\u0161vald\u012bbai. <\/p>\n<p>Padomes sast\u0101va un l\u0113mumu v\u0113sture<\/p>\n<p>Padomes locek\u013cu izv\u0113rt\u0113\u0161ana notiek laik\u0101, kad uz\u0146\u0113muma finansi\u0101lie r\u0101d\u012bt\u0101ji ir biju\u0161i main\u012bgi. &#8220;R\u012bgas siltuma&#8221; koncerna apgroz\u012bjums finan\u0161u gada pirmaj\u0101 pusgad\u0101 (no 2024. gada 1. oktobra l\u012bdz 2025. gada 31. martam) bija 189,28 miljoni eiro, kas ir par 12% maz\u0101k nek\u0101 iepriek\u0161\u0113j\u0101 gad\u0101, tom\u0113r pe\u013c\u0146a pieauga par 31,7% l\u012bdz 33,38 miljoniem eiro. Citi dati liecina, ka laika posm\u0101 no 2024. gada 1. oktobra l\u012bdz 2025. gada 30. j\u016bnijam apgroz\u012bjums bija 228,023 miljoni eiro, kas ir par 5,6% maz\u0101k nek\u0101 iepriek\u0161\u0113j\u0101 gad\u0101, bet pe\u013c\u0146a pieauga par 79,6% l\u012bdz 32,383 miljoniem eiro. Ir skaidrs, ka situ\u0101cija ir sare\u017e\u0123\u012bta un prasa r\u016bp\u012bgu izv\u0113rt\u0113\u0161anu. <\/p>\n<p>Ieinteres\u0113to pu\u0161u viedok\u013ci un n\u0101kamie so\u013ci<\/p>\n<p>\u0160is l\u0113mums rada jaut\u0101jumus par &#8220;R\u012bgas siltuma&#8221; p\u0101rvald\u012bbas modeli, kur\u0101 49% kapit\u0101la pieder R\u012bgas domei, bet 48,99% \u2013 Latvijas valstij. Akcion\u0101ru sapulc\u0113 nav atbalst\u012bts priek\u0161likums, kas liecina par at\u0161\u0137ir\u012bgiem redz\u0113jumiem par to, k\u0101 nodro\u0161in\u0101t uz\u0146\u0113muma efekt\u012bvu darb\u012bbu un ilgtsp\u0113j\u012bgu att\u012bst\u012bbu. J\u0101atz\u012bm\u0113, ka &#8220;R\u012bgas siltuma&#8221; padome ir pagrieziena punkts, kur\u0101 tiek skat\u012bti ar\u012b jaut\u0101jumi par intere\u0161u konfliktiem un iesp\u0113jam\u0101m probl\u0113m\u0101m uz\u0146\u0113muma p\u0101rvald\u012bb\u0101, k\u0101 to nor\u0101d\u012bju\u0161i da\u017ei politi\u0137i un eksperti. Lai gan padomes vad\u012bba ir saglab\u0101jusi amatus, gaid\u0101ms, ka diskusijas par &#8220;R\u012bgas siltuma&#8221; n\u0101kotni un t\u0101 p\u0101rvald\u012bbu turpin\u0101sies, mekl\u0113jot optim\u0101lus risin\u0101jumus, kas nodro\u0161in\u0101tu gan uz\u0146\u0113muma stabilit\u0101ti, gan iedz\u012bvot\u0101ju intereses.<\/p>\n","protected":false},"excerpt":{"rendered":"R\u012bgas Siltums padome saglab\u0101 amatus, neskatoties uz Ekonomikas ministrijas iecer\u0113m R\u012bgas pils\u0113tas Siltuma akcion\u0101ru sapulc\u0113 \u0161odien, 2025. gada&hellip;\n","protected":false},"author":2,"featured_media":14427,"comment_status":"","ping_status":"","sticky":false,"template":"","format":"standard","meta":{"footnotes":""},"categories":[5],"tags":[5101,23,28,29,2838,32,33,22,30,31,35,39,38,36,37,34,40,20,2288,26,27,1595,24,25,592,21],"class_list":{"0":"post-14426","1":"post","2":"type-post","3":"status-publish","4":"format-standard","5":"has-post-thumbnail","7":"category-aktualitates","8":"tag-akcionaru-sapulce","9":"tag-aktualitates","10":"tag-breaking-news","11":"tag-breakingnews","12":"tag-ekonomikas-ministrija","13":"tag-featured-news","14":"tag-featurednews","15":"tag-headlines","16":"tag-latest-news","17":"tag-latestnews","18":"tag-latvia","19":"tag-latvian","20":"tag-latviesu","21":"tag-latviesu-valoda","22":"tag-latviesuvaloda","23":"tag-latvija","24":"tag-lv","25":"tag-news","26":"tag-padome","27":"tag-popularakas-zinas","28":"tag-popularakaszinas","29":"tag-rigas-siltums","30":"tag-top-stories","31":"tag-topstories","32":"tag-viktors-valainis","33":"tag-zinas"},"share_on_mastodon":{"url":"","error":""},"_links":{"self":[{"href":"https:\/\/www.europesays.com\/lv\/wp-json\/wp\/v2\/posts\/14426","targetHints":{"allow":["GET"]}}],"collection":[{"href":"https:\/\/www.europesays.com\/lv\/wp-json\/wp\/v2\/posts"}],"about":[{"href":"https:\/\/www.europesays.com\/lv\/wp-json\/wp\/v2\/types\/post"}],"author":[{"embeddable":true,"href":"https:\/\/www.europesays.com\/lv\/wp-json\/wp\/v2\/users\/2"}],"replies":[{"embeddable":true,"href":"https:\/\/www.europesays.com\/lv\/wp-json\/wp\/v2\/comments?post=14426"}],"version-history":[{"count":0,"href":"https:\/\/www.europesays.com\/lv\/wp-json\/wp\/v2\/posts\/14426\/revisions"}],"wp:featuredmedia":[{"embeddable":true,"href":"https:\/\/www.europesays.com\/lv\/wp-json\/wp\/v2\/media\/14427"}],"wp:attachment":[{"href":"https:\/\/www.europesays.com\/lv\/wp-json\/wp\/v2\/media?parent=14426"}],"wp:term":[{"taxonomy":"category","embeddable":true,"href":"https:\/\/www.europesays.com\/lv\/wp-json\/wp\/v2\/categories?post=14426"},{"taxonomy":"post_tag","embeddable":true,"href":"https:\/\/www.europesays.com\/lv\/wp-json\/wp\/v2\/tags?post=14426"}],"curies":[{"name":"wp","href":"https:\/\/api.w.org\/{rel}","templated":true}]}}