{"id":14436,"date":"2025-10-06T21:19:10","date_gmt":"2025-10-06T21:19:10","guid":{"rendered":"https:\/\/www.europesays.com\/lv\/14436\/"},"modified":"2025-10-06T21:19:10","modified_gmt":"2025-10-06T21:19:10","slug":"foto-%e2%9f%a9-300-dejotaji-vienuviet-ridzinieki-bijusi-liecinieki-kam-unikalam","status":"publish","type":"post","link":"https:\/\/www.europesays.com\/lv\/14436\/","title":{"rendered":"FOTO \u27e9 300 dejot\u0101ji vienuviet! R\u012bdzinieki biju\u0161i liecinieki kam unik\u0101lam"},"content":{"rendered":"<p>Sestdien, 4. oktobr\u012b, visas dienas garum\u0101 atp\u016btas centra &#8220;Lido&#8221; apmekl\u0113t\u0101ji bija liecinieki deju skolas &#8220;Dzirnas&#8221; atkl\u0101tajam m\u0113\u0123in\u0101jumam, kur\u0101 piedal\u012bj\u0101s teju 300 dejot\u0101ji. \u0160obr\u012bd vi\u0146i gatavojas grandiozam iestud\u0113jumam &#8220;Indulis un \u0100rija &#8211; DZIRN\u0100M 40&#8221;, un to iem\u016b\u017ein\u0101ja ar\u012b TVNET+. Apskati foto!<\/p>\n<p>&#8220;Tas ir for\u0161i, ka cilv\u0113ki var\u0113s pav\u0113rot procesu, &#8211; parasti \u0161\u0101du iesp\u0113ju nemaz nem\u0113dz b\u016bt&#8230;<\/p>\n","protected":false},"excerpt":{"rendered":"Sestdien, 4. oktobr\u012b, visas dienas garum\u0101 atp\u016btas centra &#8220;Lido&#8221; apmekl\u0113t\u0101ji bija liecinieki deju skolas &#8220;Dzirnas&#8221; atkl\u0101tajam m\u0113\u0123in\u0101jumam, kur\u0101&hellip;\n","protected":false},"author":2,"featured_media":14437,"comment_status":"","ping_status":"","sticky":false,"template":"","format":"standard","meta":{"footnotes":""},"categories":[19],"tags":[273,5104,89,90,35,39,38,36,37,34,40],"class_list":{"0":"post-14436","1":"post","2":"type-post","3":"status-publish","4":"format-standard","5":"has-post-thumbnail","7":"category-izklaide","8":"tag-agris-danilevics","9":"tag-dzirnas","10":"tag-entertainment","11":"tag-izklaide","12":"tag-latvia","13":"tag-latvian","14":"tag-latviesu","15":"tag-latviesu-valoda","16":"tag-latviesuvaloda","17":"tag-latvija","18":"tag-lv"},"share_on_mastodon":{"url":"","error":""},"_links":{"self":[{"href":"https:\/\/www.europesays.com\/lv\/wp-json\/wp\/v2\/posts\/14436","targetHints":{"allow":["GET"]}}],"collection":[{"href":"https:\/\/www.europesays.com\/lv\/wp-json\/wp\/v2\/posts"}],"about":[{"href":"https:\/\/www.europesays.com\/lv\/wp-json\/wp\/v2\/types\/post"}],"author":[{"embeddable":true,"href":"https:\/\/www.europesays.com\/lv\/wp-json\/wp\/v2\/users\/2"}],"replies":[{"embeddable":true,"href":"https:\/\/www.europesays.com\/lv\/wp-json\/wp\/v2\/comments?post=14436"}],"version-history":[{"count":0,"href":"https:\/\/www.europesays.com\/lv\/wp-json\/wp\/v2\/posts\/14436\/revisions"}],"wp:featuredmedia":[{"embeddable":true,"href":"https:\/\/www.europesays.com\/lv\/wp-json\/wp\/v2\/media\/14437"}],"wp:attachment":[{"href":"https:\/\/www.europesays.com\/lv\/wp-json\/wp\/v2\/media?parent=14436"}],"wp:term":[{"taxonomy":"category","embeddable":true,"href":"https:\/\/www.europesays.com\/lv\/wp-json\/wp\/v2\/categories?post=14436"},{"taxonomy":"post_tag","embeddable":true,"href":"https:\/\/www.europesays.com\/lv\/wp-json\/wp\/v2\/tags?post=14436"}],"curies":[{"name":"wp","href":"https:\/\/api.w.org\/{rel}","templated":true}]}}