{"id":14439,"date":"2025-10-06T21:24:19","date_gmt":"2025-10-06T21:24:19","guid":{"rendered":"https:\/\/www.europesays.com\/lv\/14439\/"},"modified":"2025-10-06T21:24:19","modified_gmt":"2025-10-06T21:24:19","slug":"portala-filmas-lv-atklata-rezisores-brigitas-eglites-jubilejas-filmu-kolekcija-lente-lv-3","status":"publish","type":"post","link":"https:\/\/www.europesays.com\/lv\/14439\/","title":{"rendered":"Port\u0101l\u0101 Filmas.lv atkl\u0101ta re\u017eisores Brigitas Egl\u012btes jubilejas filmu kolekcija\u00a0\u2014\u00a0Lente.lv"},"content":{"rendered":"<p>Re\u017eisores Brigitas Egl\u012btes jubilejas kolekcija pieejama port\u0101l\u0101 Filmas.lv<\/p>\n<p>Nacion\u0101l\u0101 kino centra port\u0101ls Filmas.lv ir rad\u012bjis jaunu un aizraujo\u0161u kolekciju, kas velt\u012bta talant\u012bg\u0101s kinore\u017eisores Brigitas Egl\u012btes jubilejai. \u0160\u012b izcil\u0101 iniciat\u012bva, kas tapusi sadarb\u012bb\u0101 ar Latvijas Nacion\u0101l\u0101 arh\u012bva Valsts Kinofotofonodokumentu arh\u012bvu, pied\u0101v\u0101 skat\u012bt\u0101jiem pla\u0161u ieskatu re\u017eisores daudzveid\u012bgaj\u0101 un bag\u0101t\u012bgaj\u0101 dai\u013crad\u0113.<\/p>\n<p>No 3. oktobra ikviens Latvijas iedz\u012bvot\u0101js var bez maksas baud\u012bt \u0161o unik\u0101lo kolekciju tie\u0161saist\u0113. T\u0101 ietver vienu sp\u0113lfilmu, desmit dokument\u0101l\u0101s filmas un septi\u0146us v\u0113rt\u012bgus kino\u017eurn\u0101lus, sniedzot iesp\u0113ju izdz\u012bvot l\u012bdzi Latvijas v\u0113stures un sabiedr\u012bbas svar\u012bg\u0101kajiem br\u012b\u017eiem caur Brigitas Egl\u012btes unik\u0101lo skat\u012bjumu.<\/p>\n<p>Atskatoties uz rado\u0161o ce\u013cu: Latviskuma un v\u0113stures atspogu\u013cojums<\/p>\n<p>Brigita Egl\u012bte, kuras jubileja tiek svin\u0113ta, ir re\u017eisore, kuras darbi vienm\u0113r ir biju\u0161i cie\u0161i saist\u012bti ar Latvijas nacion\u0101l\u0101s identit\u0101tes un v\u0113stures izp\u0113ti. Vi\u0146a savu karjeru R\u012bgas kinostudij\u0101 aizs\u0101ka 80. gadu nogal\u0113, Atmodas laik\u0101, veidojot kino\u017eurn\u0101lus. Jau 90. gadu s\u0101kum\u0101 tapa pirm\u0101s dokument\u0101l\u0101s \u012bsfilmas, un t\u0101s spilgti atspogu\u013coja t\u0101 laika nepiecie\u0161am\u012bbu p\u0113t\u012bt un izprast latviskumu un nacion\u0101lo v\u0113sturi.<\/p>\n<p>Kolekcij\u0101 \u012bpa\u0161i izce\u013cas dokument\u0101li inscen\u0113tais cikls \u201cLatvju p\u016brs pieloc\u012bts\u201d (1990\u20131993). \u0160aj\u0101s \u010detr\u0101s \u012bsfilm\u0101s re\u017eisore dzi\u013ci un nians\u0113ti p\u0113ta latvie\u0161u tautast\u0113rpus, ar tiem saist\u012btos rokdarbus un senos ritu\u0101lus. Filmas atkl\u0101j Zemgales brun\u010du rakstu smalkumus, Vidzemes novadu izsmalcin\u0101tos rokdarbus, k\u0101zu trad\u012bcijas Kurzem\u0113 un Mete\u0146os ie\u0161anu Latgal\u0113. Ar aizkustino\u0161u balss st\u0101st\u012bjumu \u0161aj\u0101 cikl\u0101 klaus\u012bt\u0101jus priec\u0113 viens no Latvij\u0101 m\u012bl\u0113t\u0101kajiem latgalie\u0161iem, kinore\u017eisors J\u0101nis Strei\u010ds, pie\u0161\u0137irot darbam \u012bpa\u0161u emocion\u0101lu v\u0113rt\u012bbu.<\/p>\n<p>Re\u017eisores patriotisk\u0101s j\u016btas un dzi\u013c\u0101 cie\u0146a pret Latvijas valsti atspogu\u013cojas vair\u0101k\u0101s vi\u0146as film\u0101s, kas velt\u012btas valsts noz\u012bm\u012bgaj\u0101m jubilej\u0101m. Viena no pirmaj\u0101m \u0161\u0101d\u0101m film\u0101m ir dokument\u0101l\u0101 \u012bsfilma \u201cLietas\u201d (1997). \u0160is darbs v\u0113sturi st\u0101sta bez v\u0101rdiem, izmantojot tr\u012bs kolekcion\u0101ru kr\u0101tas v\u0113rt\u012bgas lietas \u2013 senus sadz\u012bves priek\u0161metus, darbar\u012bkus un liec\u012bbas no pasaules kariem. \u0160ie priek\u0161meti k\u013c\u016bst par klusiem lieciniekiem Latvijas sare\u017e\u0123\u012btajai pag\u0101tnei.<\/p>\n<p>V\u0113l k\u0101ds noz\u012bm\u012bgs darbs ir dokument\u0101l\u0101 filma \u201cDzim\u0161anas diena\u201d (2003). T\u0101 ir sirsn\u012bgs st\u0101sts par \u010detriem Latvijas iedz\u012bvot\u0101jiem, kuri dzimu\u0161i vien\u0101 dien\u0101 ar pa\u0161u Latvijas valsti \u2013 1918. gada 18. novembr\u012b. \u0160\u012b filma ir k\u0101 metafora tautas un valsts kop\u012bgajai likte\u0146gaitai, atkl\u0101jot cilv\u0113ku dz\u012bvesst\u0101stus, kas vienlaikus ir ar\u012b Latvijas v\u0113stures spogulis.<\/p>\n<p>\u201cVien\u012bg\u0101 fotogr\u0101fija\u201d: vien\u012bg\u0101 sp\u0113lfilma un t\u0101s aizraujo\u0161ais st\u0101sts<\/p>\n<p>Vispopul\u0101r\u0101k\u0101 Brigitas Egl\u012btes filma, kas izpeln\u012bjusies pla\u0161u atzin\u012bbu, ir vi\u0146as vien\u012bg\u0101 sp\u0113lfilma \u201cVien\u012bg\u0101 fotogr\u0101fija\u201d (2008). \u0160is darbs aizraujo\u0161i un aspr\u0101t\u012bgi piev\u0113r\u0161as vienam no svar\u012bg\u0101kajiem Latvijas v\u0113stures momentiem \u2013 valsts proklam\u0113\u0161anai 1918. gada 18. novembr\u012b. Filma mekl\u0113 atbildi uz jaut\u0101jumu, k\u0101p\u0113c slavenais fotogr\u0101fs Vilis R\u012bdzenieks, kuru atveido Andris Kei\u0161s, \u0161aj\u0101 v\u0113sturiskaj\u0101 br\u012bd\u012b uz\u0146\u0113ma tikai vienu fotogr\u0101fiju. Filma aicina skat\u012bt\u0101ju izjust t\u0101 laika atmosf\u0113ru un dom\u0101t par v\u0113stures nejau\u0161\u012bb\u0101m un to noz\u012bm\u012bbu.<\/p>\n<p>Soci\u0101las un cilv\u0113ciskas t\u0113mas re\u017eisores dai\u013crad\u0113<\/p>\n<p>Brigita Egl\u012bte savos darbos bie\u017ei vien piev\u0113rsusies sabiedr\u012bbas da\u017e\u0101du sl\u0101\u0146u un probl\u0113mu atspogu\u013cojumam. Piem\u0113ram, film\u0101 \u201cRecid\u012bvisti\u201d (1998) vi\u0146a dzi\u013ci p\u0113t\u012bja ieslodz\u012bto dz\u012bvi Valmieras cietum\u0101, mekl\u0113jot atbildes uz jaut\u0101jumu, k\u0101 \u0161iem cilv\u0113kiem veiksm\u012bgi integr\u0113ties atpaka\u013c sabiedr\u012bb\u0101. \u0160\u012b filma ir k\u0101 sp\u0113c\u012bgs soci\u0101ls koment\u0101rs un aicin\u0101jums uz emp\u0101tiju.<\/p>\n<p>Piln\u012bgi cit\u0101du vidi un cilv\u0113ku raksturus atkl\u0101j vi\u0146as sirsn\u012bgais darbs \u201cSest\u0101 diena\u201d (2019). Filma uz\u0146emta Skultes tirg\u016b sestdien\u0101s, kur p\u0101rdev\u0113ji un pirc\u0113ji satiekas, radot kr\u0101\u0161\u0146iem sv\u0113tkiem l\u012bdz\u012bgu atmosf\u0113ru. \u0160is darbs ir k\u0101 kr\u0101\u0161\u0146s un dz\u012bvs p\u0113t\u012bjums par cilv\u0113ku savstarp\u0113j\u0101m attiec\u012bb\u0101m un kopienas veido\u0161anos ikdieni\u0161\u0137\u0101 vid\u0113.<\/p>\n<p>Interesantu un neparastu skat\u012bjumu uz Latvijas v\u0113sturi pied\u0101v\u0101 dokument\u0101l\u0101 filma \u201cHaris\u201d (2005). T\u0101 ir aizraujo\u0161s piedz\u012bvojumu st\u0101sts, kas bag\u0101tin\u0101ts ar arh\u012bva materi\u0101liem. Filma st\u0101sta par augsta ranga milicijas darbinieku un L\u0101\u010dpl\u0113\u0161a Kara orde\u0146a kavaliera d\u0113lu Hariju Grunduli, atkl\u0101jot padomju laiku varas sp\u0113les un da\u017e\u0101dus notikumus vi\u0146a dz\u012bv\u0113.<\/p>\n<p>Ar\u012b portretfilmu \u017eanr\u0101 Brigita Egl\u012bte ir rad\u012bjusi spilgtus darbus. Viens no tiem ir \u201cDubultportrets\u201d (2016), kas st\u0101sta par t\u0113vu un meitu \u2013 popul\u0101ro kinoaktieri Paulu Butk\u0113vi\u010du un vi\u0146a meitu, stomatolo\u0123ijas zin\u0101t\u0146u doktori Al\u0113nu Butk\u0113vi\u010du. \u0160\u012b filma ir k\u0101 person\u012bgs un int\u012bms ieskats \u0123imenes sait\u0113s un paaud\u017eu dialog\u0101.<\/p>\n<p>Kolekcijas pieejam\u012bba un noz\u012bme<\/p>\n<p>\u0160\u012b pla\u0161\u0101 Brigitas Egl\u012btes darbu kolekcija ir ne tikai k\u0101 jubil\u0101rei velt\u012bta d\u0101vana, bet ar\u012b noz\u012bm\u012bgs ieguld\u012bjums Latvijas kino v\u0113stures saglab\u0101\u0161an\u0101 un populariz\u0113\u0161an\u0101. T\u0101 \u013cauj iepaz\u012bties ar re\u017eisores rado\u0161o mantojumu, kas izce\u013cas ar dzi\u013cu izpratni par latviskumu, v\u0113stures noris\u0113m un cilv\u0113ku dz\u012bv\u0113m.<\/p>\n<p>Aicin\u0101m visus kino cien\u012bt\u0101jus un interesentus izmantot \u0161o lielisko iesp\u0113ju un iepaz\u012bties ar Brigitas Egl\u012btes unik\u0101laj\u0101m film\u0101m, kas pieejamas port\u0101l\u0101 Filmas.lv. T\u0101 ir ce\u013cojums laik\u0101 un telp\u0101, kas bag\u0101tin\u0101s j\u016bsu skat\u012bjumu uz Latviju un t\u0101s cilv\u0113kiem.<\/p>\n","protected":false},"excerpt":{"rendered":"Re\u017eisores Brigitas Egl\u012btes jubilejas kolekcija pieejama port\u0101l\u0101 Filmas.lv Nacion\u0101l\u0101 kino centra port\u0101ls Filmas.lv ir rad\u012bjis jaunu un aizraujo\u0161u&hellip;\n","protected":false},"author":2,"featured_media":14440,"comment_status":"","ping_status":"","sticky":false,"template":"","format":"standard","meta":{"footnotes":""},"categories":[5],"tags":[23,28,29,4749,4751,32,33,4750,22,4752,30,31,35,39,38,2712,36,37,34,40,20,26,27,24,25,21],"class_list":{"0":"post-14439","1":"post","2":"type-post","3":"status-publish","4":"format-standard","5":"has-post-thumbnail","7":"category-aktualitates","8":"tag-aktualitates","9":"tag-breaking-news","10":"tag-breakingnews","11":"tag-brigita-eglite","12":"tag-dokumentalas-filmas","13":"tag-featured-news","14":"tag-featurednews","15":"tag-filmas-lv","16":"tag-headlines","17":"tag-jubilejas-kolekcija","18":"tag-latest-news","19":"tag-latestnews","20":"tag-latvia","21":"tag-latvian","22":"tag-latviesu","23":"tag-latviesu-kino","24":"tag-latviesu-valoda","25":"tag-latviesuvaloda","26":"tag-latvija","27":"tag-lv","28":"tag-news","29":"tag-popularakas-zinas","30":"tag-popularakaszinas","31":"tag-top-stories","32":"tag-topstories","33":"tag-zinas"},"share_on_mastodon":{"url":"","error":""},"_links":{"self":[{"href":"https:\/\/www.europesays.com\/lv\/wp-json\/wp\/v2\/posts\/14439","targetHints":{"allow":["GET"]}}],"collection":[{"href":"https:\/\/www.europesays.com\/lv\/wp-json\/wp\/v2\/posts"}],"about":[{"href":"https:\/\/www.europesays.com\/lv\/wp-json\/wp\/v2\/types\/post"}],"author":[{"embeddable":true,"href":"https:\/\/www.europesays.com\/lv\/wp-json\/wp\/v2\/users\/2"}],"replies":[{"embeddable":true,"href":"https:\/\/www.europesays.com\/lv\/wp-json\/wp\/v2\/comments?post=14439"}],"version-history":[{"count":0,"href":"https:\/\/www.europesays.com\/lv\/wp-json\/wp\/v2\/posts\/14439\/revisions"}],"wp:featuredmedia":[{"embeddable":true,"href":"https:\/\/www.europesays.com\/lv\/wp-json\/wp\/v2\/media\/14440"}],"wp:attachment":[{"href":"https:\/\/www.europesays.com\/lv\/wp-json\/wp\/v2\/media?parent=14439"}],"wp:term":[{"taxonomy":"category","embeddable":true,"href":"https:\/\/www.europesays.com\/lv\/wp-json\/wp\/v2\/categories?post=14439"},{"taxonomy":"post_tag","embeddable":true,"href":"https:\/\/www.europesays.com\/lv\/wp-json\/wp\/v2\/tags?post=14439"}],"curies":[{"name":"wp","href":"https:\/\/api.w.org\/{rel}","templated":true}]}}