{"id":14443,"date":"2025-10-06T21:30:12","date_gmt":"2025-10-06T21:30:12","guid":{"rendered":"https:\/\/www.europesays.com\/lv\/14443\/"},"modified":"2025-10-06T21:30:12","modified_gmt":"2025-10-06T21:30:12","slug":"izraela-deportejusi-gretu-tunbergu","status":"publish","type":"post","link":"https:\/\/www.europesays.com\/lv\/14443\/","title":{"rendered":"Izra\u0113la deport\u0113jusi Gr\u0113tu T\u016bnbergu"},"content":{"rendered":"<p>Izra\u0113la pirmdien deport\u0113jusi v\u0113l 171 Gazas joslas atbalsta flotiles akt\u012bvistu, ar\u012b zviedrieti Gr\u0113tu T\u016bnbergu, pav\u0113st\u012bja Izra\u0113las \u0100rlietu ministrija.<\/p>\n<p>&#8220;\u0160odien no Izra\u0113las uz Grie\u0137iju un Slov\u0101kiju tika deport\u0113ts v\u0113l 171 provokators no &#8220;Ham\u0101s&#8221;-&#8220;Sum\u016bdas&#8221; flotiles, ar\u012b Gr\u0113ta T\u016bnberga,&#8221; teikts ministrijas pazi\u0146ojum\u0101 platform\u0101 &#8220;X&#8221;, sasaistot kop\u0101 flotiles un palest\u012bnie\u0161u teroristu grup\u0113juma nosaukumus.<\/p>\n<p>Deport\u0113ti vair\u0101ku valstu, ar\u012b Grie\u0137ijas, It\u0101lijas, Francijas un ASV, pilso\u0146i, teikts pazi\u0146ojum\u0101.<\/p>\n<p><img decoding=\"async\" src=\"https:\/\/www.europesays.com\/lv\/wp-content\/uploads\/2025\/10\/aa3bdbc2f28363f8cb958490b5006c3a.png\" title=\"Foto: scanpix\/AP Photo\/Petros Giannakouris\" alt=\"Foto: scanpix\/AP Photo\/Petros Giannakouris\"\/><\/p>\n<p class=\"article-img-desc\">Foto: scanpix\/AP Photo\/Petros Giannakouris<\/p>\n","protected":false},"excerpt":{"rendered":"Izra\u0113la pirmdien deport\u0113jusi v\u0113l 171 Gazas joslas atbalsta flotiles akt\u012bvistu, ar\u012b zviedrieti Gr\u0113tu T\u016bnbergu, pav\u0113st\u012bja Izra\u0113las \u0100rlietu ministrija.&hellip;\n","protected":false},"author":2,"featured_media":14444,"comment_status":"","ping_status":"","sticky":false,"template":"","format":"standard","meta":{"footnotes":""},"categories":[5],"tags":[129,318,4768,23,28,29,32,33,22,30,31,35,39,38,36,37,34,40,20,26,27,4769,319,4770,320,24,25,21],"class_list":{"0":"post-14443","1":"post","2":"type-post","3":"status-publish","4":"format-standard","5":"has-post-thumbnail","7":"category-aktualitates","8":"tag-__typenameadvicekeyword","9":"tag-id1144","10":"tag-id832","11":"tag-aktualitates","12":"tag-breaking-news","13":"tag-breakingnews","14":"tag-featured-news","15":"tag-featurednews","16":"tag-headlines","17":"tag-latest-news","18":"tag-latestnews","19":"tag-latvia","20":"tag-latvian","21":"tag-latviesu","22":"tag-latviesu-valoda","23":"tag-latviesuvaloda","24":"tag-latvija","25":"tag-lv","26":"tag-news","27":"tag-popularakas-zinas","28":"tag-popularakaszinas","29":"tag-sluggreta-tunberga","30":"tag-slugizraela","31":"tag-titlegreta-tunberga","32":"tag-titleizraela","33":"tag-top-stories","34":"tag-topstories","35":"tag-zinas"},"share_on_mastodon":{"url":"","error":""},"_links":{"self":[{"href":"https:\/\/www.europesays.com\/lv\/wp-json\/wp\/v2\/posts\/14443","targetHints":{"allow":["GET"]}}],"collection":[{"href":"https:\/\/www.europesays.com\/lv\/wp-json\/wp\/v2\/posts"}],"about":[{"href":"https:\/\/www.europesays.com\/lv\/wp-json\/wp\/v2\/types\/post"}],"author":[{"embeddable":true,"href":"https:\/\/www.europesays.com\/lv\/wp-json\/wp\/v2\/users\/2"}],"replies":[{"embeddable":true,"href":"https:\/\/www.europesays.com\/lv\/wp-json\/wp\/v2\/comments?post=14443"}],"version-history":[{"count":0,"href":"https:\/\/www.europesays.com\/lv\/wp-json\/wp\/v2\/posts\/14443\/revisions"}],"wp:featuredmedia":[{"embeddable":true,"href":"https:\/\/www.europesays.com\/lv\/wp-json\/wp\/v2\/media\/14444"}],"wp:attachment":[{"href":"https:\/\/www.europesays.com\/lv\/wp-json\/wp\/v2\/media?parent=14443"}],"wp:term":[{"taxonomy":"category","embeddable":true,"href":"https:\/\/www.europesays.com\/lv\/wp-json\/wp\/v2\/categories?post=14443"},{"taxonomy":"post_tag","embeddable":true,"href":"https:\/\/www.europesays.com\/lv\/wp-json\/wp\/v2\/tags?post=14443"}],"curies":[{"name":"wp","href":"https:\/\/api.w.org\/{rel}","templated":true}]}}