{"id":14453,"date":"2025-10-06T21:50:10","date_gmt":"2025-10-06T21:50:10","guid":{"rendered":"https:\/\/www.europesays.com\/lv\/14453\/"},"modified":"2025-10-06T21:50:10","modified_gmt":"2025-10-06T21:50:10","slug":"latvijas-parstavjiem-godalgas-starptautiskaja-taekvondo-turnira-riga-open-2025-cinas-sports-sportacentrs-com","status":"publish","type":"post","link":"https:\/\/www.europesays.com\/lv\/14453\/","title":{"rendered":"Latvijas p\u0101rst\u0101vjiem godalgas starptautiskaj\u0101 taekvondo turn\u012br\u0101 &#8220;R\u012bga Open 2025&#8221; \u2013 C\u012b\u0146as sports \u2013 Sportacentrs.com"},"content":{"rendered":"<p>Sacens\u012bbas jau tradicion\u0101li organiz\u0113ja Latvijas Taekvondo feder\u0101cija sadarb\u012bb\u0101 ar Eiropas Taekvondo savien\u012bbu. &#8220;R\u012bga Open&#8221; ir k\u013cuvis par ikgad\u0113ju rudens sporta notikumu, kas pulc\u0113 sp\u0113c\u012bg\u0101kos sportistus no Eiropas un cit\u0101m pasaules valst\u012bm.<\/p>\n<p>Turn\u012br\u0101 start\u0113ja 414 sportisti no 46 valst\u012bm, bet kop\u0101 ar treneriem un komandu p\u0101rst\u0101vjiem R\u012bg\u0101 pulc\u0113j\u0101s vair\u0101k nek\u0101 555 dal\u012bbnieki. Sacens\u012bb\u0101s piedal\u012bj\u0101s 148 komandas, kas p\u0101rst\u0101v\u0113ja gan jaunos talantus, gan pieredz\u0113ju\u0161us sportistus.<\/p>\n<p>Dal\u012bbnieki sacent\u0101s tr\u012bs vecuma grup\u0101s \u2013 kadeti, juniori un pieaugu\u0161ie (seniori). Sportisti c\u012bn\u012bj\u0101s par Eiropas un pasaules Taekvondo reitinga punktiem, kas ir b\u016btiski ce\u013c\u0101 uz liel\u0101kaj\u0101m starptautiskaj\u0101m ar\u0113n\u0101m.<\/p>\n<p>No Latvijas p\u0101rst\u0101vjiem godalgas izc\u012bn\u012bja: (uzvaras) Viktorija Helviga, D\u0101vis Sp\u0101rns, (otr\u0101s vietas) Markuss Putni\u0146\u0161, Artjoms Dudarjonoks, Eduards Cibulia, Miloslava Krug\u013cika, (tre\u0161\u0101s vietas) Maksims Romanovskis, Val\u0113rija Smetanka, Ruta Ulmane, Ksenija Piz\u0101ne, Jehors Zotovs.<\/p>\n<p>R\u012bgas klubu \u201cHansu\u201d, \u201cDream Team\u201d un \u201cTai Fun\u201d sportisti izc\u012bn\u012bja meda\u013cas da\u017e\u0101d\u0101s vecuma kategorij\u0101s, t\u0101d\u0113j\u0101di uzlabojot savas poz\u012bcijas starptautiskaj\u0101 reiting\u0101.<\/p>\n<p>R\u012bga Open v\u0113lreiz apliecin\u0101ja savu statusu k\u0101 vienu no noz\u012bm\u012bg\u0101kajiem taekvondo notikumiem re\u0123ion\u0101, kas sekm\u0113 sporta att\u012bst\u012bbu Latvij\u0101 un veicina starptautisko sadarb\u012bbu. Turn\u012bra laik\u0101 \u0136\u012bpsal\u0101 vald\u012bja \u012bsta sporta sv\u0113tku atmosf\u0113ra, pulc\u0113jot sportistus, trenerus, tiesne\u0161us un l\u012bdzjut\u0113jus no visas pasaules.<\/p>\n","protected":false},"excerpt":{"rendered":"Sacens\u012bbas jau tradicion\u0101li organiz\u0113ja Latvijas Taekvondo feder\u0101cija sadarb\u012bb\u0101 ar Eiropas Taekvondo savien\u012bbu. &#8220;R\u012bga Open&#8221; ir k\u013cuvis par ikgad\u0113ju&hellip;\n","protected":false},"author":2,"featured_media":14454,"comment_status":"","ping_status":"","sticky":false,"template":"","format":"standard","meta":{"footnotes":""},"categories":[17],"tags":[2235,35,39,38,36,37,34,40,67],"class_list":{"0":"post-14453","1":"post","2":"type-post","3":"status-publish","4":"format-standard","5":"has-post-thumbnail","7":"category-sports","8":"tag-cinas-sports","9":"tag-latvia","10":"tag-latvian","11":"tag-latviesu","12":"tag-latviesu-valoda","13":"tag-latviesuvaloda","14":"tag-latvija","15":"tag-lv","16":"tag-sports"},"share_on_mastodon":{"url":"","error":""},"_links":{"self":[{"href":"https:\/\/www.europesays.com\/lv\/wp-json\/wp\/v2\/posts\/14453","targetHints":{"allow":["GET"]}}],"collection":[{"href":"https:\/\/www.europesays.com\/lv\/wp-json\/wp\/v2\/posts"}],"about":[{"href":"https:\/\/www.europesays.com\/lv\/wp-json\/wp\/v2\/types\/post"}],"author":[{"embeddable":true,"href":"https:\/\/www.europesays.com\/lv\/wp-json\/wp\/v2\/users\/2"}],"replies":[{"embeddable":true,"href":"https:\/\/www.europesays.com\/lv\/wp-json\/wp\/v2\/comments?post=14453"}],"version-history":[{"count":0,"href":"https:\/\/www.europesays.com\/lv\/wp-json\/wp\/v2\/posts\/14453\/revisions"}],"wp:featuredmedia":[{"embeddable":true,"href":"https:\/\/www.europesays.com\/lv\/wp-json\/wp\/v2\/media\/14454"}],"wp:attachment":[{"href":"https:\/\/www.europesays.com\/lv\/wp-json\/wp\/v2\/media?parent=14453"}],"wp:term":[{"taxonomy":"category","embeddable":true,"href":"https:\/\/www.europesays.com\/lv\/wp-json\/wp\/v2\/categories?post=14453"},{"taxonomy":"post_tag","embeddable":true,"href":"https:\/\/www.europesays.com\/lv\/wp-json\/wp\/v2\/tags?post=14453"}],"curies":[{"name":"wp","href":"https:\/\/api.w.org\/{rel}","templated":true}]}}