{"id":14461,"date":"2025-10-06T22:13:23","date_gmt":"2025-10-06T22:13:23","guid":{"rendered":"https:\/\/www.europesays.com\/lv\/14461\/"},"modified":"2025-10-06T22:13:23","modified_gmt":"2025-10-06T22:13:23","slug":"balss-ka-pirmais-un-neizdibinams-muzikas-instruments-lente-lv","status":"publish","type":"post","link":"https:\/\/www.europesays.com\/lv\/14461\/","title":{"rendered":"Balss k\u0101 pirmais un neizdibin\u0101ms m\u016bzikas instruments\u00a0\u2014\u00a0Lente.lv"},"content":{"rendered":"<p>Vok\u0101lais Virtuozi D\u017eoana La Barbara: Balss k\u0101 Neizdibin\u0101ms Instruments<\/p>\n<p>D\u017eoana La Barbara, amerik\u0101\u0146u komponiste un vok\u0101liste, ir atzinusi, ka balss ir m\u016bsu pirmais un visdabisk\u0101kais instruments. Vi\u0146as karjera, kas sniedzas vair\u0101kas desmitgades, ir velt\u012bta cilv\u0113ka balss potenci\u0101la izp\u0113tei un papla\u0161in\u0101\u0161anai, radot piln\u012bgi jaunu ska\u0146u valodu, kas izaicina tradicion\u0101l\u0101s dzied\u0101\u0161anas robe\u017eas.<\/p>\n<p>La Barbara ir novatore, kas paz\u012bstama ar sav\u0101m unik\u0101laj\u0101m un bie\u017ei vien negaid\u012btaj\u0101m vok\u0101laj\u0101m tehnik\u0101m. Vi\u0146a sp\u0113j rad\u012bt ska\u0146as, kas atg\u0101dina dabas par\u0101d\u012bbas, piem\u0113ram, v\u0113ju kokos, vai pat atdarin\u0101t elektroniskas ska\u0146as. Vi\u0146as darbos bie\u017ei vien tiek izmantotas t\u0101das tehnikas k\u0101 trilleri, \u010duksti, kliedzieni, nop\u016btas, ieelpoti to\u0146i un pat vair\u0101ku ska\u0146u vienlaic\u012bga dzied\u0101\u0161ana (multifonija). Tas viss veido sare\u017e\u0123\u012btas un emocion\u0101li pies\u0101tin\u0101tas ska\u0146u ainavas, ko vi\u0146a pati d\u0113v\u0113 par &#8220;ska\u0146u glezn\u0101m&#8221;.<\/p>\n<p>Sav\u0101 rado\u0161aj\u0101 ce\u013c\u0101 La Barbara ir sadarbojusies ar laikmet\u012bg\u0101s m\u016bzikas grandiem, tostarp St\u012bvu Reihu, Filipu Glasu un D\u017eonu Keid\u017eu. Vi\u0146as darbiem piem\u012bt ne tikai tehnisks meistar\u012bgums, bet ar\u012b dzi\u013ca emocion\u0101la izteiksm\u012bba, kas sp\u0113j aizkustin\u0101t klaus\u012bt\u0101jus. Vi\u0146a nebaid\u0101s eksperiment\u0113t, radot kompoz\u012bcijas, kas ir gan int\u012bmas, gan monument\u0101las, vienm\u0113r mekl\u0113jot jaunas robe\u017eas sav\u0101 m\u0101ksl\u0101.<\/p>\n<p>D\u017eoanas La Barbaras pieeja balss k\u0101 instrumentam ir iedvesmojusi daudzus jaunos m\u0101ksliniekus un main\u012bjusi skat\u012bjumu uz vok\u0101l\u0101s m\u016bzikas iesp\u0113j\u0101m. Vi\u0146as darbi ir apliecin\u0101jums tam, ka cilv\u0113ka balss ir neizm\u0113rojami bag\u0101ts un daudzpus\u012bgs resurss, kas sp\u0113j rad\u012bt elpu aizraujo\u0161us muzik\u0101lus piedz\u012bvojumus.<\/p>\n","protected":false},"excerpt":{"rendered":"Vok\u0101lais Virtuozi D\u017eoana La Barbara: Balss k\u0101 Neizdibin\u0101ms Instruments D\u017eoana La Barbara, amerik\u0101\u0146u komponiste un vok\u0101liste, ir atzinusi,&hellip;\n","protected":false},"author":2,"featured_media":14462,"comment_status":"","ping_status":"","sticky":false,"template":"","format":"standard","meta":{"footnotes":""},"categories":[19],"tags":[5106,4500,1382,89,90,2906,35,39,38,36,37,34,40,5105],"class_list":{"0":"post-14461","1":"post","2":"type-post","3":"status-publish","4":"format-standard","5":"has-post-thumbnail","7":"category-izklaide","8":"tag-balss-ka-instruments","9":"tag-dzoana-la-barbara","10":"tag-eksperimentala-muzika","11":"tag-entertainment","12":"tag-izklaide","13":"tag-laikmetiga-muzika","14":"tag-latvia","15":"tag-latvian","16":"tag-latviesu","17":"tag-latviesu-valoda","18":"tag-latviesuvaloda","19":"tag-latvija","20":"tag-lv","21":"tag-vokalie-eksperimenti"},"share_on_mastodon":{"url":"","error":""},"_links":{"self":[{"href":"https:\/\/www.europesays.com\/lv\/wp-json\/wp\/v2\/posts\/14461","targetHints":{"allow":["GET"]}}],"collection":[{"href":"https:\/\/www.europesays.com\/lv\/wp-json\/wp\/v2\/posts"}],"about":[{"href":"https:\/\/www.europesays.com\/lv\/wp-json\/wp\/v2\/types\/post"}],"author":[{"embeddable":true,"href":"https:\/\/www.europesays.com\/lv\/wp-json\/wp\/v2\/users\/2"}],"replies":[{"embeddable":true,"href":"https:\/\/www.europesays.com\/lv\/wp-json\/wp\/v2\/comments?post=14461"}],"version-history":[{"count":0,"href":"https:\/\/www.europesays.com\/lv\/wp-json\/wp\/v2\/posts\/14461\/revisions"}],"wp:featuredmedia":[{"embeddable":true,"href":"https:\/\/www.europesays.com\/lv\/wp-json\/wp\/v2\/media\/14462"}],"wp:attachment":[{"href":"https:\/\/www.europesays.com\/lv\/wp-json\/wp\/v2\/media?parent=14461"}],"wp:term":[{"taxonomy":"category","embeddable":true,"href":"https:\/\/www.europesays.com\/lv\/wp-json\/wp\/v2\/categories?post=14461"},{"taxonomy":"post_tag","embeddable":true,"href":"https:\/\/www.europesays.com\/lv\/wp-json\/wp\/v2\/tags?post=14461"}],"curies":[{"name":"wp","href":"https:\/\/api.w.org\/{rel}","templated":true}]}}