{"id":14491,"date":"2025-10-07T02:26:09","date_gmt":"2025-10-07T02:26:09","guid":{"rendered":"https:\/\/www.europesays.com\/lv\/14491\/"},"modified":"2025-10-07T02:26:09","modified_gmt":"2025-10-07T02:26:09","slug":"spanijas-futbola-izlasei-tuvakajas-speles-traumas-del-nepalidzes-rodri-futbols-sportacentrs-com","status":"publish","type":"post","link":"https:\/\/www.europesays.com\/lv\/14491\/","title":{"rendered":"Sp\u0101nijas futbola izlasei tuv\u0101kaj\u0101s sp\u0113l\u0113s traumas d\u0113\u013c nepal\u012bdz\u0113s Rodri \u2013 Futbols \u2013 Sportacentrs.com"},"content":{"rendered":"<p>RFEF pazi\u0146ojum\u0101 nor\u0101d\u012bts, ka &#8220;Rodri ir \u0101rpus sast\u0101va savainojuma d\u0113\u013c&#8221;.<\/p>\n<p>29 gadus vecais Rodri Ernandess Kaskante jeb Rodri no Man\u010destras &#8220;City&#8221; vien\u012bbas traumu guva Anglijas premjerl\u012bgas sp\u0113l\u0113 sv\u0113tdien pret &#8220;Brentford&#8221;. Ar 1:0 uzvar\u0113taj\u0101 ma\u010d\u0101 vi\u0146\u0161 tika nomain\u012bts jau 21.min\u016bt\u0113. K\u0101 p\u0113c t\u0101\u0161 sp\u0113les pazi\u0146oja sp\u0101nis, tad vi\u0146s sajutis diskomfortu paceles c\u012bpslas rajon\u0101.<\/p>\n<p>Rodri bija viens no izlases svar\u012bg\u0101kajiem sp\u0113l\u0113t\u0101jiem 2024.gada Eiropas \u010dempion\u0101t\u0101, kur\u0101 sp\u0101\u0146i triumf\u0113ja, bet pag\u0101ju\u0161\u0101 gada septembr\u012b guva nopietnu ce\u013cgala traumu, kas lika izlaist sezonas liel\u0101ko da\u013cu.<\/p>\n<p>Pagaid\u0101m Sp\u0101nijas izlase nav pazi\u0146ojusi, vai 2024.gada &#8220;Ballon d&#8217;Or&#8221; ieguv\u0113ja Rodri viet\u0101 sast\u0101v\u0101 tiks iek\u013cauts k\u0101ds cits sp\u0113l\u0113t\u0101js.<\/p>\n<p>Sv\u0113tdien izlases galvenais treneris Luiss de la Fuente savainot\u0101 &#8220;Barcelona&#8221; sp\u012bdek\u013ca Lamina Jamala viet\u0101 sast\u0101v\u0101 iek\u013c\u0101va Borhu Iglesiasu no Vigo &#8220;Celta&#8221; komandas.<\/p>\n<p>2026.gada PK kvalifik\u0101ciju Sp\u0101nijas izlase septembr\u012b uzs\u0101ka ar div\u0101m graujo\u0161\u0101m uzvar\u0101m izbraukum\u0101, Eiropas zonas E grup\u0101 ar 3:0 pieveicot Turciju un ar 6:0 p\u0101rsp\u0113jot Bulg\u0101riju.<\/p>\n<p>N\u0101kam\u0101s divas sp\u0113les &#8211; pret Gruziju un Bulg\u0101riju &#8211; sp\u0101\u0146i aizvad\u012bs sav\u0101 laukum\u0101 11. un 14.oktobr\u012b.<\/p>\n<p>Izmantotie resursi:<br \/>LETA<\/p>\n","protected":false},"excerpt":{"rendered":"RFEF pazi\u0146ojum\u0101 nor\u0101d\u012bts, ka &#8220;Rodri ir \u0101rpus sast\u0101va savainojuma d\u0113\u013c&#8221;. 29 gadus vecais Rodri Ernandess Kaskante jeb Rodri&hellip;\n","protected":false},"author":2,"featured_media":14492,"comment_status":"","ping_status":"","sticky":false,"template":"","format":"standard","meta":{"footnotes":""},"categories":[17],"tags":[676,35,39,38,36,37,34,40,67],"class_list":{"0":"post-14491","1":"post","2":"type-post","3":"status-publish","4":"format-standard","5":"has-post-thumbnail","7":"category-sports","8":"tag-futbols","9":"tag-latvia","10":"tag-latvian","11":"tag-latviesu","12":"tag-latviesu-valoda","13":"tag-latviesuvaloda","14":"tag-latvija","15":"tag-lv","16":"tag-sports"},"share_on_mastodon":{"url":"","error":""},"_links":{"self":[{"href":"https:\/\/www.europesays.com\/lv\/wp-json\/wp\/v2\/posts\/14491","targetHints":{"allow":["GET"]}}],"collection":[{"href":"https:\/\/www.europesays.com\/lv\/wp-json\/wp\/v2\/posts"}],"about":[{"href":"https:\/\/www.europesays.com\/lv\/wp-json\/wp\/v2\/types\/post"}],"author":[{"embeddable":true,"href":"https:\/\/www.europesays.com\/lv\/wp-json\/wp\/v2\/users\/2"}],"replies":[{"embeddable":true,"href":"https:\/\/www.europesays.com\/lv\/wp-json\/wp\/v2\/comments?post=14491"}],"version-history":[{"count":0,"href":"https:\/\/www.europesays.com\/lv\/wp-json\/wp\/v2\/posts\/14491\/revisions"}],"wp:featuredmedia":[{"embeddable":true,"href":"https:\/\/www.europesays.com\/lv\/wp-json\/wp\/v2\/media\/14492"}],"wp:attachment":[{"href":"https:\/\/www.europesays.com\/lv\/wp-json\/wp\/v2\/media?parent=14491"}],"wp:term":[{"taxonomy":"category","embeddable":true,"href":"https:\/\/www.europesays.com\/lv\/wp-json\/wp\/v2\/categories?post=14491"},{"taxonomy":"post_tag","embeddable":true,"href":"https:\/\/www.europesays.com\/lv\/wp-json\/wp\/v2\/tags?post=14491"}],"curies":[{"name":"wp","href":"https:\/\/api.w.org\/{rel}","templated":true}]}}