{"id":14495,"date":"2025-10-07T02:30:13","date_gmt":"2025-10-07T02:30:13","guid":{"rendered":"https:\/\/www.europesays.com\/lv\/14495\/"},"modified":"2025-10-07T02:30:13","modified_gmt":"2025-10-07T02:30:13","slug":"virsligai-un-1-ligai-nepielaista-valmiera-garante-sportisku-celazimi-uz-nakotnes-ligu-futbols-sportacentrs-com","status":"publish","type":"post","link":"https:\/\/www.europesays.com\/lv\/14495\/","title":{"rendered":"Virsl\u012bgai un 1. l\u012bgai nepielaist\u0101 &#8220;Valmiera&#8221; garant\u0113 sportisku ce\u013caz\u012bmi uz N\u0101kotnes l\u012bgu \u2013 Futbols \u2013 Sportacentrs.com"},"content":{"rendered":"<p>P\u0113c asto\u0146\u0101m Virsl\u012bg\u0101 pavad\u012bt\u0101m sezon\u0101m &#8220;Valmiera&#8221; nesa\u0146\u0113ma licenci dal\u012bbai nedz Virsl\u012bg\u0101, nedz N\u0101kotnes jeb 1. l\u012bg\u0101 un bija spiesta atk\u0101pties uz tre\u0161o div\u012bziju \u2013 2. l\u012bgu. Jau ar pirmo pieg\u0101jienu vidzemnieki ir tiku\u0161i pie ties\u012bb\u0101m sp\u0113l\u0113t N\u0101kotnes l\u012bg\u0101, vismaz sportisk\u0101m ties\u012bb\u0101m \u2013 licenc\u0113\u0161ana v\u0113l b\u016bs j\u0101iziet. Pag\u0101ju\u0161ajos divos gados &#8220;Valmiera&#8221; augst\u0101kaj\u0101 l\u012bg\u0101 ie\u0146\u0113ma 4. vietu, bet no 2020. l\u012bdz 2022. gadam tr\u012bsreiz p\u0113c k\u0101rtas fini\u0161\u0113ja Virsl\u012bgas meda\u013c\u0101s.<\/p>\n<p>Gata Kalni\u0146a tren\u0113t\u0101 &#8220;Valmiera&#8221; sestdien ar 3:0 uzvar\u0113ja Salaspil\u012b (pa v\u0101rtiem Rod\u017eeram Krastam, M\u0101rcim \u0112rglim un Rojam Bu\u0161am) un divas k\u0101rtas l\u012bdz sezonas beig\u0101m garant\u0113ja vismaz otro vietu. Valmierie\u0161us kaut teor\u0113tiski apsteigt var vien\u012bgi &#8220;Super Nova&#8221; dublieri, kuri aizvad\u012bju\u0161i par div\u0101m sp\u0113l\u0113m maz\u0101k, ta\u010du atpaliek par 10 punktiem \u2013 ja &#8220;Super Nova&#8221; \u0161ovakar neuzveiks JDFS &#8220;Alberts&#8221; dublierus, tad valmierie\u0161i jau \u0161ovakar garant\u0113s ar\u012b l\u012bgas titulu. Lai paliktu titulc\u012b\u0146\u0101, &#8220;Super Nova-2&#8221; izla\u0161u pauzes laik\u0101 j\u0101uzvar ab\u0101s p\u0101rceltaj\u0101s sp\u0113l\u0113s, kas \u013caus 19. oktobr\u012b uz Valmieru doties ar vairs tikai \u010detru punktu defic\u012btu \u2013 pat zaud\u0113jot savstarp\u0113j\u0101 c\u012b\u0146\u0101, &#8220;Valmiera&#8221; pirms p\u0113d\u0113j\u0101s k\u0101rtas gan tik un t\u0101 saglab\u0101tu l\u012bderpoz\u012bciju.<\/p>\n<blockquote class=\"twitter-tweet\">\n<p lang=\"lv\" dir=\"ltr\">\ud83e\udd45 AIZV\u0100RTE #21 \ud83d\udd0a\ud83d\udc42\ud83c\udffb Salik\u0101m tr\u012bs Sa\u013cik\u0101 \u26bd\ufe0f<a href=\"https:\/\/twitter.com\/hashtag\/ValmieraFC?src=hash&amp;ref_src=twsrc%5Etfw\" rel=\"nofollow noopener\" target=\"_blank\">#ValmieraFC<\/a> <a href=\"https:\/\/twitter.com\/hashtag\/St%C4%81vP%C4%81riVisamValmiera?src=hash&amp;ref_src=twsrc%5Etfw\" rel=\"nofollow noopener\" target=\"_blank\">#St\u0101vP\u0101riVisamValmiera<\/a> \u26ab\ud83d\udfe2 <a href=\"https:\/\/t.co\/gWhMZBQ7Ce\" rel=\"nofollow\">pic.twitter.com\/gWhMZBQ7Ce<\/a><\/p>\n<p>\u2014 Valmiera FC (@valmierafc) <a href=\"https:\/\/twitter.com\/valmierafc\/status\/1974590962111496207?ref_src=twsrc%5Etfw\" rel=\"nofollow noopener\" target=\"_blank\">October 4, 2025<\/a><\/p><\/blockquote>\n<p>&#8220;Jelgavas&#8221; dublieri sv\u0113tdien ar 7:0 sak\u0101va &#8220;\u0136ekava&#8221;https:\/\/sportacentrs.com\/&#8221;Auda&#8221; (septi\u0146i da\u017e\u0101di v\u0101rtu guv\u0113ji \u2013 iesita ar\u012b braz\u012blietis Ismaels Kampuss, kur\u0161 sezonas pirmo da\u013cu pavad\u012bja Virsl\u012bg\u0101) un pak\u0101p\u0101s uz tre\u0161o vietu, p\u0113c punktiem pan\u0101kot &#8220;Super Nova&#8221; dublierus \u2013 abas savstarp\u0113j\u0101s sp\u0113les v\u0113l ir priek\u0161\u0101. Par diviem punktiem atpaliek &#8220;Salaspils&#8221;.<\/p>\n<p>No 2. l\u012bgas uz 1. l\u012bgu paredz\u0113ts pak\u0101pties lab\u0101kaj\u0101m div\u0101m komand\u0101m, bet divas v\u0101j\u0101k\u0101s komandas krit\u012bs uz 3. l\u012bgu \u2013 tabulas apak\u0161\u0113jais \u010detrinieks ir nieka divu punktu interv\u0101l\u0101. T\u0101 k\u0101 2. l\u012bgu n\u0101kamgad paredz\u0113ts papla\u0161in\u0101t no 16 l\u012bdz 20 komand\u0101m, no 3. l\u012bgas aug\u0161up ce\u013cos se\u0161as vien\u012bbas.<\/p>\n<p>2. l\u012bgas A grupa<\/p>\n<tr>VKomandaSUNZV\u0101rtiP<\/tr>\n<tr class=\"even\">\n<td>1.<\/td>\n<td>Valmiera FC<\/td>\n<td class=\"ralign\">12<\/td>\n<td class=\"ralign\">9<\/td>\n<td class=\"ralign\">3<\/td>\n<td class=\"ralign\">0<\/td>\n<td class=\"ralign\">37:10<\/td>\n<td class=\"ralign\">30<\/td>\n<\/tr>\n<tr class=\"odd\">\n<td>2.<\/td>\n<td>SK Super Nova-2<\/td>\n<td class=\"ralign\">10<\/td>\n<td class=\"ralign\">6<\/td>\n<td class=\"ralign\">2<\/td>\n<td class=\"ralign\">2<\/td>\n<td class=\"ralign\">30:12<\/td>\n<td class=\"ralign\">20<\/td>\n<\/tr>\n<tr class=\"even\">\n<td>3.<\/td>\n<td>FS Jelgava-2<\/td>\n<td class=\"ralign\">11<\/td>\n<td class=\"ralign\">6<\/td>\n<td class=\"ralign\">2<\/td>\n<td class=\"ralign\">3<\/td>\n<td class=\"ralign\">33:21<\/td>\n<td class=\"ralign\">20<\/td>\n<\/tr>\n<tr class=\"odd\">\n<td>4.<\/td>\n<td>FK Salaspils<\/td>\n<td class=\"ralign\">12<\/td>\n<td class=\"ralign\">6<\/td>\n<td class=\"ralign\">0<\/td>\n<td class=\"ralign\">6<\/td>\n<td class=\"ralign\">27:24<\/td>\n<td class=\"ralign\">18<\/td>\n<\/tr>\n<tr class=\"even\">\n<td>5.<\/td>\n<td>R\u012bgas FS<\/td>\n<td class=\"ralign\">12<\/td>\n<td class=\"ralign\">3<\/td>\n<td class=\"ralign\">5<\/td>\n<td class=\"ralign\">4<\/td>\n<td class=\"ralign\">18:20<\/td>\n<td class=\"ralign\">14<\/td>\n<\/tr>\n<tr class=\"odd\">\n<td>6.<\/td>\n<td>FK Karosta<\/td>\n<td class=\"ralign\">12<\/td>\n<td class=\"ralign\">3<\/td>\n<td class=\"ralign\">3<\/td>\n<td class=\"ralign\">6<\/td>\n<td class=\"ralign\">13:35<\/td>\n<td class=\"ralign\">12<\/td>\n<\/tr>\n<tr class=\"even\">\n<td>7.<\/td>\n<td>JDFS Alberts-2<\/td>\n<td class=\"ralign\">11<\/td>\n<td class=\"ralign\">3<\/td>\n<td class=\"ralign\">2<\/td>\n<td class=\"ralign\">6<\/td>\n<td class=\"ralign\">26:27<\/td>\n<td class=\"ralign\">11<\/td>\n<\/tr>\n<tr class=\"odd\">\n<td>8.<\/td>\n<td>FK \u0136ekava\/Auda<\/td>\n<td class=\"ralign\">12<\/td>\n<td class=\"ralign\">1<\/td>\n<td class=\"ralign\">1<\/td>\n<td class=\"ralign\">10<\/td>\n<td class=\"ralign\">8:43<\/td>\n<td class=\"ralign\">4<\/td>\n<\/tr>\n<p>2. l\u012bgas B grupa<\/p>\n<tr>VKomandaSUNZV\u0101rtiP<\/tr>\n<tr class=\"even\">\n<td>9.<\/td>\n<td>Dienvidkurzemes SS<\/td>\n<td class=\"ralign\">12<\/td>\n<td class=\"ralign\">8<\/td>\n<td class=\"ralign\">3<\/td>\n<td class=\"ralign\">1<\/td>\n<td class=\"ralign\">38:12<\/td>\n<td class=\"ralign\">27<\/td>\n<\/tr>\n<tr class=\"odd\">\n<td>10.<\/td>\n<td>FK L\u012bv\u0101ni<\/td>\n<td class=\"ralign\">12<\/td>\n<td class=\"ralign\">6<\/td>\n<td class=\"ralign\">5<\/td>\n<td class=\"ralign\">1<\/td>\n<td class=\"ralign\">25:13<\/td>\n<td class=\"ralign\">23<\/td>\n<\/tr>\n<tr class=\"even\">\n<td>11.<\/td>\n<td>FK Union\/JFK Daugava<\/td>\n<td class=\"ralign\">12<\/td>\n<td class=\"ralign\">5<\/td>\n<td class=\"ralign\">4<\/td>\n<td class=\"ralign\">3<\/td>\n<td class=\"ralign\">30:29<\/td>\n<td class=\"ralign\">19<\/td>\n<\/tr>\n<tr class=\"odd\">\n<td>12.<\/td>\n<td>JFC Viola<\/td>\n<td class=\"ralign\">12<\/td>\n<td class=\"ralign\">4<\/td>\n<td class=\"ralign\">5<\/td>\n<td class=\"ralign\">3<\/td>\n<td class=\"ralign\">18:20<\/td>\n<td class=\"ralign\">17<\/td>\n<\/tr>\n<tr class=\"even\">\n<td>13.<\/td>\n<td>Saldus NSS\/Leevon-2<\/td>\n<td class=\"ralign\">12<\/td>\n<td class=\"ralign\">2<\/td>\n<td class=\"ralign\">5<\/td>\n<td class=\"ralign\">5<\/td>\n<td class=\"ralign\">18:21<\/td>\n<td class=\"ralign\">11<\/td>\n<\/tr>\n<tr class=\"odd\">\n<td>14.<\/td>\n<td>FK Aliance<\/td>\n<td class=\"ralign\">12<\/td>\n<td class=\"ralign\">2<\/td>\n<td class=\"ralign\">5<\/td>\n<td class=\"ralign\">5<\/td>\n<td class=\"ralign\">17:23<\/td>\n<td class=\"ralign\">11<\/td>\n<\/tr>\n<tr class=\"even\">\n<td>15.<\/td>\n<td>FK Dinamo R\u012bga<\/td>\n<td class=\"ralign\">12<\/td>\n<td class=\"ralign\">3<\/td>\n<td class=\"ralign\">2<\/td>\n<td class=\"ralign\">7<\/td>\n<td class=\"ralign\">22:35<\/td>\n<td class=\"ralign\">11<\/td>\n<\/tr>\n<tr class=\"odd\">\n<td>16.<\/td>\n<td>FK Staiceles Bebri<\/td>\n<td class=\"ralign\">12<\/td>\n<td class=\"ralign\">2<\/td>\n<td class=\"ralign\">3<\/td>\n<td class=\"ralign\">7<\/td>\n<td class=\"ralign\">17:32<\/td>\n<td class=\"ralign\">9<\/td>\n<\/tr>\n<p>Lab\u0101kie v\u0101rtu guv\u0113ji<\/p>\n<tr>VSp\u0113l\u0113t\u0101jsKomandaSk<\/tr>\n<tr class=\"even\">\n<td>1.<\/td>\n<td>G\u013cebs Cvetkovs<\/td>\n<td>Salaspils<\/td>\n<td class=\"ralign\">19<\/td>\n<\/tr>\n<tr class=\"odd\">\n<td>2.<\/td>\n<td>Nikita Lazarenko<\/td>\n<td>Salaspils<\/td>\n<td class=\"ralign\">13<\/td>\n<\/tr>\n<tr class=\"even\">\n<td>3.<\/td>\n<td>R\u016bdolfs La\u0137is<\/td>\n<td>Jelgava-2<\/td>\n<td class=\"ralign\">12<\/td>\n<\/tr>\n<tr class=\"odd\">\n<td>4.<\/td>\n<td>Jusuke Omori<\/td>\n<td>Valmiera<\/td>\n<td class=\"ralign\">11<\/td>\n<\/tr>\n<tr class=\"even\">\n<td>5.<\/td>\n<td>Artjoms Kro\u013cikovs<\/td>\n<td>R\u012bgas FS<\/td>\n<td class=\"ralign\">10<\/td>\n<\/tr>\n<tr class=\"odd\">\n<td\/>\n<td>Art\u016brs Smetanovs<\/td>\n<td>\u0136ekava\/Auda<\/td>\n<td class=\"ralign\">10<\/td>\n<\/tr>\n<tr class=\"even\">\n<td\/>\n<td>Georgijs Fu\u0146ikovs<\/td>\n<td>Super Nova-2<\/td>\n<td class=\"ralign\">10<\/td>\n<\/tr>\n<tr class=\"odd\">\n<td\/>\n<td>Niks Sava\u013cnieks<\/td>\n<td>Valmiera<\/td>\n<td class=\"ralign\">10<\/td>\n<\/tr>\n<blockquote class=\"twitter-tweet\">\n<p lang=\"lv\" dir=\"ltr\">Vi\u0146i cent\u0101s, m\u0113s uzvar\u0113j\u0101m \ud83d\udcaa\ud83c\udffb Paldies jums \ud83d\ude4c\ud83c\udffb<a href=\"https:\/\/twitter.com\/hashtag\/ValmieraFC?src=hash&amp;ref_src=twsrc%5Etfw\" rel=\"nofollow noopener\" target=\"_blank\">#ValmieraFC<\/a> <a href=\"https:\/\/twitter.com\/hashtag\/St%C4%81vP%C4%81riVisamValmiera?src=hash&amp;ref_src=twsrc%5Etfw\" rel=\"nofollow noopener\" target=\"_blank\">#St\u0101vP\u0101riVisamValmiera<\/a> \u26ab\ud83d\udfe2 <a href=\"https:\/\/t.co\/YyTLSf1Xln\" rel=\"nofollow\">pic.twitter.com\/YyTLSf1Xln<\/a><\/p>\n<p>\u2014 Valmiera FC (@valmierafc) <a href=\"https:\/\/twitter.com\/valmierafc\/status\/1974593043065196963?ref_src=twsrc%5Etfw\" rel=\"nofollow noopener\" target=\"_blank\">October 4, 2025<\/a><\/p><\/blockquote>\n<p>Izmantotie resursi:<br \/><a target=\"_blank\" href=\"https:\/\/lff.lv\/sacensibas\/viriesi\/otra-liga\/\" rel=\"nofollow noopener\">https:\/\/lff.lv\/sacensibas\/viriesi\/o&#8230;<\/a><\/p>\n<p>                    <script async src=\"https:\/\/platform.twitter.com\/widgets.js\" charset=\"utf-8\"><\/script><\/p>\n","protected":false},"excerpt":{"rendered":"P\u0113c asto\u0146\u0101m Virsl\u012bg\u0101 pavad\u012bt\u0101m sezon\u0101m &#8220;Valmiera&#8221; nesa\u0146\u0113ma licenci dal\u012bbai nedz Virsl\u012bg\u0101, nedz N\u0101kotnes jeb 1. l\u012bg\u0101 un bija&hellip;\n","protected":false},"author":2,"featured_media":14496,"comment_status":"","ping_status":"","sticky":false,"template":"","format":"standard","meta":{"footnotes":""},"categories":[5],"tags":[23,28,29,32,33,676,22,30,31,35,39,38,36,37,34,40,20,26,27,24,25,21],"class_list":{"0":"post-14495","1":"post","2":"type-post","3":"status-publish","4":"format-standard","5":"has-post-thumbnail","7":"category-aktualitates","8":"tag-aktualitates","9":"tag-breaking-news","10":"tag-breakingnews","11":"tag-featured-news","12":"tag-featurednews","13":"tag-futbols","14":"tag-headlines","15":"tag-latest-news","16":"tag-latestnews","17":"tag-latvia","18":"tag-latvian","19":"tag-latviesu","20":"tag-latviesu-valoda","21":"tag-latviesuvaloda","22":"tag-latvija","23":"tag-lv","24":"tag-news","25":"tag-popularakas-zinas","26":"tag-popularakaszinas","27":"tag-top-stories","28":"tag-topstories","29":"tag-zinas"},"share_on_mastodon":{"url":"","error":""},"_links":{"self":[{"href":"https:\/\/www.europesays.com\/lv\/wp-json\/wp\/v2\/posts\/14495","targetHints":{"allow":["GET"]}}],"collection":[{"href":"https:\/\/www.europesays.com\/lv\/wp-json\/wp\/v2\/posts"}],"about":[{"href":"https:\/\/www.europesays.com\/lv\/wp-json\/wp\/v2\/types\/post"}],"author":[{"embeddable":true,"href":"https:\/\/www.europesays.com\/lv\/wp-json\/wp\/v2\/users\/2"}],"replies":[{"embeddable":true,"href":"https:\/\/www.europesays.com\/lv\/wp-json\/wp\/v2\/comments?post=14495"}],"version-history":[{"count":0,"href":"https:\/\/www.europesays.com\/lv\/wp-json\/wp\/v2\/posts\/14495\/revisions"}],"wp:featuredmedia":[{"embeddable":true,"href":"https:\/\/www.europesays.com\/lv\/wp-json\/wp\/v2\/media\/14496"}],"wp:attachment":[{"href":"https:\/\/www.europesays.com\/lv\/wp-json\/wp\/v2\/media?parent=14495"}],"wp:term":[{"taxonomy":"category","embeddable":true,"href":"https:\/\/www.europesays.com\/lv\/wp-json\/wp\/v2\/categories?post=14495"},{"taxonomy":"post_tag","embeddable":true,"href":"https:\/\/www.europesays.com\/lv\/wp-json\/wp\/v2\/tags?post=14495"}],"curies":[{"name":"wp","href":"https:\/\/api.w.org\/{rel}","templated":true}]}}