{"id":1451,"date":"2025-09-22T06:58:08","date_gmt":"2025-09-22T06:58:08","guid":{"rendered":"https:\/\/www.europesays.com\/lv\/1451\/"},"modified":"2025-09-22T06:58:08","modified_gmt":"2025-09-22T06:58:08","slug":"jauna-tiesibsardze-karina-palkova-sola-panakt-institucijas-pieejamibu-visa-latvija-lente-lv","status":"publish","type":"post","link":"https:\/\/www.europesays.com\/lv\/1451\/","title":{"rendered":"Jaun\u0101 ties\u012bbsardze Karina Palkova sola pan\u0101kt instit\u016bcijas pieejam\u012bbu vis\u0101 Latvij\u0101\u00a0\u2014\u00a0Lente.lv"},"content":{"rendered":"<p>R\u012bga, 22. septembris \u2013 Latvijas Republikas ties\u012bbsardzes amat\u0101 nesen iecelt\u0101 Karina Palkova nol\u0113musi likt jaunu akcentu sav\u0101 darb\u012bb\u0101, uzsverot nepiecie\u0161am\u012bbu Ties\u012bbsarga instit\u016bcijai b\u016bt pieejamai ne tikai galvaspils\u0113t\u0101, bet ar\u012b visos Latvijas re\u0123ionos. \u0160is solis tiek sperti, lai nodro\u0161in\u0101tu, ka ikviens Latvijas iedz\u012bvot\u0101js, neatkar\u012bgi no dz\u012bvesvietas, var sa\u0146emt nepiecie\u0161amo pal\u012bdz\u012bbu un atbalstu cilv\u0113kties\u012bbu jaut\u0101jumos.<\/p>\n<p>Priorit\u0101tes un v\u012bzija<\/p>\n<p>Karina Palkova, kas ir paz\u012bstama k\u0101 R\u012bgas Stradi\u0146a universit\u0101tes profesore un zv\u0113rin\u0101ta advok\u0101te ar ilggad\u0113ju pieredzi, savas priorit\u0101tes ties\u012bbsarga amat\u0101 ir noteikusi \u013coti skaidri. Vi\u0146a v\u0113las stiprin\u0101t b\u0113rnu ties\u012bbu aizsardz\u012bbu, piev\u0113r\u0161ot \u012bpa\u0161u uzman\u012bbu dro\u0161\u012bbai gan skol\u0101s, gan digit\u0101laj\u0101 vid\u0113, k\u0101 ar\u012b risin\u0101t vardarb\u012bbas gad\u012bjumus \u0123imen\u0113s. &#8220;M\u0113s nevaram run\u0101t par izr\u0101vienu demogr\u0101fij\u0101, ja dro\u0161\u012bba \u0123imenes ietvar\u0101 nav nodro\u0161in\u0101ta,&#8221; uzsv\u0113ra Palkova, nor\u0101dot uz datu balst\u012btu nepiecie\u0161am\u012bbu fokus\u0113ties uz \u0161iem ak\u016btajiem probl\u0113mjaut\u0101jumiem.<\/p>\n<p>V\u0113l viena svar\u012bga joma Palkovas darba pl\u0101n\u0101 ir digit\u0101l\u0101 dro\u0161\u012bba un cilv\u0113kties\u012bbu nodro\u0161in\u0101\u0161ana tie\u0161saistes vid\u0113. Lai gan iepriek\u0161\u0113jie ties\u012bbsargi ir veiku\u0161i noz\u012bm\u012bgu darbu, Palkova uzskata, ka ir nepiecie\u0161ams \u201catsvaidzin\u0101t\u201d instit\u016bcijas darb\u012bbu, nodro\u0161inot t\u0101s atv\u0113rt\u012bbu un pieejam\u012bbu ikvienam Latvijas iedz\u012bvot\u0101jam. Vi\u0146a ar\u012b v\u0113las atjaunot Ties\u012bbsarga biroja presti\u017eu un sabiedr\u012bbas uztic\u012bbu, kas, p\u0113c vi\u0146as dom\u0101m, iepriek\u0161\u0113jos gados ir mazin\u0101jusies.<\/p>\n<p>&#8220;Negribas, lai tas ir k\u0101rt\u0113jais atzinums, kur\u0161 paliks plaukt\u0101. Negribas, lai cilv\u0113ki piedz\u012bvo vil\u0161anos. Ir j\u0101b\u016bt skaidrai j\u0113gai \u0161ai iest\u0101dei,&#8221; pauda Palkova, nor\u0101dot uz nepiecie\u0161am\u012bbu p\u0101rmain\u012bt instit\u016bcijas struktur\u0101lo k\u0101rt\u012bbu un p\u0101rskat\u012bt uzdevumus un funkciju sadal\u012bjumu.<\/p>\n<p>Re\u0123ion\u0101l\u0101 pieejam\u012bba \u2013 jauns solis uz priek\u0161u<\/p>\n<p>Viena no Palkovas b\u016btisk\u0101kaj\u0101m idej\u0101m ir padar\u012bt Ties\u012bbsarga instit\u016bciju fiziski pieejam\u0101ku \u0101rpus R\u012bgas. L\u012bdz \u0161im daudzas sabiedr\u012bbas grupas, \u012bpa\u0161i dz\u012bvojot att\u0101l\u0101k\u0101s Latvijas viet\u0101s, ir sask\u0101ru\u0161\u0101s ar gr\u016bt\u012bb\u0101m piek\u013c\u016bt nepiecie\u0161amaj\u0101m konsult\u0101cij\u0101m un atbalstam. Palkova paredz, ka tas tiks pan\u0101kts, veidojot cie\u0161\u0101ku sadarb\u012bbu ar re\u0123ion\u0101laj\u0101m pa\u0161vald\u012bb\u0101m un cit\u0101m iest\u0101d\u0113m, lai nodro\u0161in\u0101tu regul\u0101ru kl\u0101tb\u016btni un iesp\u0113ju v\u0113rsties p\u0113c pal\u012bdz\u012bbas ar\u012b \u0101rpus galvaspils\u0113tas. Tas noz\u012bm\u0113, ka cilv\u0113kties\u012bbu aizsardz\u012bba vairs neb\u016bs tikai R\u012bgas privil\u0113\u0123ija, bet k\u013c\u016bs par re\u0101lu iesp\u0113ju ikvienam Latvijas novadam.<\/p>\n<p>\u0160is solis ir \u012bpa\u0161i svar\u012bgs, \u0146emot v\u0113r\u0101, ka daudzas probl\u0113mas, kas skar cilv\u0113kties\u012bbas, ir rakstur\u012bgas ar\u012b re\u0123ioniem, piem\u0113ram, soci\u0101l\u0101s atstumt\u012bbas, vesel\u012bbas apr\u016bpes pieejam\u012bbas vai izgl\u012bt\u012bbas jaut\u0101jumi. L\u012bdz \u0161im bie\u017ei vien \u0161\u012bs probl\u0113mas tika risin\u0101tas ar kav\u0113\u0161anos vai nemaz netika uzklaus\u012btas, jo cilv\u0113kiem nebija vienk\u0101r\u0161as iesp\u0113jas sazin\u0101ties ar Ties\u012bbsarga biroju. Palkovas iecer\u0113t\u0101 pieejam\u012bba \u013caus \u0161o plaisu aizpild\u012bt un nodro\u0161in\u0101s, ka neviena probl\u0113ma netiks atst\u0101ta nov\u0101rt\u0101.<\/p>\n<p>Profesion\u0101l\u0101 pieredze un politiskais atbalsts<\/p>\n<p>Karina Palkova savu karjeru veidojusi k\u0101 akad\u0113mi\u0137e un juriste. Vi\u0146a ir R\u012bgas Stradi\u0146a universit\u0101tes profesore, k\u0101 ar\u012b zv\u0113rin\u0101ta advok\u0101te, kas specializ\u0113jas medic\u012bnas ties\u012bbu jom\u0101. Pirms iecel\u0161anas Ties\u012bbsardzes amat\u0101, Palkova ie\u0146\u0113ma vesel\u012bbas ministra \u0101r\u0161tata padomnieces amatu, sniedzot padomus par \u0101rstu un pacientu ties\u012bbu jaut\u0101jumiem. Vi\u0146as pieredze ietver ar\u012b J\u016brmalas domes Sabiedrisk\u0101s padomes vad\u012b\u0161anu, kas liecina par akt\u012bvu iesaisti pilsonisk\u0101s sabiedr\u012bbas att\u012bst\u012bb\u0101.<\/p>\n<p>Palkovas kandidat\u016bra tika virz\u012bta ar pla\u0161u politisko atbalstu, ko apliecina vair\u0101k nek\u0101 71 Saeimas deput\u0101ta balss par vi\u0146as iecel\u0161anu amat\u0101. Vi\u0146as kandidat\u016bru atbalst\u012bja gan valdo\u0161\u0101s koal\u012bcijas partijas, gan ar\u012b da\u013ca opoz\u012bcijas, kas nor\u0101da uz vi\u0146as sp\u0113ju rast kop\u012bgu valodu ar da\u017e\u0101diem politiskajiem sp\u0113kiem. Vien\u012bgi partijas &#8220;Stabilit\u0101tei!&#8221; un &#8220;Latvija pirmaj\u0101 viet\u0101&#8221; nebalsoja par Palkovu.<\/p>\n<p>Ties\u012bbsarga instit\u016bcija Latvij\u0101 \u2013 v\u0113sture un noz\u012bme<\/p>\n<p>Ties\u012bbsarga instit\u016bcija Latvij\u0101 tika izveidota 2007. gada 1. janv\u0101r\u012b, aizst\u0101jot iepriek\u0161\u0113jo Valsts cilv\u0113kties\u012bbu biroju. T\u0101s galvenais uzdevums ir veicin\u0101t cilv\u0113kties\u012bbu aizsardz\u012bbu un nodro\u0161in\u0101t, ka valsts vara tiek \u012bstenota tiesiski un lietder\u012bgi. Ties\u012bbsargs ir neatkar\u012bga amatpersona, kas pak\u013caujas tikai likumam un ir nesaist\u012bta ar politiskaj\u0101m partij\u0101m.<\/p>\n<p>Amata pilnvaru termi\u0146\u0161 ir pieci gadi, un viena persona var ie\u0146emt \u0161o amatu ne vair\u0101k k\u0101 divus termi\u0146us p\u0113c k\u0101rtas. Ties\u012bbsarga birojs ir ieguvis augst\u0101ko starptautisko nov\u0113rt\u0113jumu \u2013 A statusu \u2013 k\u0101 cilv\u0113kties\u012bbu instit\u016bcija, kas apliecina t\u0101 atbilst\u012bbu pasaules augst\u0101kajiem standartiem. \u0160is statuss nodro\u0161ina starptautisku atpaz\u012bstam\u012bbu un ties\u012bbas piedal\u012bties ANO Cilv\u0113kties\u012bbu padomes darb\u0101.<\/p>\n<p>Iepriek\u0161\u0113jais ties\u012bbsargs Juris Jansons amat\u0101 bija no 2011. l\u012bdz 2025. gadam. P\u0113c vi\u0146a pilnvaru termi\u0146a beig\u0101m Ties\u012bbsarga biroja darbu \u012bslaic\u012bgi vad\u012bja ties\u012bbsarga vietniece Ineta Pi\u013c\u0101ne, l\u012bdz Saeima apstiprin\u0101ja Karinu Palkovu.<\/p>\n<p>Izaicin\u0101jumi un n\u0101kotnes perspekt\u012bvas<\/p>\n<p>K\u0101 viens no liel\u0101kajiem izaicin\u0101jumiem Palkova min politi\u0137u p\u0101rliecin\u0101\u0161anu par nepiecie\u0161am\u012bbu r\u012bkoties probl\u0113mu risin\u0101\u0161an\u0101, nevis tikai dokument\u0113t t\u0101s. Vi\u0146a ir ap\u0146\u0113m\u012bbas pilna str\u0101d\u0101t, lai Ties\u012bbsarga instit\u016bcijas ieteikumi un atzinumi tiktu ne tikai uzklaus\u012bti, bet ar\u012b ieviesti dz\u012bv\u0113.<\/p>\n<p>T\u0101pat Palkova uzsv\u0113ra, ka ir probl\u0113mas, kuru risin\u0101\u0161anai nav nepiecie\u0161ams papildu finans\u0113jums \u2013 pietiek ar sist\u0113mas sak\u0101rto\u0161anu un lab\u0101ku p\u0101rvald\u012bbu. Tas liecina par vi\u0146as pragmatisko pieeju un v\u0113lmi maksim\u0101li efekt\u012bvi izmantot eso\u0161os resursus cilv\u0113kties\u012bbu aizsardz\u012bbai.<\/p>\n<p>Ar Karinas Palkovas iecel\u0161anu amat\u0101 tiek likts jauns akcents uz Ties\u012bbsarga instit\u016bcijas stiprin\u0101\u0161anu un t\u0101s lomas pilnv\u0113rt\u012bgu \u012bsteno\u0161anu Latvijas sabiedr\u012bb\u0101. Vi\u0146as m\u0113r\u0137is ir nodro\u0161in\u0101t, ka ikviens Latvijas iedz\u012bvot\u0101js j\u016btas dro\u0161i un vi\u0146a ties\u012bbas tiek pien\u0101c\u012bgi aizsarg\u0101tas, neatkar\u012bgi no t\u0101, kur\u0101 Latvijas nost\u016br\u012b vi\u0146\u0161 dz\u012bvo.<\/p>\n","protected":false},"excerpt":{"rendered":"R\u012bga, 22. septembris \u2013 Latvijas Republikas ties\u012bbsardzes amat\u0101 nesen iecelt\u0101 Karina Palkova nol\u0113musi likt jaunu akcentu sav\u0101 darb\u012bb\u0101,&hellip;\n","protected":false},"author":2,"featured_media":1452,"comment_status":"","ping_status":"","sticky":false,"template":"","format":"standard","meta":{"footnotes":""},"categories":[5],"tags":[23,28,29,142,32,33,22,954,534,30,31,35,39,38,36,37,34,953,40,20,26,27,952,24,25,21],"class_list":{"0":"post-1451","1":"post","2":"type-post","3":"status-publish","4":"format-standard","5":"has-post-thumbnail","7":"category-aktualitates","8":"tag-aktualitates","9":"tag-breaking-news","10":"tag-breakingnews","11":"tag-cilvektiesibas","12":"tag-featured-news","13":"tag-featurednews","14":"tag-headlines","15":"tag-institucijas-pieejamiba","16":"tag-karina-palkova","17":"tag-latest-news","18":"tag-latestnews","19":"tag-latvia","20":"tag-latvian","21":"tag-latviesu","22":"tag-latviesu-valoda","23":"tag-latviesuvaloda","24":"tag-latvija","25":"tag-latvijas-regioni","26":"tag-lv","27":"tag-news","28":"tag-popularakas-zinas","29":"tag-popularakaszinas","30":"tag-tiesibsardze","31":"tag-top-stories","32":"tag-topstories","33":"tag-zinas"},"share_on_mastodon":{"url":"","error":""},"_links":{"self":[{"href":"https:\/\/www.europesays.com\/lv\/wp-json\/wp\/v2\/posts\/1451","targetHints":{"allow":["GET"]}}],"collection":[{"href":"https:\/\/www.europesays.com\/lv\/wp-json\/wp\/v2\/posts"}],"about":[{"href":"https:\/\/www.europesays.com\/lv\/wp-json\/wp\/v2\/types\/post"}],"author":[{"embeddable":true,"href":"https:\/\/www.europesays.com\/lv\/wp-json\/wp\/v2\/users\/2"}],"replies":[{"embeddable":true,"href":"https:\/\/www.europesays.com\/lv\/wp-json\/wp\/v2\/comments?post=1451"}],"version-history":[{"count":0,"href":"https:\/\/www.europesays.com\/lv\/wp-json\/wp\/v2\/posts\/1451\/revisions"}],"wp:featuredmedia":[{"embeddable":true,"href":"https:\/\/www.europesays.com\/lv\/wp-json\/wp\/v2\/media\/1452"}],"wp:attachment":[{"href":"https:\/\/www.europesays.com\/lv\/wp-json\/wp\/v2\/media?parent=1451"}],"wp:term":[{"taxonomy":"category","embeddable":true,"href":"https:\/\/www.europesays.com\/lv\/wp-json\/wp\/v2\/categories?post=1451"},{"taxonomy":"post_tag","embeddable":true,"href":"https:\/\/www.europesays.com\/lv\/wp-json\/wp\/v2\/tags?post=1451"}],"curies":[{"name":"wp","href":"https:\/\/api.w.org\/{rel}","templated":true}]}}