{"id":14511,"date":"2025-10-07T02:48:10","date_gmt":"2025-10-07T02:48:10","guid":{"rendered":"https:\/\/www.europesays.com\/lv\/14511\/"},"modified":"2025-10-07T02:48:10","modified_gmt":"2025-10-07T02:48:10","slug":"pirmdien-gaisa-temperatura-paaugstinasies-lidz-15-gradiem","status":"publish","type":"post","link":"https:\/\/www.europesays.com\/lv\/14511\/","title":{"rendered":"Pirmdien gaisa temperat\u016bra paaugstin\u0101sies l\u012bdz +15 gr\u0101diem"},"content":{"rendered":"<p>Sinopti\u0137i prognoz\u0113, ka v\u0113j\u0161 l\u0113ni l\u012bdz m\u0113reni p\u016bt\u012bs no dienvidiem. Viet\u0101m iesp\u0113jams \u012bslaic\u012bgs lietus.<\/p>\n<p>R\u012bg\u0101 nav gaid\u0101mi nokri\u0161\u0146i, debesis br\u012b\u017eiem var skaidroties, p\u016bt\u012bs l\u0113ns l\u012bdz m\u0113rens dienvidu v\u0113j\u0161 un gaisa temperat\u016bra pak\u0101psies l\u012bdz +13..+14 gr\u0101diem.<\/p>\n<p>Laikapst\u0101k\u013cus ietekm\u0113 izz\u016bdo\u0161s ciklons, t\u0101 centrs no Baltijas j\u016bras dienvidiem virz\u0101s uz Polijas vidieni. Atmosf\u0113ras spiediens Latvij\u0101 1005-1010 hektopask\u0101li j\u016bras l\u012bmen\u012b.<\/p>\n","protected":false},"excerpt":{"rendered":"Sinopti\u0137i prognoz\u0113, ka v\u0113j\u0161 l\u0113ni l\u012bdz m\u0113reni p\u016bt\u012bs no dienvidiem. Viet\u0101m iesp\u0113jams \u012bslaic\u012bgs lietus. R\u012bg\u0101 nav gaid\u0101mi nokri\u0161\u0146i,&hellip;\n","protected":false},"author":2,"featured_media":14512,"comment_status":"","ping_status":"","sticky":false,"template":"","format":"standard","meta":{"footnotes":""},"categories":[5],"tags":[23,28,29,32,33,22,1811,396,397,30,31,35,39,38,36,37,34,40,20,26,27,24,25,21],"class_list":{"0":"post-14511","1":"post","2":"type-post","3":"status-publish","4":"format-standard","5":"has-post-thumbnail","7":"category-aktualitates","8":"tag-aktualitates","9":"tag-breaking-news","10":"tag-breakingnews","11":"tag-featured-news","12":"tag-featurednews","13":"tag-headlines","14":"tag-laika-zina","15":"tag-laika-zinas","16":"tag-laikapstakli","17":"tag-latest-news","18":"tag-latestnews","19":"tag-latvia","20":"tag-latvian","21":"tag-latviesu","22":"tag-latviesu-valoda","23":"tag-latviesuvaloda","24":"tag-latvija","25":"tag-lv","26":"tag-news","27":"tag-popularakas-zinas","28":"tag-popularakaszinas","29":"tag-top-stories","30":"tag-topstories","31":"tag-zinas"},"share_on_mastodon":{"url":"","error":""},"_links":{"self":[{"href":"https:\/\/www.europesays.com\/lv\/wp-json\/wp\/v2\/posts\/14511","targetHints":{"allow":["GET"]}}],"collection":[{"href":"https:\/\/www.europesays.com\/lv\/wp-json\/wp\/v2\/posts"}],"about":[{"href":"https:\/\/www.europesays.com\/lv\/wp-json\/wp\/v2\/types\/post"}],"author":[{"embeddable":true,"href":"https:\/\/www.europesays.com\/lv\/wp-json\/wp\/v2\/users\/2"}],"replies":[{"embeddable":true,"href":"https:\/\/www.europesays.com\/lv\/wp-json\/wp\/v2\/comments?post=14511"}],"version-history":[{"count":0,"href":"https:\/\/www.europesays.com\/lv\/wp-json\/wp\/v2\/posts\/14511\/revisions"}],"wp:featuredmedia":[{"embeddable":true,"href":"https:\/\/www.europesays.com\/lv\/wp-json\/wp\/v2\/media\/14512"}],"wp:attachment":[{"href":"https:\/\/www.europesays.com\/lv\/wp-json\/wp\/v2\/media?parent=14511"}],"wp:term":[{"taxonomy":"category","embeddable":true,"href":"https:\/\/www.europesays.com\/lv\/wp-json\/wp\/v2\/categories?post=14511"},{"taxonomy":"post_tag","embeddable":true,"href":"https:\/\/www.europesays.com\/lv\/wp-json\/wp\/v2\/tags?post=14511"}],"curies":[{"name":"wp","href":"https:\/\/api.w.org\/{rel}","templated":true}]}}