{"id":14518,"date":"2025-10-07T03:17:10","date_gmt":"2025-10-07T03:17:10","guid":{"rendered":"https:\/\/www.europesays.com\/lv\/14518\/"},"modified":"2025-10-07T03:17:10","modified_gmt":"2025-10-07T03:17:10","slug":"salacgriva-no-juras-izskalota-iespejams-krievu-drona-atluza","status":"publish","type":"post","link":"https:\/\/www.europesays.com\/lv\/14518\/","title":{"rendered":"Salacgr\u012bv\u0101 no j\u016bras izskalota, iesp\u0113jams, krievu drona atl\u016bza"},"content":{"rendered":"<p>Limba\u017eu novad\u0101, Salacgr\u012bvas pagast\u0101 j\u016bras krast\u0101 atrasts izskalots drona sp\u0101rns, un tiek pie\u013cauts, ka atl\u016bza ir no septembra vid\u016b Ventspils novad\u0101 atrast\u0101 Krievijas m\u0101nek\u013ca drona &#8220;Gerbera&#8221;.<\/p>\n<p>Sv\u0113tdien Valsts policija sa\u0146\u0113ma inform\u0101ciju, ka Salacgr\u012bvas pagast\u0101 j\u016bras krast\u0101 atrasts izskalots drona sp\u0101rns. Apdraud\u0113jums sabiedr\u012bbai nav konstat\u0113ts, inform\u0113ja Valsts policij\u0101.<\/p>\n<p>Par notiku\u0161o s\u0101kts krimin\u0101lprocess un inform\u0113ti Nacion\u0101lie bru\u0146otie sp\u0113ki.<\/p>\n<p><\/p>\n<p>Likumsargi pie\u013cauj, ka drona atl\u016bza var\u0113tu b\u016bt no t\u0101 pa\u0161a drona, kura deta\u013ca izskalota septembr\u012b Ventspils novad\u0101, bet apst\u0101k\u013ci tiek preciz\u0113ti.<\/p>\n<p>Jau zi\u0146ots, ka septembra vid\u016b Ventspils novada V\u0101rves pagasta pludmal\u0113 atrast\u0101 drona atl\u016bza pirm\u0161\u0137ietami ir astes da\u013ca no Krievijas m\u0101nek\u013ca drona &#8220;Gerbera&#8221;.<\/p>\n<p>T\u0101pat zi\u0146ots, ka septembra s\u0101kum\u0101 Polijas gaisa telp\u0101 ielidoja aptuveni 20 krievu droni. <\/p>\n<blockquote><p>Tie, kas rad\u012bja draudus iedz\u012bvot\u0101ju dro\u0161\u012bbai, tika notriekti. <\/p><\/blockquote>\n<p>T\u0101 bija pirm\u0101 reize, kad virs NATO teritorijas notriekti krievu droni. Lai notriektu krievu dronus, gais\u0101 tika pacelti Polijas izn\u012bcin\u0101t\u0101ji F-16 un sabiedroto F-35.<\/p>\n","protected":false},"excerpt":{"rendered":"Limba\u017eu novad\u0101, Salacgr\u012bvas pagast\u0101 j\u016bras krast\u0101 atrasts izskalots drona sp\u0101rns, un tiek pie\u013cauts, ka atl\u016bza ir no septembra&hellip;\n","protected":false},"author":2,"featured_media":14519,"comment_status":"","ping_status":"","sticky":false,"template":"","format":"standard","meta":{"footnotes":""},"categories":[12],"tags":[129,5125,1276,4121,5122,23,28,29,32,33,22,30,31,35,39,38,36,37,34,40,20,26,27,4122,5126,5123,1277,4123,5127,5124,1278,24,25,21],"class_list":{"0":"post-14518","1":"post","2":"type-post","3":"status-publish","4":"format-standard","5":"has-post-thumbnail","7":"category-latvija","8":"tag-__typenameadvicekeyword","9":"tag-id1192","10":"tag-id561","11":"tag-id602","12":"tag-id805","13":"tag-aktualitates","14":"tag-breaking-news","15":"tag-breakingnews","16":"tag-featured-news","17":"tag-featurednews","18":"tag-headlines","19":"tag-latest-news","20":"tag-latestnews","21":"tag-latvia","22":"tag-latvian","23":"tag-latviesu","24":"tag-latviesu-valoda","25":"tag-latviesuvaloda","26":"tag-latvija","27":"tag-lv","28":"tag-news","29":"tag-popularakas-zinas","30":"tag-popularakaszinas","31":"tag-slugdrons","32":"tag-sluglimbazi","33":"tag-slugnacionalie-brunotie-speki","34":"tag-slugvalsts-policija","35":"tag-titledrons","36":"tag-titlelimbazi","37":"tag-titlenacionalie-brunotie-speki","38":"tag-titlevalsts-policija","39":"tag-top-stories","40":"tag-topstories","41":"tag-zinas"},"share_on_mastodon":{"url":"","error":""},"_links":{"self":[{"href":"https:\/\/www.europesays.com\/lv\/wp-json\/wp\/v2\/posts\/14518","targetHints":{"allow":["GET"]}}],"collection":[{"href":"https:\/\/www.europesays.com\/lv\/wp-json\/wp\/v2\/posts"}],"about":[{"href":"https:\/\/www.europesays.com\/lv\/wp-json\/wp\/v2\/types\/post"}],"author":[{"embeddable":true,"href":"https:\/\/www.europesays.com\/lv\/wp-json\/wp\/v2\/users\/2"}],"replies":[{"embeddable":true,"href":"https:\/\/www.europesays.com\/lv\/wp-json\/wp\/v2\/comments?post=14518"}],"version-history":[{"count":0,"href":"https:\/\/www.europesays.com\/lv\/wp-json\/wp\/v2\/posts\/14518\/revisions"}],"wp:featuredmedia":[{"embeddable":true,"href":"https:\/\/www.europesays.com\/lv\/wp-json\/wp\/v2\/media\/14519"}],"wp:attachment":[{"href":"https:\/\/www.europesays.com\/lv\/wp-json\/wp\/v2\/media?parent=14518"}],"wp:term":[{"taxonomy":"category","embeddable":true,"href":"https:\/\/www.europesays.com\/lv\/wp-json\/wp\/v2\/categories?post=14518"},{"taxonomy":"post_tag","embeddable":true,"href":"https:\/\/www.europesays.com\/lv\/wp-json\/wp\/v2\/tags?post=14518"}],"curies":[{"name":"wp","href":"https:\/\/api.w.org\/{rel}","templated":true}]}}