{"id":145384,"date":"2026-03-04T12:22:11","date_gmt":"2026-03-04T12:22:11","guid":{"rendered":"https:\/\/www.europesays.com\/lv\/145384\/"},"modified":"2026-03-04T12:22:11","modified_gmt":"2026-03-04T12:22:11","slug":"ralfs-sumahers-tagad-mikam-duvis-uz-f1-ir-slegtas-f1lv-blogs","status":"publish","type":"post","link":"https:\/\/www.europesays.com\/lv\/145384\/","title":{"rendered":"Ralfs \u0160\u016bmahers: &#8220;Tagad Mikam duvis uz F1 ir sl\u0113gtas&#8221; : F1LV Blogs"},"content":{"rendered":"<p>Ralfs \u0160\u016bmahers ir n\u0101cis klaj\u0101 ar asu kritiku saist\u012bb\u0101 ar sava br\u0101\u013cad\u0113la Mika \u0160\u016bmahera p\u0101reju uz ASV b\u0101z\u0113to \u201cIndyCar\u201d seri\u0101lu, br\u012bdinot, ka \u0161\u0101ds solis ir pielicis punktu cer\u012bb\u0101m par atgrie\u0161anos F1 aprit\u0113.<\/p>\n<p>Miks \u0160\u016bmahers \u0161osezon aizvad\u012bs pilnu sezonu \u201cIndyCar\u201d \u010dempion\u0101t\u0101, start\u0113jot ar\u012b ov\u0101lu tras\u0113s, kas tradicion\u0101li tiek uzskat\u012btas par \u012bpa\u0161i b\u012bstam\u0101m. Ralfs ap\u0161auba \u0161\u012b l\u0113muma lietder\u012bbu, \u012bpa\u0161i izce\u013cot riskus, ko rada sac\u012bkstes ov\u0101los: \u201cNav j\u0101b\u016bt ra\u0137e\u0161u zin\u0101tniekam, lai saprastu, ka sac\u012bkstes ov\u0101l\u0101 ar vid\u0113jo \u0101trumu 360 km\/h ir b\u012bstam\u0101kas nek\u0101 parastas F1 sac\u012bkstes. T\u0101p\u0113c vienm\u0113r esmu teicis, ka nesaprotu \u0161\u0101du soli un neuzskatu to par nepiecie\u0161amu. Bet vi\u0146\u0161 pats ir pietiekami vecs, lai pie\u0146emtu l\u0113mumus.\u201d<\/p>\n<p>Kam\u0113r 26 gadus vecais Miks \u0160\u016bmahers \u201cIndyCar\u201d uztver k\u0101 iesp\u0113jamu soli virzien\u0101 atpaka\u013c uz F1, Ralfs ir skeptisks. \u201cDurvis vi\u0146am tagad ir sl\u0113gtas. \u0160is solis t\u0101s ir aizsl\u0113dzis. Lai gan t\u0101s bija sl\u0113gtas ar\u012b pirms tam, jo vi\u0146\u0161 ilgi bija prom un visu laiku par\u0101d\u0101s jauni talanti,\u201d sac\u012bja k\u0101dreiz\u0113jais autosportists. Ralfs uzsv\u0113ra F1 ne\u017e\u0113l\u012bgo vidi: \u201cTev ir j\u0101uzr\u0101da rezult\u0101ts nekav\u0113joties. Ar neuzvar\u0113\u0161anu nepietiek, jo \u201cFormula 1\u2033 ir paredz\u0113ta tikai pa\u0161iem lab\u0101kajiem pilotiem.\u201d Miks, kur\u0161 sv\u0113tdien jau aizvad\u012bja pirmo sezonas posmu, bet avar\u0113ja pirmaj\u0101 apl\u012b, atzinis, ka adapt\u0101cijai b\u016bs nepiecie\u0161ams laiks, sevi\u0161\u0137i ov\u0101los.<\/p>\n<p>Ralfs \u0160\u016bmahers sniedza ar\u012b dr\u016bmu v\u0113rt\u0113jumu V\u0101cijas autosportam kopum\u0101. Vi\u0146\u0161 apgalvo, ka tas ir \u201cizn\u012bcin\u0101jis pats sevi\u201d dabas aizsardz\u012bbas ierobe\u017eojumu un kartinga tra\u0161u sl\u0113g\u0161anas d\u0113\u013c. Vi\u0146\u0161 br\u012bdin\u0101ja, ka bez struktur\u0101l\u0101m izmai\u0146\u0101m V\u0101cijas jauno pilotu pl\u016bsma uz F1 var piln\u012bb\u0101 apst\u0101ties: \u201cParedzam\u0101 n\u0101kotn\u0113 mums neb\u016bs neviena F1 pilota, ja vien vi\u0146iem neb\u016bs pietiekami daudz naudas un iesp\u0113ju start\u0113t karting\u0101 It\u0101lij\u0101.\u201d<\/p>\n<p>\u0160obr\u012bd F1 \u010dempion\u0101t\u0101 no v\u0101cie\u0161iem palicis tikai veter\u0101ns Niko Hilkenbergs. Savuk\u0101rt F2 \u010dempion\u0101t\u0101 \u0161ogad V\u0101ciju p\u0101rst\u0101v\u0113s vien Olivers G\u0113te, kur\u0161 netiek uzskat\u012bts par \u0101rk\u0101rt\u012bgi lielu talantu un titula pretendentu. F3 \u010dempion\u0101t\u0101 \u0161osezon nestart\u0113s neviens v\u0101cietis.<\/p>\n<p><a href=\"https:\/\/www.patreon.com\/collection\/823319\" rel=\"nofollow noopener\" target=\"_blank\"><img loading=\"lazy\" decoding=\"async\" class=\"aligncenter size-full wp-image-74708\" src=\"https:\/\/www.europesays.com\/lv\/wp-content\/uploads\/2026\/03\/1772626931_823_Banner300x250px.jpg\" alt=\"\" width=\"300\" height=\"250\"\/><\/a><\/p>\n","protected":false},"excerpt":{"rendered":"Ralfs \u0160\u016bmahers ir n\u0101cis klaj\u0101 ar asu kritiku saist\u012bb\u0101 ar sava br\u0101\u013cad\u0113la Mika \u0160\u016bmahera p\u0101reju uz ASV b\u0101z\u0113to&hellip;\n","protected":false},"author":2,"featured_media":145385,"comment_status":"","ping_status":"","sticky":false,"template":"","format":"standard","meta":{"footnotes":"","_share_on_mastodon":"0"},"categories":[17],"tags":[35,39,38,36,37,34,40,30712,30996,67],"class_list":["post-145384","post","type-post","status-publish","format-standard","has-post-thumbnail","category-sports","tag-latvia","tag-latvian","tag-latviesu","tag-latviesu-valoda","tag-latviesuvaloda","tag-latvija","tag-lv","tag-miks-sumahers","tag-ralfs-sumahers","tag-sports"],"share_on_mastodon":{"url":"https:\/\/pubeurope.com\/@lv\/116170885904978126","error":""},"_links":{"self":[{"href":"https:\/\/www.europesays.com\/lv\/wp-json\/wp\/v2\/posts\/145384","targetHints":{"allow":["GET"]}}],"collection":[{"href":"https:\/\/www.europesays.com\/lv\/wp-json\/wp\/v2\/posts"}],"about":[{"href":"https:\/\/www.europesays.com\/lv\/wp-json\/wp\/v2\/types\/post"}],"author":[{"embeddable":true,"href":"https:\/\/www.europesays.com\/lv\/wp-json\/wp\/v2\/users\/2"}],"replies":[{"embeddable":true,"href":"https:\/\/www.europesays.com\/lv\/wp-json\/wp\/v2\/comments?post=145384"}],"version-history":[{"count":0,"href":"https:\/\/www.europesays.com\/lv\/wp-json\/wp\/v2\/posts\/145384\/revisions"}],"wp:featuredmedia":[{"embeddable":true,"href":"https:\/\/www.europesays.com\/lv\/wp-json\/wp\/v2\/media\/145385"}],"wp:attachment":[{"href":"https:\/\/www.europesays.com\/lv\/wp-json\/wp\/v2\/media?parent=145384"}],"wp:term":[{"taxonomy":"category","embeddable":true,"href":"https:\/\/www.europesays.com\/lv\/wp-json\/wp\/v2\/categories?post=145384"},{"taxonomy":"post_tag","embeddable":true,"href":"https:\/\/www.europesays.com\/lv\/wp-json\/wp\/v2\/tags?post=145384"}],"curies":[{"name":"wp","href":"https:\/\/api.w.org\/{rel}","templated":true}]}}