{"id":14562,"date":"2025-10-07T04:06:07","date_gmt":"2025-10-07T04:06:07","guid":{"rendered":"https:\/\/www.europesays.com\/lv\/14562\/"},"modified":"2025-10-07T04:06:07","modified_gmt":"2025-10-07T04:06:07","slug":"pecpusdiena-gaidama-lielakoties-saulaina-un-silta-tv3-lv","status":"publish","type":"post","link":"https:\/\/www.europesays.com\/lv\/14562\/","title":{"rendered":"P\u0113cpusdiena gaid\u0101ma liel\u0101koties saulaina un silta &#8211; tv3.lv"},"content":{"rendered":"<ol>\n<li><a href=\"https:\/\/news.google.com\/rss\/articles\/CBMiigFBVV95cUxQeklEREx4dmJWdHV3elBLTU5ycFl3cWxERFB3bVh0RWptVzNPOTh5RDQ4QTFLSGgyTERmZlU2VllEZjFfYWNjRUxxRXdMcXFSd0N4bjlNZThlRi1rNmFtQ3JNTUVQNDFzREtkemY3Y0VvVy1hSnVfclVyTDduTWljbTY1djRMcVBBbmc?oc=5\" target=\"_blank\" rel=\"nofollow noopener\">P\u0113cpusdiena gaid\u0101ma liel\u0101koties saulaina un silta<\/a>&nbsp;&nbsp;tv3.lv<\/li>\n<li><a href=\"https:\/\/news.google.com\/rss\/articles\/CBMiwAFBVV95cUxNbElvdUk1VHd6REZBb3VqQlFlRFlMMURLOHhqTFRrWWE1b1YxUVVwZUxaWm1STzllcS01RG11WEc0a2hRQXNyOUpsZVBXNk1kRUdnYVY4Vl9rdjR5S1VSZnlzZGpKWU1jUXVxaFpVS1hZdnRMcmZjQmFPY04zdS1nTGdVSkZ4aDU2TGhPZVN3ZDVGSHFES2VFNTNoRHF0cXlYQzhhODNYOU0zQ0JzZm5RS3V6REJudVFfcUVST2xtYV8?oc=5\" target=\"_blank\" rel=\"nofollow noopener\">Otrdien viet\u0101m Latvij\u0101 temperat\u016bra sasniegs 16 gr\u0101dus \/ Raksts<\/a>&nbsp;&nbsp;LSM<\/li>\n<li><a href=\"https:\/\/news.google.com\/rss\/articles\/CBMid0FVX3lxTE12eW5ueDRRNXlBQmFXY2RsSHpoQ2RmME1zZVZ6Nk5SdXI3ZmplWGpIa2JpTEFmZE1oUFMzTmlyR1kycGpQYUpvVWFTY3hHRnJoWW9UYzhkb1RjbWxTeDlUSUtxalZFR091Sjgxc2cteVA3bHVnWkJJ?oc=5\" target=\"_blank\" rel=\"nofollow noopener\">Nakt\u012b viet\u0101m Latvij\u0101 sabiez\u0113s migla<\/a>&nbsp;&nbsp;TVNET &#8211; Laika zi\u0146as<\/li>\n<li><a href=\"https:\/\/news.google.com\/rss\/articles\/CBMitwFBVV95cUxQako0VFhWeU02bXc0VDJvamQ5Zl91Zlkyd2lHZ2toeFdBUW5SZURaX2JSMDBEQWtWWnVKa0tZWXB6b0VzTEdLeUE2TnNVR1lWV2VpZFhvUzVqZTNZbmtYdVNxOUJ5b21tSFVJVzN2UmloZjRsMmV4U2pKZ3F1MV9EREItNzZ6TVBWQ0RSb3NFdk1DNUdlYUQ4eFg4V1o3bjE1NWNfbmx0VzVoQkRMaVdOcEdlR0V6aDDSAbsBQVVfeXFMTXhSN01TNDBHUDd5aWEwZVZZLU9xQlRCYUVKNnJ3dXZPbDdNdXh0cnlRVWZpWE1jbzMwc284VnlnUmVhcEtQZ3ZkSTZoSEk5SmJBeGVrTEY2RFpNc3ZxY3NRU09HcHFCQkxKVktMU050Y0xCTmh0OWh3N2N1ZjFTY1hGbjM2aEFfSkpxWmZsVk80b3g4OFoxMGpnNjF3VUg5M0ZzRW1Mb2hYc2JSQ3dXUDV5QTVRTzZKd0tKWQ?oc=5\" target=\"_blank\" rel=\"nofollow noopener\">Uz Latviju n\u0101k migla &#8211; sinopti\u0137i br\u012bdin\u0101ja par sliktu redzam\u012bbu<\/a>&nbsp;&nbsp;bb.lv<\/li>\n<li><a href=\"https:\/\/news.google.com\/rss\/articles\/CBMipAFBVV95cUxOcFhKUDB2WW5OU3N0ckFMdmxGaVhGRUZSQkxwM29XOU1yYWM2SGtuRGEyMHpmMG9LSUU2UWZZcXNBU3R1SDhlXzllWG5ocG5JX21VZFJVb0tFLWFIcjJpU0d5NUF4UHdLX2RJcWdrclVtQ1B2M21mQy1BMDdjSjBpaUJ4V3k4dlVDazVEQzdEcTZLWmJ1bU1PNm5IWmxyLWlMMGZVcg?oc=5\" target=\"_blank\" rel=\"nofollow noopener\">Septembra p\u0113d\u0113j\u0101 diena b\u016bs m\u0101ko\u0146aina un v\u0113sa<\/a>&nbsp;&nbsp;Delfi<\/li>\n<\/ol>\n","protected":false},"excerpt":{"rendered":"P\u0113cpusdiena gaid\u0101ma liel\u0101koties saulaina un silta&nbsp;&nbsp;tv3.lv Otrdien viet\u0101m Latvij\u0101 temperat\u016bra sasniegs 16 gr\u0101dus \/ Raksts&nbsp;&nbsp;LSM Nakt\u012b viet\u0101m Latvij\u0101&hellip;\n","protected":false},"author":2,"featured_media":14563,"comment_status":"","ping_status":"","sticky":false,"template":"","format":"standard","meta":{"footnotes":""},"categories":[5],"tags":[23,28,29,32,33,22,152,30,31,35,39,38,36,37,34,40,20,26,27,24,25,21],"class_list":{"0":"post-14562","1":"post","2":"type-post","3":"status-publish","4":"format-standard","5":"has-post-thumbnail","7":"category-aktualitates","8":"tag-aktualitates","9":"tag-breaking-news","10":"tag-breakingnews","11":"tag-featured-news","12":"tag-featurednews","13":"tag-headlines","14":"tag-laika-prognoze","15":"tag-latest-news","16":"tag-latestnews","17":"tag-latvia","18":"tag-latvian","19":"tag-latviesu","20":"tag-latviesu-valoda","21":"tag-latviesuvaloda","22":"tag-latvija","23":"tag-lv","24":"tag-news","25":"tag-popularakas-zinas","26":"tag-popularakaszinas","27":"tag-top-stories","28":"tag-topstories","29":"tag-zinas"},"share_on_mastodon":{"url":"","error":""},"_links":{"self":[{"href":"https:\/\/www.europesays.com\/lv\/wp-json\/wp\/v2\/posts\/14562","targetHints":{"allow":["GET"]}}],"collection":[{"href":"https:\/\/www.europesays.com\/lv\/wp-json\/wp\/v2\/posts"}],"about":[{"href":"https:\/\/www.europesays.com\/lv\/wp-json\/wp\/v2\/types\/post"}],"author":[{"embeddable":true,"href":"https:\/\/www.europesays.com\/lv\/wp-json\/wp\/v2\/users\/2"}],"replies":[{"embeddable":true,"href":"https:\/\/www.europesays.com\/lv\/wp-json\/wp\/v2\/comments?post=14562"}],"version-history":[{"count":0,"href":"https:\/\/www.europesays.com\/lv\/wp-json\/wp\/v2\/posts\/14562\/revisions"}],"wp:featuredmedia":[{"embeddable":true,"href":"https:\/\/www.europesays.com\/lv\/wp-json\/wp\/v2\/media\/14563"}],"wp:attachment":[{"href":"https:\/\/www.europesays.com\/lv\/wp-json\/wp\/v2\/media?parent=14562"}],"wp:term":[{"taxonomy":"category","embeddable":true,"href":"https:\/\/www.europesays.com\/lv\/wp-json\/wp\/v2\/categories?post=14562"},{"taxonomy":"post_tag","embeddable":true,"href":"https:\/\/www.europesays.com\/lv\/wp-json\/wp\/v2\/tags?post=14562"}],"curies":[{"name":"wp","href":"https:\/\/api.w.org\/{rel}","templated":true}]}}