{"id":14589,"date":"2025-10-07T04:47:10","date_gmt":"2025-10-07T04:47:10","guid":{"rendered":"https:\/\/www.europesays.com\/lv\/14589\/"},"modified":"2025-10-07T04:47:10","modified_gmt":"2025-10-07T04:47:10","slug":"otrdien-gaiss-latvija-vietam-iesils-lidz-pat-17-gradiem","status":"publish","type":"post","link":"https:\/\/www.europesays.com\/lv\/14589\/","title":{"rendered":"Otrdien gaiss Latvij\u0101 viet\u0101m iesils l\u012bdz pat +17 gr\u0101diem"},"content":{"rendered":"<p>Viet\u0101m iesp\u0113jams \u012bslaic\u012bgs lietus. Gaisa temperat\u016bra p\u0113cpusdien\u0101 paaugstin\u0101sies l\u012bdz +13..+17 gr\u0101diem.<\/p>\n<p>Saglab\u0101sies l\u0113ns v\u0113j\u0161, Kurzem\u0113 p\u016bt\u012bs l\u0113ns l\u012bdz m\u0113rens dienvidu, dienvidrietumu v\u0113j\u0161.<\/p>\n<p>R\u012bg\u0101 nav gaid\u0101mi nokri\u0161\u0146i un, uzsp\u012bdot saulei, gaiss iesils l\u012bdz +16 gr\u0101diem. P\u016bt\u012bs viegls dienvidu v\u0113j\u0161.<\/p>\n<p>Laikapst\u0101k\u013cus nosaka paaugstin\u0101ta spiediena apgabals. Atmosf\u0113ras spiediens 1019-1022 hektopask\u0101li j\u016bras l\u012bmen\u012b.<\/p>\n<p>Otrdienas r\u012bt\u0101 Latvij\u0101 ir m\u0101ko\u0146ains laiks, kas viet\u0101m skaidrojas, liecina meteorolo\u0123isk\u0101 inform\u0101cija.<\/p>\n<p>Daudzviet valst\u012b redzam\u012bbu pasliktina d\u016bmaka vai migla. Saska\u0146\u0101 ar Latvijas Vides, \u0123eolo\u0123ijas un meteorolo\u0123ijas centra (LV\u0122MC) datiem maz\u0101k\u0101 redzam\u012bba plkst.5 bija 350 metri Dobel\u0113 un 450 metri Dagd\u0101.<\/p>\n<p>Nav iev\u0113rojamu nokri\u0161\u0146u, ar\u012b v\u0113ja praktiski nav. Gaisa kvalit\u0101te laba.<\/p>\n<p>Gaisa temperat\u016bra plkst.5 atbilsto\u0161i LV\u0122MC inform\u0101cijai bija no +3,5 gr\u0101diem Rucav\u0101 l\u012bdz +10,4 gr\u0101diem Daugavgr\u012bv\u0101.<\/p>\n<p>R\u012bg\u0101 galvenok\u0101rt m\u0101ko\u0146ainas debesis, p\u016b\u0161 viegls dienvidaustrumu v\u0113j\u0161, viet\u0101m man\u0101mi miglas v\u0101li. Gaisa temperat\u016bra piecos r\u012bt\u0101 bija +8 gr\u0101di lidost\u0101 un +10 gr\u0101di pils\u0113tas centr\u0101.<\/p>\n<p>Maksim\u0101l\u0101 gaisa temperat\u016bra pirmdien LV\u0122MC nov\u0113rojumu t\u012bkl\u0101 bija no +11,0 gr\u0101diem Al\u016bksn\u0113 l\u012bdz +14,9 gr\u0101diem Liep\u0101j\u0101.<\/p>\n<p>Augst\u0101k\u0101 gaisa temperat\u016bra Eirop\u0101 6.oktobr\u012b bija +33..+34 gr\u0101di Portug\u0101l\u0113 un Sp\u0101nij\u0101. Zem\u0101k\u0101 gaisa temperat\u016bra nakt\u012b uz otrdienu -6 gr\u0101di augst\u0101kajos kalnos Centr\u0101leirop\u0101.<\/p>\n","protected":false},"excerpt":{"rendered":"Viet\u0101m iesp\u0113jams \u012bslaic\u012bgs lietus. Gaisa temperat\u016bra p\u0113cpusdien\u0101 paaugstin\u0101sies l\u012bdz +13..+17 gr\u0101diem. Saglab\u0101sies l\u0113ns v\u0113j\u0161, Kurzem\u0113 p\u016bt\u012bs l\u0113ns l\u012bdz&hellip;\n","protected":false},"author":2,"featured_media":14590,"comment_status":"","ping_status":"","sticky":false,"template":"","format":"standard","meta":{"footnotes":""},"categories":[12],"tags":[23,28,29,32,33,22,396,397,30,31,35,39,38,36,37,34,40,20,26,27,155,24,25,21],"class_list":{"0":"post-14589","1":"post","2":"type-post","3":"status-publish","4":"format-standard","5":"has-post-thumbnail","7":"category-latvija","8":"tag-aktualitates","9":"tag-breaking-news","10":"tag-breakingnews","11":"tag-featured-news","12":"tag-featurednews","13":"tag-headlines","14":"tag-laika-zinas","15":"tag-laikapstakli","16":"tag-latest-news","17":"tag-latestnews","18":"tag-latvia","19":"tag-latvian","20":"tag-latviesu","21":"tag-latviesu-valoda","22":"tag-latviesuvaloda","23":"tag-latvija","24":"tag-lv","25":"tag-news","26":"tag-popularakas-zinas","27":"tag-popularakaszinas","28":"tag-rudens","29":"tag-top-stories","30":"tag-topstories","31":"tag-zinas"},"share_on_mastodon":{"url":"","error":""},"_links":{"self":[{"href":"https:\/\/www.europesays.com\/lv\/wp-json\/wp\/v2\/posts\/14589","targetHints":{"allow":["GET"]}}],"collection":[{"href":"https:\/\/www.europesays.com\/lv\/wp-json\/wp\/v2\/posts"}],"about":[{"href":"https:\/\/www.europesays.com\/lv\/wp-json\/wp\/v2\/types\/post"}],"author":[{"embeddable":true,"href":"https:\/\/www.europesays.com\/lv\/wp-json\/wp\/v2\/users\/2"}],"replies":[{"embeddable":true,"href":"https:\/\/www.europesays.com\/lv\/wp-json\/wp\/v2\/comments?post=14589"}],"version-history":[{"count":0,"href":"https:\/\/www.europesays.com\/lv\/wp-json\/wp\/v2\/posts\/14589\/revisions"}],"wp:featuredmedia":[{"embeddable":true,"href":"https:\/\/www.europesays.com\/lv\/wp-json\/wp\/v2\/media\/14590"}],"wp:attachment":[{"href":"https:\/\/www.europesays.com\/lv\/wp-json\/wp\/v2\/media?parent=14589"}],"wp:term":[{"taxonomy":"category","embeddable":true,"href":"https:\/\/www.europesays.com\/lv\/wp-json\/wp\/v2\/categories?post=14589"},{"taxonomy":"post_tag","embeddable":true,"href":"https:\/\/www.europesays.com\/lv\/wp-json\/wp\/v2\/tags?post=14589"}],"curies":[{"name":"wp","href":"https:\/\/api.w.org\/{rel}","templated":true}]}}