{"id":14594,"date":"2025-10-07T04:56:07","date_gmt":"2025-10-07T04:56:07","guid":{"rendered":"https:\/\/www.europesays.com\/lv\/14594\/"},"modified":"2025-10-07T04:56:07","modified_gmt":"2025-10-07T04:56:07","slug":"parliecinosa-uzvara-par-frankfurtes-eintracht-lente-lv","status":"publish","type":"post","link":"https:\/\/www.europesays.com\/lv\/14594\/","title":{"rendered":"p\u0101rliecino\u0161a uzvara p\u0101r Frankfurtes &#8220;Eintracht&#8221;\u00a0\u2014\u00a0Lente.lv"},"content":{"rendered":"<p>Minhenes &#8220;Bayern&#8221; turpina spo\u017eo s\u0113riju ar p\u0101rliecino\u0161u uzvaru p\u0101r Frankfurtes &#8220;Eintracht&#8221;<\/p>\n<p>Minhenes &#8220;Bayern&#8221; ir demonstr\u0113jusi savu neapturamo sp\u0113ku V\u0101cijas Bundesl\u012bg\u0101, \u0161aj\u0101 sezon\u0101 turpinot savu iespaid\u012bgo uzvaru s\u0113riju. Komanda izc\u012bn\u012bja p\u0101rliecino\u0161u 3:0 uzvaru p\u0101r Frankfurtes &#8220;Eintracht&#8221;, apliecinot savu dominanci un nostiprinot pirmo vietu turn\u012bra tabul\u0101. \u0160\u012b uzvara ir k\u0101 spo\u017es akmens &#8220;Bayern&#8221; jau t\u0101 iespaid\u012bgaj\u0101 sezonas s\u0101kum\u0101, kas tiek raksturots k\u0101 perfekts.<\/p>\n<p>Sp\u0113les gaita un galvenie momenti<\/p>\n<p>Sp\u0113le, kas notika 2025. gada 4. oktobr\u012b, ies\u0101k\u0101s ar ziben\u012bgu &#8220;Bayern&#8221; uzbrukumu. Jau 15. sekund\u0113, p\u0113c pirm\u0101 s\u0101kumsitiena, komandas uzbruc\u0113js Luiss Diass atkl\u0101ja rezult\u0101tu, raidot bumbu v\u0101rtos p\u0113c Serge Gnabry piesp\u0113les. \u0160is \u0101trais v\u0101rtu guvums uzreiz rad\u012bja uzmundrino\u0161u atmosf\u0113ru &#8220;Bayern&#8221; rind\u0101s un lika &#8220;Eintracht&#8221; sp\u0113l\u0113t\u0101jiem censties atsp\u0113l\u0113ties.<\/p>\n<p>Neskatoties uz agr\u012bno p\u0101rsvaru, &#8220;Bayern&#8221; turpin\u0101ja uzbrukt, un 27. min\u016bt\u0113 Harijs Keins dubultoja p\u0101rsvaru p\u0113c elegantas sasp\u0113les. Keina v\u0101rtu guvums bija apliecin\u0101jums vi\u0146a izcilajai formai, jo vi\u0146\u0161 ir iesaist\u012bts vismaz vien\u0101 v\u0101rtu guvum\u0101 katr\u0101 no p\u0113d\u0113j\u0101m asto\u0146\u0101m Bundesl\u012bgas sp\u0113l\u0113m. Otraj\u0101 puslaik\u0101 &#8220;Eintracht&#8221; cent\u0101s p\u0101rsteigt &#8220;Bayern&#8221; aizsardz\u012bbu, ta\u010du tas nebija veiksm\u012bgi. V\u0101cijas \u010dempioni prata kontrol\u0113t sp\u0113les gaitu, un 84. min\u016bt\u0113 Luiss Diass ar saviem otriem v\u0101rtiem sp\u0113l\u0113 noform\u0113ja galarezult\u0101tu 3:0.<\/p>\n<p>Domin\u0113jo\u0161\u0101 forma un rekordi<\/p>\n<p>Minhenes &#8220;Bayern&#8221; demonstr\u0113 \u0101rk\u0101rt\u0113ju sp\u0113ku, izc\u012bnot savu desmito uzvaru desmit aizvad\u012btaj\u0101s sp\u0113l\u0113s \u0161aj\u0101 sezon\u0101 vis\u0101s sacens\u012bb\u0101s. \u0160\u0101ds pan\u0101kums ir bezprecedents piec\u0101s Eiropas vado\u0161aj\u0101s l\u012bg\u0101s. &#8220;Bayern&#8221; ne tikai saglab\u0101 savu piln\u012bgo sezonu, bet ar\u012b apliecina savu l\u012bderpoz\u012bciju Bundesl\u012bg\u0101, palielinot p\u0101rsvaru p\u0101r tuv\u0101kajiem sekot\u0101jiem. Vi\u0146u p\u0101rliecino\u0161\u0101 sp\u0113le tiek atspogu\u013cota ar\u012b statistikas datos, kur v\u0101rtu guvumu attiec\u012bba un kop\u0113j\u0101 statistika ir iespaid\u012bga.<\/p>\n<p>\u012apa\u0161i izce\u013cams ir Harijs Keins, kur\u0161 ar saviem v\u0101rtiem pret &#8220;Eintracht&#8221; k\u013cuva par pirmo sp\u0113l\u0113t\u0101ju Bundesl\u012bgas v\u0113stur\u0113, kur\u0161 guvis 11 v\u0101rtus pirmaj\u0101s se\u0161\u0101s sezonas sp\u0113l\u0113s. Vi\u0146a sniegums ir iev\u0113rojams un liecina par vi\u0146a k\u0101 pasaules klases uzbruc\u0113ja potenci\u0101lu. Luiss Diass ar\u012b ir bijis noz\u012bm\u012bgs komandas pan\u0101kumu kaldin\u0101t\u0101js, g\u016bstot divus v\u0101rtus \u0161aj\u0101 sp\u0113l\u0113 un demonstr\u0113jot lielisku sadarb\u012bbu ar Keinu.<\/p>\n<p>&#8220;Eintracht Frankfurt&#8221; sniegums un n\u0101kotnes perspekt\u012bvas<\/p>\n<p>Neskatoties uz zaud\u0113jumu pret sp\u0113c\u012bgo &#8220;Bayern&#8221;, &#8220;Eintracht Frankfurt&#8221; joproj\u0101m ie\u0146em godpilno tre\u0161o vietu Bundesl\u012bgas turn\u012bra tabul\u0101. Komanda ir demonstr\u0113jusi sp\u0113c\u012bgu sniegumu sezonas laik\u0101, un \u0161\u012b sp\u0113le pret \u010dempioniem ir bijusi nopietns p\u0101rbaud\u012bjums. Lai gan vi\u0146iem \u0161oreiz neizdev\u0101s g\u016bt v\u0101rtus, vi\u0146u sp\u0113le aizsardz\u012bb\u0101 un centieni uzbrukum\u0101 bija paman\u0101mi. Vi\u0146u sniegums liecina par sp\u0113c\u012bgu komandu, kas sp\u0113j konkur\u0113t augst\u0101kaj\u0101 l\u012bmen\u012b, un vi\u0146u m\u0113r\u0137is b\u016bs turpin\u0101t c\u012bn\u012bties par augst\u0101m viet\u0101m.<\/p>\n<p>Treneris Dino Toppmellers ir izteicies, ka &#8220;Bayern&#8221; pa\u0161reiz\u0113j\u0101 form\u0101 ir &#8220;patie\u0161\u0101m cita klase&#8221;. Tom\u0113r &#8220;Eintracht&#8221; turpin\u0101s str\u0101d\u0101t, lai uzlabotu savu sniegumu un sasniegtu nospraustos m\u0113r\u0137us. Vi\u0146u ce\u013c\u0161 uz pan\u0101kumiem ir gar\u0161 un izaicin\u0101jumiem bag\u0101ts, ta\u010du komandas sp\u0113l\u0113t\u0101ji un treneru \u0161t\u0101bs ir gatavi st\u0101ties pret\u012b jaun\u0101m c\u012b\u0146\u0101m.<\/p>\n<p>Bundesl\u012bgas kop\u0113j\u0101 aina un n\u0101kamie izaicin\u0101jumi<\/p>\n<p>Minhenes &#8220;Bayern&#8221; ir demonstr\u0113jusi savu gatav\u012bbu c\u012bn\u012bties par titulu ar\u012b \u0161aj\u0101 sezon\u0101, un vi\u0146u sp\u0113les kvalit\u0101te ir augst\u0101 l\u012bmen\u012b. P\u0113c \u0161\u012bs uzvaras, vi\u0146i ir nostiprin\u0101ju\u0161i savu p\u0101rsvaru p\u0101r sekot\u0101jiem, ta\u010du Bundesl\u012bga vienm\u0113r pied\u0101v\u0101 negaid\u012btus pav\u0113rsienus. Tuv\u0101kaj\u0101 laik\u0101 &#8220;Bayern&#8221; st\u0101sies pret\u012b Borusijas &#8220;Dortmund&#8221; sp\u0113l\u0113, kas sol\u0101s b\u016bt viens no sezonas aizraujo\u0161\u0101kajiem due\u013ciem. \u0160\u012b sp\u0113le dos iesp\u0113ju nov\u0113rt\u0113t, vai &#8220;Bayern&#8221; sp\u0113s saglab\u0101t savu perfektu s\u0113riju pret sp\u0113c\u012bgu pretinieku.<\/p>\n<p>Bundesl\u012bgas sezona turpin\u0101s, un visas komandas c\u012bn\u0101s par saviem m\u0113r\u0137iem \u2013 s\u0101kot no titula pretendenta l\u012bdz pat izdz\u012bvo\u0161anai l\u012bg\u0101. &#8220;Bayern&#8221; sniegums ir k\u0101 lati\u0146a, kuru cen\u0161as sasniegt p\u0101r\u0113j\u0101s komandas, un tas padara katru sp\u0113li arvien aizraujo\u0161\u0101ku.<\/p>\n","protected":false},"excerpt":{"rendered":"Minhenes &#8220;Bayern&#8221; turpina spo\u017eo s\u0113riju ar p\u0101rliecino\u0161u uzvaru p\u0101r Frankfurtes &#8220;Eintracht&#8221; Minhenes &#8220;Bayern&#8221; ir demonstr\u0113jusi savu neapturamo sp\u0113ku&hellip;\n","protected":false},"author":2,"featured_media":14595,"comment_status":"","ping_status":"","sticky":false,"template":"","format":"standard","meta":{"footnotes":""},"categories":[17],"tags":[5140,5139,2485,5141,35,39,38,36,37,34,40,1959,67],"class_list":{"0":"post-14594","1":"post","2":"type-post","3":"status-publish","4":"format-standard","5":"has-post-thumbnail","7":"category-sports","8":"tag-bundesliga","9":"tag-eintracht-frankfurt","10":"tag-futbola-rezultati","11":"tag-harry-kane","12":"tag-latvia","13":"tag-latvian","14":"tag-latviesu","15":"tag-latviesu-valoda","16":"tag-latviesuvaloda","17":"tag-latvija","18":"tag-lv","19":"tag-minhenes-bayern","20":"tag-sports"},"share_on_mastodon":{"url":"","error":""},"_links":{"self":[{"href":"https:\/\/www.europesays.com\/lv\/wp-json\/wp\/v2\/posts\/14594","targetHints":{"allow":["GET"]}}],"collection":[{"href":"https:\/\/www.europesays.com\/lv\/wp-json\/wp\/v2\/posts"}],"about":[{"href":"https:\/\/www.europesays.com\/lv\/wp-json\/wp\/v2\/types\/post"}],"author":[{"embeddable":true,"href":"https:\/\/www.europesays.com\/lv\/wp-json\/wp\/v2\/users\/2"}],"replies":[{"embeddable":true,"href":"https:\/\/www.europesays.com\/lv\/wp-json\/wp\/v2\/comments?post=14594"}],"version-history":[{"count":0,"href":"https:\/\/www.europesays.com\/lv\/wp-json\/wp\/v2\/posts\/14594\/revisions"}],"wp:featuredmedia":[{"embeddable":true,"href":"https:\/\/www.europesays.com\/lv\/wp-json\/wp\/v2\/media\/14595"}],"wp:attachment":[{"href":"https:\/\/www.europesays.com\/lv\/wp-json\/wp\/v2\/media?parent=14594"}],"wp:term":[{"taxonomy":"category","embeddable":true,"href":"https:\/\/www.europesays.com\/lv\/wp-json\/wp\/v2\/categories?post=14594"},{"taxonomy":"post_tag","embeddable":true,"href":"https:\/\/www.europesays.com\/lv\/wp-json\/wp\/v2\/tags?post=14594"}],"curies":[{"name":"wp","href":"https:\/\/api.w.org\/{rel}","templated":true}]}}