{"id":14613,"date":"2025-10-07T05:26:09","date_gmt":"2025-10-07T05:26:09","guid":{"rendered":"https:\/\/www.europesays.com\/lv\/14613\/"},"modified":"2025-10-07T05:26:09","modified_gmt":"2025-10-07T05:26:09","slug":"pieci-gadi-pie-ritenbrauksanas-stures-kurzemnieks-lv","status":"publish","type":"post","link":"https:\/\/www.europesays.com\/lv\/14613\/","title":{"rendered":"Pieci gadi pie rite\u0146brauk\u0161anas st\u016bres \u2013 Kurzemnieks.lv"},"content":{"rendered":"<p>Rite\u0146brauk\u0161ana Kuld\u012bg\u0101 neapst\u0101jas ne vasar\u0101, ne ruden\u012b \u2013 kad citi sportisti sezonai liek punktu, \u0161aj\u0101 sporta veid\u0101 v\u0113l rit p\u0113d\u0113j\u0101s sacens\u012bbas. Par gr\u016bt\u012bb\u0101m darb\u0101 ar jaunie\u0161iem, par kop\u0101 izc\u012bn\u012btajiem Latvijas \u010dempionu tituliem st\u0101sta biju\u0161ais rite\u0146brauc\u0113js VIESTURS LUK\u0160EVICS, kur\u0161 piecus gadus ir treneris Kuld\u012bgas novada sporta skol\u0101, tren\u0113jis ar\u012b U17 Latvijas izlasi un saka: \u201eDarbs devis aug\u013cus \u2013 esam sagatavoju\u0161i l\u012bderus un \u010dempionus.\u201d<\/p>\n<p><img loading=\"lazy\" decoding=\"async\" width=\"1024\" height=\"682\" data-id=\"22546\" src=\"https:\/\/www.europesays.com\/lv\/wp-content\/uploads\/2025\/10\/viesturs-2-1024x682.jpg\" alt=\"Viesturs 2\" class=\"wp-image-22546\"  \/>J\u0101pal\u012bdz ar invent\u0101ru.<\/p>\n<p><img loading=\"lazy\" decoding=\"async\" width=\"960\" height=\"720\" data-id=\"22547\" src=\"https:\/\/www.europesays.com\/lv\/wp-content\/uploads\/2025\/10\/viesturs-5.jpg\" alt=\"Viesturs 5\" class=\"wp-image-22547\"  \/>Ziem\u0101 rite\u0146brauc\u0113ji labpr\u0101t uzsp\u0113l\u0113 hokeju.<\/p>\n<p><img loading=\"lazy\" decoding=\"async\" width=\"710\" height=\"744\" data-id=\"22548\" src=\"https:\/\/www.europesays.com\/lv\/wp-content\/uploads\/2025\/10\/viesturs-4.jpg\" alt=\"Viesturs 4\" class=\"wp-image-22548\"  \/>Pirms vair\u0101kiem gadiem Viesturs savas sportista karjeras p\u0113d\u0113j\u0101s sacens\u012bb\u0101s pasaules \u010dempion\u0101t\u0101 It\u0101lij\u0101 kop\u0101 ar citiem Latvijas rite\u0146brauc\u0113jiem \u2013 kuld\u012bdznieku Kristu Neilandu un Tomu Skuji\u0146u.<\/p>\n<p><img loading=\"lazy\" decoding=\"async\" width=\"1024\" height=\"683\" data-id=\"22549\" src=\"https:\/\/www.europesays.com\/lv\/wp-content\/uploads\/2025\/10\/viesturs-3-1024x683.jpg\" alt=\"Viesturs 3\" class=\"wp-image-22549\"  \/>Viesturs sarun\u0101jas ar rite\u0146brauk\u0161anas entuziastu, savu draugu un k\u0101dreiz\u0113jo sportistu Normundu Beiku.<\/p>\n<p>Vai sezona beigusies?<\/p>\n<p>N\u0113, \u012bsti v\u0113l ne. \u0160osejas sacens\u012bbu sezona ir beigusies, bet tagad notiek velokross \u2013 Latvijas kausa izc\u012b\u0146a turpin\u0101s l\u012bdz oktobra beig\u0101m, un 1. novembr\u012b b\u016bs Latvijas \u010dempion\u0101ts. T\u0101tad dar\u0101m\u0101 v\u0113l daudz. Turkl\u0101t septembr\u012b sporta skol\u0101 s\u0101cies jauns iesaukums \u2013 n\u0101ku\u0161i kl\u0101t jauni audz\u0113k\u0146i, grupas pamain\u0101s, t\u0101p\u0113c darba netr\u016bkst.<\/p>\n<p>K\u0101 audz\u0113k\u0146us atrodat?<\/p>\n<p>Aicin\u0101m no 2014. l\u012bdz 2017. gadam dzimu\u0161os b\u0113rnus pievienoties rite\u0146brauk\u0161anai. Jo vair\u0101k jaunie\u0161u b\u016bs, jo lab\u0101k \u2013 vajag, lai \u0161is sporta veids aug.<\/p>\n<p>Daudzi var\u0113tu jaut\u0101t: ar ko \u0161osejas rite\u0146brauk\u0161ana at\u0161\u0137iras no velokrosa?<\/p>\n<p>\u0160oseja ir klasika \u2013 sacens\u012bbas notiek uz asfalta, gad\u0101s ar\u012b grant\u0113ti posmi, reiz\u0113m bru\u0123is. Ir grupas un individu\u0101lie braucieni. Velokross notiek me\u017ea tak\u0101s, kur ir \u0161\u0137\u0113r\u0161\u013ci, trep\u012btes, viet\u0101m ritenis j\u0101nes uz pleca. Tas \u013coti att\u012bsta brauk\u0161anas tehniku, kas jaunajiem brauc\u0113jiem ir \u013coti svar\u012bga.<\/p>\n<p>Kas audz\u0113k\u0146iem pat\u012bk vair\u0101k \u2013 braukt pa \u0161oseju vai kros\u0101?<\/p>\n<p>P\u0101rsvar\u0101 pa \u0161oseju, jo tas ir popul\u0101r\u0101k. Bet kross ir neat\u0146emama da\u013ca \u2013 tas dod fizisko b\u0101zi un tehnisk\u0101s iema\u0146as. Jaunie\u0161iem tas pat pal\u012bdz p\u0113c tam lab\u0101k justies \u0161osejas rite\u0146brauk\u0161an\u0101.<\/p>\n<p>K\u0101 aizrit\u0113jusi \u0161\u012b vasara?<\/p>\n<p>T\u0101 bija \u013coti laba. K\u0101 Latvijas izlases treneris str\u0101d\u0101ju ar U17 grupu. No Kuld\u012bgas novada sporta skolas izlas\u0113 bija divi sportisti: Edvards V\u0113vers un L\u016bkass Sit\u0146iks. Rezult\u0101ti izdev\u0101s lieliski: U17 grup\u0101 komandu v\u0113rt\u0113jum\u0101 ieguv\u0101m 1. vietu, U14 grup\u0101 \u2013 3. vietu. L\u016bkass Sit\u0146iks individu\u0101li un Edvards V\u0113vers grupas braucien\u0101 k\u013cuva par Latvijas U17 \u010dempioniem, bet M\u0101rti\u0146\u0161 Urb\u0101ns uzvar\u0113ja individu\u0101laj\u0101 braucien\u0101 U14 grup\u0101.<\/p>\n<p>Kas darb\u0101 visgr\u016bt\u0101kais?<\/p>\n<p>J\u0101savieno divi darbi \u2013 sporta skol\u0101 Kuld\u012bg\u0101 un Latvijas U17 izlas\u0113. Vasar\u0101 daudz biju izbraukumos: Be\u013c\u0123ij\u0101, Luksemburg\u0101, Ma\u0137edonij\u0101, Austrij\u0101. Da\u017ebr\u012bd gr\u016bti piesl\u0113gties ikdienas darbam Kuld\u012bg\u0101, bet kop\u0101 ar kol\u0113\u0123i Agri Kimboru (sporta skolas direktoru \u2013 red.) to paveic\u0101m.<\/p>\n<p>Kas sniedz liel\u0101ko gandar\u012bjumu?<\/p>\n<p>M\u016bsu pui\u0161u pan\u0101kumi \u2013 Latvijas \u010dempionu tituli. Bet tikpat svar\u012bga ir individu\u0101l\u0101 izaugsme. Pat tad, ja k\u0101ds v\u0113l nav \u010dempions, bet redzu vi\u0146\u0101 progresu, tas ir milz\u012bgs gandar\u012bjums.<\/p>\n<p>Cik meite\u0146u tren\u0113jas \u0161aj\u0101 sporta veid\u0101?<\/p>\n<p>Mums ir divas akt\u012bvas meitenes \u2013 Ieva Gaile un Viktorija \u013baudama no Liep\u0101jas, kas start\u0113 Kuld\u012bgas sporta skolas komand\u0101. Viktorija \u0161ogad k\u013cuva par Latvijas \u010dempioni kaln\u0101 brauk\u0161an\u0101 Siguld\u0101.<\/p>\n<p>Vai audz\u0113k\u0146i p\u0113c sporta skolas \u0161o virzienu turpina?<\/p>\n<p>Da\u013ca turpina. Gusts Lapi\u0146\u0161 brauc Francij\u0101 un start\u0113 ar\u012b U23 grup\u0101. Bet ne visiem tas izdodas \u2013 konkurence pasaul\u0113 ir milz\u012bga, un vajadz\u012bga liela griba.<\/p>\n<p>Cik ilgi esi treneris?<\/p>\n<p>2. novembr\u012b aprit\u0113s pieci gadi, kop\u0161 str\u0101d\u0101ju sporta skol\u0101.<\/p>\n<p>K\u0101 pirmo piecgadi tu v\u0113rt\u0113?<\/p>\n<p>Nav bijis viegli. Atceros, ka atn\u0101cu ar \u013coti liel\u0101m amb\u012bcij\u0101m \u2013 grib\u0113ju visu dar\u012bt k\u0101 It\u0101lijas jaunatnes komand\u0101s. Bet sapratu, ka Latvij\u0101 ir cita mentalit\u0101te un apst\u0101k\u013ci. Tom\u0113r rezult\u0101ti r\u0101da, ka darbs ir devis aug\u013cus.<\/p>\n<p>K\u0101di m\u0113r\u0137i izvirz\u012bti?<\/p>\n<p>Maz\u0101kajiem \u2013 lai acis deg un \u0161aj\u0101 sporta veid\u0101 notiek izaugsme. Jaunie\u0161iem \u2013 sagatavot l\u012bdz Latvijas izlases l\u012bmenim, lai vi\u0146iem b\u016btu iesp\u0113ja start\u0113t starptautiski. Junioru vecum\u0101 \u013coti svar\u012bgi ir tas, lai vi\u0146i jau tad tiek pie klubiem \u0101rzem\u0113s, kur savu progresu var turpin\u0101t. Man ir kontakti ar It\u0101lijas klubiem, bet tur tom\u0113r prasa, lai sportistam b\u016btu labs rezult\u0101ts.\n                            <\/p>\n","protected":false},"excerpt":{"rendered":"Rite\u0146brauk\u0161ana Kuld\u012bg\u0101 neapst\u0101jas ne vasar\u0101, ne ruden\u012b \u2013 kad citi sportisti sezonai liek punktu, \u0161aj\u0101 sporta veid\u0101 v\u0113l&hellip;\n","protected":false},"author":2,"featured_media":14614,"comment_status":"","ping_status":"","sticky":false,"template":"","format":"standard","meta":{"footnotes":""},"categories":[17],"tags":[5142,5143,5144,5145,35,39,38,36,37,34,5146,5147,40,5148,741,67,5149,5150,5151],"class_list":{"0":"post-14613","1":"post","2":"type-post","3":"status-publish","4":"format-standard","5":"has-post-thumbnail","7":"category-sports","8":"tag-jauniesu-sports","9":"tag-kuldigas-ritenbrauksana","10":"tag-kuldigas-sporta-skola","11":"tag-kurzemnieks","12":"tag-latvia","13":"tag-latvian","14":"tag-latviesu","15":"tag-latviesu-valoda","16":"tag-latviesuvaloda","17":"tag-latvija","18":"tag-latvijas-cempioni-ritenbrauksana","19":"tag-latvijas-ritenbrauksana","20":"tag-lv","21":"tag-ritenbrauksanas-treneris","22":"tag-sosejas-ritenbrauksana","23":"tag-sports","24":"tag-u17-latvijas-izlase","25":"tag-velokross","26":"tag-viesturs-luksevics"},"share_on_mastodon":{"url":"","error":""},"_links":{"self":[{"href":"https:\/\/www.europesays.com\/lv\/wp-json\/wp\/v2\/posts\/14613","targetHints":{"allow":["GET"]}}],"collection":[{"href":"https:\/\/www.europesays.com\/lv\/wp-json\/wp\/v2\/posts"}],"about":[{"href":"https:\/\/www.europesays.com\/lv\/wp-json\/wp\/v2\/types\/post"}],"author":[{"embeddable":true,"href":"https:\/\/www.europesays.com\/lv\/wp-json\/wp\/v2\/users\/2"}],"replies":[{"embeddable":true,"href":"https:\/\/www.europesays.com\/lv\/wp-json\/wp\/v2\/comments?post=14613"}],"version-history":[{"count":0,"href":"https:\/\/www.europesays.com\/lv\/wp-json\/wp\/v2\/posts\/14613\/revisions"}],"wp:featuredmedia":[{"embeddable":true,"href":"https:\/\/www.europesays.com\/lv\/wp-json\/wp\/v2\/media\/14614"}],"wp:attachment":[{"href":"https:\/\/www.europesays.com\/lv\/wp-json\/wp\/v2\/media?parent=14613"}],"wp:term":[{"taxonomy":"category","embeddable":true,"href":"https:\/\/www.europesays.com\/lv\/wp-json\/wp\/v2\/categories?post=14613"},{"taxonomy":"post_tag","embeddable":true,"href":"https:\/\/www.europesays.com\/lv\/wp-json\/wp\/v2\/tags?post=14613"}],"curies":[{"name":"wp","href":"https:\/\/api.w.org\/{rel}","templated":true}]}}